{"id":5259,"date":"2025-09-21T14:45:15","date_gmt":"2025-09-21T14:45:15","guid":{"rendered":"https:\/\/ledenonciateur224.com\/?p=5259"},"modified":"2025-09-21T14:45:15","modified_gmt":"2025-09-21T14:45:15","slug":"scrutin-referendaire-le-general-mamadi-doumbouya-accomplit-son-devoir-civique-a-boulbinet","status":"publish","type":"post","link":"https:\/\/ledenonciateur224.com\/index.php\/scrutin-referendaire-le-general-mamadi-doumbouya-accomplit-son-devoir-civique-a-boulbinet\/","title":{"rendered":"Scrutin r\u00e9f\u00e9rendaire : Le G\u00e9n\u00e9ral Mamadi Doumbouya accomplit son devoir civique \u00e0 Boulbinet"},"content":{"rendered":"<p>Le Pr\u00e9sident de la Transition, le G\u00e9n\u00e9ral Mamadi Doumbouya, a accompli son devoir civique ce dimanche dans le cadre du scrutin r\u00e9f\u00e9rendaire en cours sur l\u2019ensemble du territoire national. C\u2019est au centre de sant\u00e9 de Boulbinet, un quartier embl\u00e9matique de la commune de Kaloum, abritant notamment le Palais pr\u00e9sidentiel Mohamed V, qu\u2019il s\u2019est rendu pour voter.<\/p>\n<p>Accompagn\u00e9 de son \u00e9pouse, Mme Laurianne Doumbouya, ainsi que de plusieurs hauts cadres civils et militaires de la transition, le chef de l\u2019\u00c9tat a gliss\u00e9 son bulletin dans l\u2019urne sous une forte pr\u00e9sence s\u00e9curitaire et m\u00e9diatique. Ce geste symbolique r\u00e9affirme l\u2019engagement des autorit\u00e9s de la transition \u00e0 promouvoir un processus \u00e9lectoral inclusif, transparent et apais\u00e9.<\/p>\n<p>&nbsp;<\/p>\n<p>AMC<\/p>\n","protected":false},"excerpt":{"rendered":"<p>Le Pr\u00e9sident de la Transition, le G\u00e9n\u00e9ral Mamadi Doumbouya, a accompli son devoir civique ce dimanche dans le cadre du scrutin r\u00e9f\u00e9rendaire en cours sur l\u2019ensemble du territoire national. C\u2019est au centre de sant\u00e9 de Boulbinet, un quartier embl\u00e9matique de la commune de Kaloum, abritant notamment le Palais pr\u00e9sidentiel Mohamed V, qu\u2019il s\u2019est rendu pour [&hellip;]<\/p>\n","protected":false},"author":2,"featured_media":5260,"comment_status":"closed","ping_status":"closed","sticky":false,"template":"","format":"standard","meta":{"_jetpack_memberships_contains_paid_content":false,"footnotes":"","jetpack_publicize_message":"","jetpack_publicize_feature_enabled":true,"jetpack_social_post_already_shared":true,"jetpack_social_options":{"image_generator_settings":{"template":"highway","default_image_id":0,"font":"","enabled":false},"version":2}},"categories":[24,27],"tags":[737,458,1110],"class_list":{"0":"post-5259","1":"post","2":"type-post","3":"status-publish","4":"format-standard","5":"has-post-thumbnail","7":"category-news","8":"category-politique","9":"tag-general-mamadi-doumbouya-doumbouya","10":"tag-president","11":"tag-scrutin"},"jetpack_publicize_connections":[],"jetpack_featured_media_url":"https:\/\/ledenonciateur224.com\/wp-content\/uploads\/2025\/09\/20250921-134715-696x392-1.jpg","jetpack_sharing_enabled":true,"_links":{"self":[{"href":"https:\/\/ledenonciateur224.com\/index.php\/wp-json\/wp\/v2\/posts\/5259","targetHints":{"allow":["GET"]}}],"collection":[{"href":"https:\/\/ledenonciateur224.com\/index.php\/wp-json\/wp\/v2\/posts"}],"about":[{"href":"https:\/\/ledenonciateur224.com\/index.php\/wp-json\/wp\/v2\/types\/post"}],"author":[{"embeddable":true,"href":"https:\/\/ledenonciateur224.com\/index.php\/wp-json\/wp\/v2\/users\/2"}],"replies":[{"embeddable":true,"href":"https:\/\/ledenonciateur224.com\/index.php\/wp-json\/wp\/v2\/comments?post=5259"}],"version-history":[{"count":0,"href":"https:\/\/ledenonciateur224.com\/index.php\/wp-json\/wp\/v2\/posts\/5259\/revisions"}],"wp:featuredmedia":[{"embeddable":true,"href":"https:\/\/ledenonciateur224.com\/index.php\/wp-json\/wp\/v2\/media\/5260"}],"wp:attachment":[{"href":"https:\/\/ledenonciateur224.com\/index.php\/wp-json\/wp\/v2\/media?parent=5259"}],"wp:term":[{"taxonomy":"category","embeddable":true,"href":"https:\/\/ledenonciateur224.com\/index.php\/wp-json\/wp\/v2\/categories?post=5259"},{"taxonomy":"post_tag","embeddable":true,"href":"https:\/\/ledenonciateur224.com\/index.php\/wp-json\/wp\/v2\/tags?post=5259"}],"curies":[{"name":"wp","href":"https:\/\/api.w.org\/{rel}","templated":true}]}}