{"id":5279,"date":"2025-09-24T13:57:04","date_gmt":"2025-09-24T13:57:04","guid":{"rendered":"https:\/\/ledenonciateur224.com\/?p=5279"},"modified":"2025-09-24T13:57:04","modified_gmt":"2025-09-24T13:57:04","slug":"referendum-du-21-septembre-le-oui-triomphe-le-premier-ministre-celebre-une-victoire-de-la-democratie-guineenne","status":"publish","type":"post","link":"https:\/\/ledenonciateur224.com\/index.php\/referendum-du-21-septembre-le-oui-triomphe-le-premier-ministre-celebre-une-victoire-de-la-democratie-guineenne\/","title":{"rendered":"R\u00e9f\u00e9rendum du 21 septembre : Le \u00ab\u00a0OUI\u00a0\u00bb triomphe, le Premier ministre c\u00e9l\u00e8bre \u00ab\u00a0une victoire de la d\u00e9mocratie guin\u00e9enne\u00a0\u00bb"},"content":{"rendered":"<p>Un jour apr\u00e8s l\u2019annonce des r\u00e9sultats provisoires du r\u00e9f\u00e9rendum constitutionnel du 21 septembre, le Premier ministre Amadou Oury Bah s\u2019est exprim\u00e9 solennellement depuis la Primature ce mercredi. Il a salu\u00e9 \u00ab\u00a0une \u00e9tape importante pour le retour \u00e0 l&rsquo;ordre constitutionnel\u00a0\u00bb, marqu\u00e9e par une large victoire du <strong>OUI<\/strong>, qui l\u2019emporte avec\u00a0<strong>89,38 % des suffrages exprim\u00e9s<\/strong>\u00a0et un taux de participation exceptionnel de\u00a0<strong>86,42 %<\/strong>.<\/p>\n<p><strong>\u00ab\u00a0C&rsquo;est une belle illustration du renouveau de notre vie\u00a0\u00bb<\/strong>, a d\u00e9clar\u00e9 le Premier ministre, soulignant le caract\u00e8re historique de ce scrutin.<\/p>\n<p>Le chef du gouvernement n\u2019a pas cach\u00e9 sa satisfaction face \u00e0 une mobilisation qu\u2019il qualifie de\u00a0<strong>\u00ab\u00a0particuli\u00e8rement significative\u00a0\u00bb<\/strong>, conf\u00e9rant\u00a0<strong>\u00ab\u00a0une r\u00e9elle l\u00e9gitimit\u00e9 \u00e0 la Constitution ainsi adopt\u00e9e\u00a0\u00bb<\/strong>. Pour lui, ce r\u00e9f\u00e9rendum d\u00e9passe une simple consultation populaire :<\/p>\n<p><strong>\u00ab\u00a0Cette signification est encore profonde du fait que \u00e7a illustre la r\u00e9conciliation de l&rsquo;\u00c9tat et de la soci\u00e9t\u00e9 civile fondamentale.\u00a0\u00bb<\/strong><\/p>\n<p>Le Premier ministre a \u00e9galement mis en avant l&rsquo;<strong>absence totale d&rsquo;incidents<\/strong>, un fait rare dans le contexte politique guin\u00e9en, et qui, selon lui,\u00a0<strong>\u00ab\u00a0repr\u00e9sente une victoire civique\u00a0\u00bb<\/strong>\u00a0face \u00e0 une histoire marqu\u00e9e par des tensions.<\/p>\n<p>Le gouvernement attribue ce succ\u00e8s \u00e0 une\u00a0<strong>pr\u00e9paration rigoureuse<\/strong>\u00a0et \u00e0 l&rsquo;implication de multiples acteurs : un\u00a0<strong>recensement national d&rsquo;envergure<\/strong>, une\u00a0<strong>liste \u00e9lectorale cr\u00e9dible<\/strong>, une\u00a0<strong>Direction G\u00e9n\u00e9rale des \u00c9lections efficace<\/strong>, et la\u00a0<strong>pr\u00e9sence d&rsquo;observateurs impartiaux<\/strong>\u00a0\u2013 nationaux et internationaux \u2013 qui ont\u00a0<strong>\u00ab\u00a0cr\u00e9dibilis\u00e9 le processus\u00a0\u00bb<\/strong>.<\/p>\n<p><strong>\u00ab\u00a0Le scrutin s\u2019est d\u00e9roul\u00e9 dans la transparence et le respect mutuel.\u00a0\u00bb<\/strong><\/p>\n<h3><\/h3>\n<p>Dans un discours empreint d\u2019ouverture, le Premier ministre a tenu \u00e0 adresser un message rassembleur :<\/p>\n<p><strong>\u00ab\u00a0Le oui n&rsquo;est pas la victoire d&rsquo;un camp contre un autre, mais celle de la Guin\u00e9e tout enti\u00e8re.\u00a0\u00bb<\/strong><\/p>\n<p>Et aux partisans du NON :\u00a0<strong>\u00ab\u00a0Votre voix compte \u00e9galement.\u00a0\u00bb<\/strong><\/p>\n<p>Il a \u00e9galement salu\u00e9 la\u00a0<strong>mobilisation exemplaire<\/strong>\u00a0des Guin\u00e9ens, aussi bien \u00e0 l\u2019int\u00e9rieur du pays qu\u2019au sein de la diaspora, ainsi que l\u2019implication de\u00a0<strong>tous les corps sociaux<\/strong>\u00a0: partis politiques, syndicats, jeunes, femmes, sages, forces de d\u00e9fense et de s\u00e9curit\u00e9, m\u00e9dias, agents de sant\u00e9, et autres.<\/p>\n<p>Cette adoption constitutionnelle marque le point de d\u00e9part d&rsquo;une nouvelle s\u00e9quence politique en Guin\u00e9e. Le Premier ministre a annonc\u00e9 les prochaines \u00e9tapes du processus :<\/p>\n<p><strong>\u00ab\u00a0Il ouvre la voie aux prochaines \u00e9tapes du processus du retour \u00e0 l&rsquo;ordre constitutionnel, \u00e0 savoir la pr\u00e9sidentielle, les l\u00e9gislatives et les communales, sans oublier les r\u00e9gionales et les s\u00e9natoriales.\u00a0\u00bb<\/strong><\/p>\n<p>Le gouvernement s&rsquo;engage \u00e0 maintenir le\u00a0<strong>dialogue et la r\u00e9conciliation<\/strong>\u00a0au c\u0153ur de son action et \u00e0 construire un \u00c9tat moderne bas\u00e9 sur la\u00a0<strong>diversit\u00e9 \u00e9conomique<\/strong>\u00a0et la\u00a0<strong>valorisation du potentiel humain<\/strong>.<\/p>\n<h3><\/h3>\n<p>Le chef du gouvernement a r\u00e9affirm\u00e9 l\u2019engagement du CNRD et du pr\u00e9sident de la R\u00e9publique, Mamadi Doumbouya, \u00e0 poursuivre les r\u00e9formes en profondeur :<\/p>\n<p><strong>\u00ab\u00a0L&rsquo;\u00c9tat, tel que nous l&rsquo;envisageons, doit disposer de contre-pouvoirs efficaces, indispensables pour la construction d&rsquo;une d\u00e9mocratie indestin\u00e9e.\u00a0\u00bb<\/strong><\/p>\n<p>\u00c0 travers son programme\u00a0<strong>Simandou 2040<\/strong>, le gouvernement projette une\u00a0<strong>vision strat\u00e9gique de d\u00e9veloppement<\/strong>, port\u00e9e par les valeurs de souverainet\u00e9, de paix, et de d\u00e9mocratie.<\/p>\n<h3><\/h3>\n<p>Ce r\u00e9f\u00e9rendum s\u2019inscrit dans un contexte symbolique fort, celui de la\u00a0<strong>Semaine nationale de la souverainet\u00e9<\/strong>, co\u00efncidant avec le\u00a0<strong>67e anniversaire de l\u2019ind\u00e9pendance guin\u00e9enne<\/strong>, sous le th\u00e8me :<\/p>\n<p><strong>\u00ab\u00a0S\u2019inspirer du pass\u00e9 pour construire le futur ensemble.\u00a0\u00bb<\/strong><\/p>\n<p>Pour conclure, Amadou Oury Bah a lanc\u00e9 un message d\u2019espoir :<\/p>\n<p><strong>\u00ab\u00a0Le 21 septembre 2025, le peuple souverain de Guin\u00e9e a trac\u00e9 un chemin vers un avenir r\u00e9publicain et d\u00e9mocratique. C\u2019est le d\u00e9but d\u2019un nouveau cycle politique que nous souhaitons vertueux.\u00a0\u00bb<\/strong><\/p>\n<p>&nbsp;<\/p>\n<p><strong>Aboubacar Moussa Camara<\/strong><\/p>\n<p><strong>\u00a0622 42 41 87\u00a0<\/strong><\/p>\n","protected":false},"excerpt":{"rendered":"<p>Un jour apr\u00e8s l\u2019annonce des r\u00e9sultats provisoires du r\u00e9f\u00e9rendum constitutionnel du 21 septembre, le Premier ministre Amadou Oury Bah s\u2019est exprim\u00e9 solennellement depuis la Primature ce mercredi. Il a salu\u00e9 \u00ab\u00a0une \u00e9tape importante pour le retour \u00e0 l&rsquo;ordre constitutionnel\u00a0\u00bb, marqu\u00e9e par une large victoire du OUI, qui l\u2019emporte avec\u00a089,38 % des suffrages exprim\u00e9s\u00a0et un taux [&hellip;]<\/p>\n","protected":false},"author":2,"featured_media":5280,"comment_status":"closed","ping_status":"closed","sticky":false,"template":"","format":"standard","meta":{"_jetpack_memberships_contains_paid_content":false,"footnotes":"","jetpack_publicize_message":"","jetpack_publicize_feature_enabled":true,"jetpack_social_post_already_shared":true,"jetpack_social_options":{"image_generator_settings":{"template":"highway","default_image_id":0,"font":"","enabled":false},"version":2}},"categories":[24,27],"tags":[1180,586,1172,434],"class_list":{"0":"post-5279","1":"post","2":"type-post","3":"status-publish","4":"format-standard","5":"has-post-thumbnail","7":"category-news","8":"category-politique","9":"tag-primature","10":"tag-referendum","11":"tag-referendum-constitutionnel","12":"tag-premier-ministre"},"jetpack_publicize_connections":[],"jetpack_featured_media_url":"https:\/\/ledenonciateur224.com\/wp-content\/uploads\/2025\/09\/img-20250924-wa0164.jpg","jetpack_sharing_enabled":true,"_links":{"self":[{"href":"https:\/\/ledenonciateur224.com\/index.php\/wp-json\/wp\/v2\/posts\/5279","targetHints":{"allow":["GET"]}}],"collection":[{"href":"https:\/\/ledenonciateur224.com\/index.php\/wp-json\/wp\/v2\/posts"}],"about":[{"href":"https:\/\/ledenonciateur224.com\/index.php\/wp-json\/wp\/v2\/types\/post"}],"author":[{"embeddable":true,"href":"https:\/\/ledenonciateur224.com\/index.php\/wp-json\/wp\/v2\/users\/2"}],"replies":[{"embeddable":true,"href":"https:\/\/ledenonciateur224.com\/index.php\/wp-json\/wp\/v2\/comments?post=5279"}],"version-history":[{"count":0,"href":"https:\/\/ledenonciateur224.com\/index.php\/wp-json\/wp\/v2\/posts\/5279\/revisions"}],"wp:featuredmedia":[{"embeddable":true,"href":"https:\/\/ledenonciateur224.com\/index.php\/wp-json\/wp\/v2\/media\/5280"}],"wp:attachment":[{"href":"https:\/\/ledenonciateur224.com\/index.php\/wp-json\/wp\/v2\/media?parent=5279"}],"wp:term":[{"taxonomy":"category","embeddable":true,"href":"https:\/\/ledenonciateur224.com\/index.php\/wp-json\/wp\/v2\/categories?post=5279"},{"taxonomy":"post_tag","embeddable":true,"href":"https:\/\/ledenonciateur224.com\/index.php\/wp-json\/wp\/v2\/tags?post=5279"}],"curies":[{"name":"wp","href":"https:\/\/api.w.org\/{rel}","templated":true}]}}