{"id":5285,"date":"2025-09-24T19:08:12","date_gmt":"2025-09-24T19:08:12","guid":{"rendered":"https:\/\/ledenonciateur224.com\/?p=5285"},"modified":"2025-09-24T19:08:12","modified_gmt":"2025-09-24T19:08:12","slug":"demission-du-gouvernement-apres-ladoption-de-la-constitution-bah-oury-leve-lequivoque","status":"publish","type":"post","link":"https:\/\/ledenonciateur224.com\/index.php\/demission-du-gouvernement-apres-ladoption-de-la-constitution-bah-oury-leve-lequivoque\/","title":{"rendered":"D\u00e9mission du gouvernement apr\u00e8s l&rsquo;adoption de la constitution : Bah Oury l\u00e8ve l\u2019\u00e9quivoque"},"content":{"rendered":"<h3><\/h3>\n<p>Le d\u00e9bat sur la d\u00e9mission du gouvernement apr\u00e8s l&rsquo;adoption de la nouvelle Constitution a largement envahi les discussions sur les r\u00e9seaux sociaux. Les opinions divergent. Pour certains citoyens, cette d\u00e9mission serait in\u00e9vitable, conform\u00e9ment \u00e0 une disposition suppos\u00e9e figurer dans la nouvelle loi fondamentale. D\u2019autres, en revanche, estiment que cette d\u00e9mission ne pourrait intervenir que dans le cadre d\u2019une modification constitutionnelle sp\u00e9cifique.<\/p>\n<p>Dans ce contexte, le Premier ministre, Amadou Oury, a profit\u00e9 de son point de presse \u00e0 Conakry, ce mercredi, pour clarifier une fois pour toutes cette question et lever l\u2019ambigu\u00eft\u00e9 qui persistait dans l\u2019opinion publique.<\/p>\n<p>\u00ab Vous savez, \u00e0 partir du moment o\u00f9 on adopte la Constitution, il faut se conformer aux principes \u00e9dict\u00e9s par cette Constitution, qui devra \u00eatre promulgu\u00e9e le plus rapidement possible apr\u00e8s un passage de 72 heures au niveau de la Cour supr\u00eame. Et dans aucun article de cette pr\u00e9sente Constitution, il n\u2019est dit que le gouvernement doit d\u00e9missionner. Ce n\u2019est pas une modification constitutionnelle. C\u2019est un r\u00e9f\u00e9rendum constitutionnel pour l\u2019adoption d\u2019une nouvelle Constitution pour la R\u00e9publique de Guin\u00e9e \u00bb, a-t-il d\u00e9clar\u00e9.<\/p>\n<p>Le Premier ministre a ainsi mis fin \u00e0 la confusion entourant cette question, soulignant qu\u2019aucune clause dans la Constitution ne stipule une d\u00e9mission automatique du gouvernement suite \u00e0 son adoption. Cette clarification a pour but de rassurer ceux qui pourraient craindre un chamboulement imm\u00e9diat et inopin\u00e9 de l\u2019\u00e9quipe gouvernementale.<\/p>\n<h3>La recherche de stabilit\u00e9 au c\u0153ur des priorit\u00e9s<\/h3>\n<p>Amadou Oury a \u00e9galement abord\u00e9 la question de la stabilit\u00e9 politique, qu\u2019il juge essentielle pour le d\u00e9veloppement du pays. Bien qu&rsquo;il soit conscient que certains souhaitent un changement constant des structures de pouvoir, le Premier ministre a insist\u00e9 sur la n\u00e9cessit\u00e9 de maintenir une stabilit\u00e9 politique et institutionnelle.<\/p>\n<p>\u00ab Nous recherchons la stabilit\u00e9. Cette stabilit\u00e9 doit \u00eatre adoss\u00e9e par le respect scrupuleux des r\u00e8gles d\u00e9mocratiques, des r\u00e8gles constitutionnelles et dans une vision tr\u00e8s ouverte et constructive du pr\u00e9sent et du futur \u00bb, a-t-il soulign\u00e9.<\/p>\n<p>Pour lui, il est primordial de revoir certains paradigmes qui, \u00e0 ses yeux, privil\u00e9gient un changement perp\u00e9tuel des gouvernements, afin de se concentrer sur la stabilit\u00e9, un principe fondamental pour le bon fonctionnement de l\u2019\u00c9tat. Il a ajout\u00e9 que cette stabilit\u00e9 devrait \u00e9galement s\u2019accompagner d\u2019un respect rigoureux des principes d\u00e9mocratiques et constitutionnels, tout en ouvrant la voie \u00e0 une r\u00e9flexion sur le pr\u00e9sent et l\u2019avenir du pays.<\/p>\n<p>Le Premier ministre a aussi pr\u00e9cis\u00e9 que bien que des changements puissent survenir dans le futur, ceux-ci se feront de mani\u00e8re r\u00e9fl\u00e9chie et en fonction du pouvoir discr\u00e9tionnaire du pr\u00e9sident de la R\u00e9publique.<\/p>\n<p>\u00ab Je ne dis pas qu\u2019il n\u2019y aura pas \u00e0 un moment donn\u00e9 de changements. C\u2019est tout \u00e0 fait n\u00e9cessaire, mais ce sera lorsque le moment sera venu et en fonction du pouvoir discr\u00e9tionnaire du pr\u00e9sident de la R\u00e9publique \u00bb, a-t-il conclu.<\/p>\n<h3>Une question de gouvernance responsable<\/h3>\n<p>Au-del\u00e0 des d\u00e9bats juridiques et constitutionnels, cette intervention du Premier ministre remet au centre de la r\u00e9flexion la notion de gouvernance responsable. Alors que certains plaident pour une rotation rapide des pouvoirs, le Premier ministre insiste sur la primaut\u00e9 de la coh\u00e9rence et de la stabilit\u00e9 dans la gestion des affaires publiques. Une position qui, bien que critiqu\u00e9e par certains, cherche \u00e0 poser les bases d\u2019une gouvernance durable et de long terme pour la R\u00e9publique de Guin\u00e9e.<\/p>\n<p>Dans tous les cas, cette clarification marque un tournant dans le d\u00e9bat public et semble apaiser les tensions autour de la question de la d\u00e9mission du gouvernement post-adoption de la nouvelle Constitution. Le Premier ministre semble avoir jet\u00e9 un pont entre les exigences constitutionnelles et les attentes de la population, tout en soulignant que la stabilit\u00e9 politique est un facteur crucial pour le d\u00e9veloppement et la prosp\u00e9rit\u00e9 du pays.<\/p>\n<p>&nbsp;<\/p>\n<p>AMC<\/p>\n","protected":false},"excerpt":{"rendered":"<p>Le d\u00e9bat sur la d\u00e9mission du gouvernement apr\u00e8s l&rsquo;adoption de la nouvelle Constitution a largement envahi les discussions sur les r\u00e9seaux sociaux. Les opinions divergent. Pour certains citoyens, cette d\u00e9mission serait in\u00e9vitable, conform\u00e9ment \u00e0 une disposition suppos\u00e9e figurer dans la nouvelle loi fondamentale. D\u2019autres, en revanche, estiment que cette d\u00e9mission ne pourrait intervenir que dans [&hellip;]<\/p>\n","protected":false},"author":2,"featured_media":1130,"comment_status":"closed","ping_status":"closed","sticky":false,"template":"","format":"standard","meta":{"_jetpack_memberships_contains_paid_content":false,"footnotes":"","jetpack_publicize_message":"","jetpack_publicize_feature_enabled":true,"jetpack_social_post_already_shared":true,"jetpack_social_options":{"image_generator_settings":{"template":"highway","default_image_id":0,"font":"","enabled":false},"version":2}},"categories":[24,27],"tags":[626],"class_list":{"0":"post-5285","1":"post","2":"type-post","3":"status-publish","4":"format-standard","5":"has-post-thumbnail","7":"category-news","8":"category-politique","9":"tag-nouvelle-constitution"},"jetpack_publicize_connections":[],"jetpack_featured_media_url":"https:\/\/ledenonciateur224.com\/wp-content\/uploads\/2025\/01\/bah-oury-okn.jpeg","jetpack_sharing_enabled":true,"_links":{"self":[{"href":"https:\/\/ledenonciateur224.com\/index.php\/wp-json\/wp\/v2\/posts\/5285","targetHints":{"allow":["GET"]}}],"collection":[{"href":"https:\/\/ledenonciateur224.com\/index.php\/wp-json\/wp\/v2\/posts"}],"about":[{"href":"https:\/\/ledenonciateur224.com\/index.php\/wp-json\/wp\/v2\/types\/post"}],"author":[{"embeddable":true,"href":"https:\/\/ledenonciateur224.com\/index.php\/wp-json\/wp\/v2\/users\/2"}],"replies":[{"embeddable":true,"href":"https:\/\/ledenonciateur224.com\/index.php\/wp-json\/wp\/v2\/comments?post=5285"}],"version-history":[{"count":0,"href":"https:\/\/ledenonciateur224.com\/index.php\/wp-json\/wp\/v2\/posts\/5285\/revisions"}],"wp:featuredmedia":[{"embeddable":true,"href":"https:\/\/ledenonciateur224.com\/index.php\/wp-json\/wp\/v2\/media\/1130"}],"wp:attachment":[{"href":"https:\/\/ledenonciateur224.com\/index.php\/wp-json\/wp\/v2\/media?parent=5285"}],"wp:term":[{"taxonomy":"category","embeddable":true,"href":"https:\/\/ledenonciateur224.com\/index.php\/wp-json\/wp\/v2\/categories?post=5285"},{"taxonomy":"post_tag","embeddable":true,"href":"https:\/\/ledenonciateur224.com\/index.php\/wp-json\/wp\/v2\/tags?post=5285"}],"curies":[{"name":"wp","href":"https:\/\/api.w.org\/{rel}","templated":true}]}}