{"id":5291,"date":"2025-09-25T18:29:33","date_gmt":"2025-09-25T18:29:33","guid":{"rendered":"https:\/\/ledenonciateur224.com\/?p=5291"},"modified":"2025-09-25T18:31:23","modified_gmt":"2025-09-25T18:31:23","slug":"journee-internationale-de-la-pharmacie-un-engagement-pour-une-sante-de-qualite-en-guinee","status":"publish","type":"post","link":"https:\/\/ledenonciateur224.com\/index.php\/journee-internationale-de-la-pharmacie-un-engagement-pour-une-sante-de-qualite-en-guinee\/","title":{"rendered":"Journ\u00e9e Internationale de la Pharmacie : Un engagement pour une sant\u00e9 de qualit\u00e9 en Guin\u00e9e"},"content":{"rendered":"<p>&nbsp;<\/p>\n<p>Ce jeudi 25 septembre 2025, l&rsquo;Ordre National des Pharmaciens de Guin\u00e9e a c\u00e9l\u00e9br\u00e9 la Journ\u00e9e Internationale de la Pharmacie \u00e0 travers une d\u00e9claration solennelle lue par son pr\u00e9sident, Yamoussa Youla, \u00e0 leur si\u00e8ge social de la Mini\u00e8re. Cette occasion a \u00e9t\u00e9 marqu\u00e9e par un appel \u00e0 l&rsquo;unit\u00e9, au professionnalisme et \u00e0 l&rsquo;engagement de la communaut\u00e9 pharmaceutique guin\u00e9enne en faveur de la sant\u00e9 publique.<\/p>\n<p><strong>Une profession en pleine mutation au service de la sant\u00e9 publique<\/strong><\/p>\n<p><img loading=\"lazy\" decoding=\"async\" class=\"alignnone size-full wp-image-5294\" src=\"https:\/\/ledenonciateur224.com\/wp-content\/uploads\/2025\/09\/20250925-144908-scaled.jpg\" alt=\"\" width=\"2560\" height=\"1152\" srcset=\"https:\/\/ledenonciateur224.com\/wp-content\/uploads\/2025\/09\/20250925-144908-scaled.jpg 2560w, https:\/\/ledenonciateur224.com\/wp-content\/uploads\/2025\/09\/20250925-144908-300x135.jpg 300w, https:\/\/ledenonciateur224.com\/wp-content\/uploads\/2025\/09\/20250925-144908-1024x461.jpg 1024w, https:\/\/ledenonciateur224.com\/wp-content\/uploads\/2025\/09\/20250925-144908-768x346.jpg 768w, https:\/\/ledenonciateur224.com\/wp-content\/uploads\/2025\/09\/20250925-144908-1536x691.jpg 1536w, https:\/\/ledenonciateur224.com\/wp-content\/uploads\/2025\/09\/20250925-144908-2048x922.jpg 2048w, https:\/\/ledenonciateur224.com\/wp-content\/uploads\/2025\/09\/20250925-144908-150x68.jpg 150w, https:\/\/ledenonciateur224.com\/wp-content\/uploads\/2025\/09\/20250925-144908-696x313.jpg 696w, https:\/\/ledenonciateur224.com\/wp-content\/uploads\/2025\/09\/20250925-144908-1068x481.jpg 1068w, https:\/\/ledenonciateur224.com\/wp-content\/uploads\/2025\/09\/20250925-144908-1920x864.jpg 1920w, https:\/\/ledenonciateur224.com\/wp-content\/uploads\/2025\/09\/20250925-144908-933x420.jpg 933w\" sizes=\"auto, (max-width: 2560px) 100vw, 2560px\" \/><\/p>\n<p>\u00ab\u00a0En ce 25 septembre, notre pays s&rsquo;unit \u00e0 la communaut\u00e9 internationale pour c\u00e9l\u00e9brer la Journ\u00e9e mondiale du pharmacien, un \u00e9v\u00e9nement symbolique qui met en lumi\u00e8re le r\u00f4le essentiel des pharmaciens dans la gestion de la sant\u00e9 publique\u00a0\u00bb, a d\u00e9clar\u00e9 Yamoussa Youla. \u00ab\u00a0Chaque m\u00e9dicament d\u00e9livr\u00e9 repr\u00e9sente bien plus qu&rsquo;un simple traitement : il est l&rsquo;aboutissement du travail d&rsquo;un professionnel engag\u00e9, garant de la sant\u00e9 et du bien-\u00eatre de nos populations.\u00a0\u00bb<\/p>\n<p>Cette journ\u00e9e co\u00efncide avec une p\u00e9riode charni\u00e8re pour la pharmacie guin\u00e9enne, qui traverse une phase de r\u00e9formes ambitieuses. Ces changements visent \u00e0 redonner \u00e0 la profession toute sa place au sein du syst\u00e8me de sant\u00e9, un enjeu crucial face aux d\u00e9fis sanitaires contemporains.<\/p>\n<p>L&rsquo;Ordre National des Pharmaciens de Guin\u00e9e a exprim\u00e9 sa volont\u00e9 de moderniser la pratique pharmaceutique en Guin\u00e9e, en veillant \u00e0 ce qu&rsquo;elle soit conforme aux standards internationaux. \u00ab\u00a0Nous nous engageons \u00e0 promouvoir une pharmacie \u00e9thique, en mettant un accent particulier sur la formation continue de nos membres. C\u2019est cette volont\u00e9 de changement et d&rsquo;am\u00e9lioration qui nous pousse \u00e0 soutenir l\u2019excellence scientifique et \u00e0 d\u00e9velopper des comp\u00e9tences r\u00e9pondant aux besoins sanitaires de demain\u00a0\u00bb, a affirm\u00e9 le pr\u00e9sident Youla.<\/p>\n<p>Pour les pharmaciens guin\u00e9ens, \u00eatre un professionnel de la sant\u00e9 va bien au-del\u00e0 de la simple d\u00e9livrance de m\u00e9dicaments. C&rsquo;est un engagement quotidien pour accompagner les patients tout au long de leur parcours de soins, les conseiller et les prot\u00e9ger contre les risques li\u00e9s aux m\u00e9dicaments, aux contrefa\u00e7ons et aux mauvaises pratiques.<\/p>\n<p>\u00c0 travers cette journ\u00e9e de comm\u00e9moration, l\u2019Ordre des Pharmaciens a \u00e9galement tenu \u00e0 rendre hommage \u00e0 tous les pharmaciens de Guin\u00e9e pour leur d\u00e9vouement, leur professionnalisme et leur engagement sans faille. \u00ab\u00a0\u00c0 travers eux, c&rsquo;est toute une profession qui se l\u00e8ve, fi\u00e8re et d\u00e9termin\u00e9e, pour jouer pleinement son r\u00f4le dans la construction d&rsquo;un syst\u00e8me de sant\u00e9 plus juste, plus s\u00fbr et plus accessible\u00a0\u00bb, a soulign\u00e9 le pr\u00e9sident.<\/p>\n<p>L&rsquo;Ordre a aussi adress\u00e9 un message fort aux populations guin\u00e9ennes : \u00ab\u00a0Ayez confiance en nous, pharmaciens. Nous serons toujours pr\u00e9sents, \u00e0 vos c\u00f4t\u00e9s, aux avant-postes de la sant\u00e9 publique, pour que chaque Guin\u00e9en, o\u00f9 qu&rsquo;il se trouve, puisse avoir acc\u00e8s \u00e0 des m\u00e9dicaments s\u00fbrs, efficaces et de qualit\u00e9.\u00a0\u00bb<\/p>\n<p>Ainsi, cette journ\u00e9e a non seulement mis en lumi\u00e8re le r\u00f4le fondamental des pharmaciens dans la cha\u00eene de soins, mais elle a aussi rappel\u00e9 l&rsquo;importance de renforcer les infrastructures de sant\u00e9 et d&rsquo;am\u00e9liorer l&rsquo;acc\u00e8s aux soins pour tous. Dans un contexte global o\u00f9 la sant\u00e9 publique est un enjeu majeur, la profession pharmaceutique guin\u00e9enne s\u2019engage r\u00e9solument dans cette transformation pour garantir un avenir sanitaire meilleur pour l&rsquo;ensemble de la population.<\/p>\n<p>&nbsp;<\/p>\n<p>ABOUBACAR MOUSSA CAMARA<\/p>\n","protected":false},"excerpt":{"rendered":"<p>&nbsp; Ce jeudi 25 septembre 2025, l&rsquo;Ordre National des Pharmaciens de Guin\u00e9e a c\u00e9l\u00e9br\u00e9 la Journ\u00e9e Internationale de la Pharmacie \u00e0 travers une d\u00e9claration solennelle lue par son pr\u00e9sident, Yamoussa Youla, \u00e0 leur si\u00e8ge social de la Mini\u00e8re. Cette occasion a \u00e9t\u00e9 marqu\u00e9e par un appel \u00e0 l&rsquo;unit\u00e9, au professionnalisme et \u00e0 l&rsquo;engagement de la [&hellip;]<\/p>\n","protected":false},"author":2,"featured_media":5292,"comment_status":"closed","ping_status":"closed","sticky":false,"template":"","format":"standard","meta":{"_jetpack_memberships_contains_paid_content":false,"footnotes":"","jetpack_publicize_message":"","jetpack_publicize_feature_enabled":true,"jetpack_social_post_already_shared":true,"jetpack_social_options":{"image_generator_settings":{"template":"highway","default_image_id":0,"font":"","enabled":false},"version":2}},"categories":[30,24],"tags":[720,891],"class_list":{"0":"post-5291","1":"post","2":"type-post","3":"status-publish","4":"format-standard","5":"has-post-thumbnail","7":"category-faits-divers","8":"category-news","9":"tag-journee","10":"tag-pharmaciens"},"jetpack_publicize_connections":[],"jetpack_featured_media_url":"https:\/\/ledenonciateur224.com\/wp-content\/uploads\/2025\/09\/20250925-144917.jpg","jetpack_sharing_enabled":true,"_links":{"self":[{"href":"https:\/\/ledenonciateur224.com\/index.php\/wp-json\/wp\/v2\/posts\/5291","targetHints":{"allow":["GET"]}}],"collection":[{"href":"https:\/\/ledenonciateur224.com\/index.php\/wp-json\/wp\/v2\/posts"}],"about":[{"href":"https:\/\/ledenonciateur224.com\/index.php\/wp-json\/wp\/v2\/types\/post"}],"author":[{"embeddable":true,"href":"https:\/\/ledenonciateur224.com\/index.php\/wp-json\/wp\/v2\/users\/2"}],"replies":[{"embeddable":true,"href":"https:\/\/ledenonciateur224.com\/index.php\/wp-json\/wp\/v2\/comments?post=5291"}],"version-history":[{"count":0,"href":"https:\/\/ledenonciateur224.com\/index.php\/wp-json\/wp\/v2\/posts\/5291\/revisions"}],"wp:featuredmedia":[{"embeddable":true,"href":"https:\/\/ledenonciateur224.com\/index.php\/wp-json\/wp\/v2\/media\/5292"}],"wp:attachment":[{"href":"https:\/\/ledenonciateur224.com\/index.php\/wp-json\/wp\/v2\/media?parent=5291"}],"wp:term":[{"taxonomy":"category","embeddable":true,"href":"https:\/\/ledenonciateur224.com\/index.php\/wp-json\/wp\/v2\/categories?post=5291"},{"taxonomy":"post_tag","embeddable":true,"href":"https:\/\/ledenonciateur224.com\/index.php\/wp-json\/wp\/v2\/tags?post=5291"}],"curies":[{"name":"wp","href":"https:\/\/api.w.org\/{rel}","templated":true}]}}