{"id":5314,"date":"2025-09-27T09:16:49","date_gmt":"2025-09-27T09:16:49","guid":{"rendered":"https:\/\/ledenonciateur224.com\/?p=5314"},"modified":"2025-09-27T09:16:49","modified_gmt":"2025-09-27T09:16:49","slug":"lonu-exige-lannulation-de-la-grace-accordee-a-moussa-dadis-camara","status":"publish","type":"post","link":"https:\/\/ledenonciateur224.com\/index.php\/lonu-exige-lannulation-de-la-grace-accordee-a-moussa-dadis-camara\/","title":{"rendered":"L&rsquo;ONU exige l&rsquo;annulation de la gr\u00e2ce accord\u00e9e \u00e0 Moussa Dadis Camara"},"content":{"rendered":"<p>\u00c0 l&rsquo;approche du <strong>16e anniversaire<\/strong> du <strong>massacre du 28 septembre 2009<\/strong>, la pression internationale monte concernant la <strong>gr\u00e2ce pr\u00e9sidentielle<\/strong> accord\u00e9e \u00e0 <strong>Moussa Dadis Camara<\/strong>, l&rsquo;ex-pr\u00e9sident de la Guin\u00e9e, reconnu coupable de <strong>crimes contre l&rsquo;humanit\u00e9<\/strong> pour son r\u00f4le dans ce massacre tragique.<\/p>\n<p>L&rsquo;ancien dirigeant, qui avait dirig\u00e9 la <strong>junte militaire du Conseil National pour la D\u00e9mocratie et le D\u00e9veloppement (CNDD)<\/strong>, avait \u00e9t\u00e9 condamn\u00e9 \u00e0 <strong>20 ans de prison<\/strong> pour sa responsabilit\u00e9 dans le massacre de plus de 150 personnes et les violations des droits humains qui en ont r\u00e9sult\u00e9. Toutefois, en <strong>mars 2025<\/strong>, une <strong>gr\u00e2ce pr\u00e9sidentielle<\/strong>, sign\u00e9e par le pr\u00e9sident <strong>Colonel Mamadi Doumbouya<\/strong>, a effac\u00e9 cette peine, invoquant des raisons de sant\u00e9 pour justifier cette d\u00e9cision.<\/p>\n<p>Cette gr\u00e2ce suscite une vive r\u00e9action des d\u00e9fenseurs des <strong>droits humains<\/strong>, qui estiment qu\u2019elle constitue une <strong>impunit\u00e9<\/strong> pour des crimes graves. Le <strong>Haut-Commissaire des Nations Unies aux droits de l\u2019homme<\/strong>, <strong>Volker T\u00fcrk<\/strong>, a exprim\u00e9 une <strong>forte inqui\u00e9tude<\/strong>. Selon lui, la d\u00e9cision de <strong>gracier Moussa Dadis Camara<\/strong> est contraire au droit international, qui <strong>interdit les gr\u00e2ces<\/strong> pour des crimes aussi graves que ceux commis lors du massacre. Volker T\u00fcrk a r\u00e9it\u00e9r\u00e9 son appel pour que cette gr\u00e2ce soit <strong>annul\u00e9e<\/strong>, soulignant que cela enverrait un mauvais signal sur la lutte contre l\u2019impunit\u00e9.<\/p>\n<h3><\/h3>\n<p>Apr\u00e8s sa lib\u00e9ration, Dadis Camara a s\u00e9journ\u00e9 quelques semaines en Guin\u00e9e avant de s&rsquo;envoler pour le <strong>Maroc<\/strong> en avril 2025, marquant ainsi son d\u00e9part apr\u00e8s avoir \u00e9t\u00e9 graci\u00e9.<\/p>\n<h3><strong>Dossier toujours en cours :<\/strong><\/h3>\n<p>Le d\u00e9bat autour de la gr\u00e2ce accord\u00e9e \u00e0 <strong>Moussa Dadis Camara<\/strong> demeure un sujet sensible et pourrait avoir des r\u00e9percussions sur l&rsquo;avenir politique et juridique de la Guin\u00e9e, en particulier \u00e0 l&rsquo;approche du <strong>16e anniversaire<\/strong> du massacre.<\/p>\n<p>&nbsp;<\/p>\n<p>Ledenonciateur224.com<\/p>\n","protected":false},"excerpt":{"rendered":"<p>\u00c0 l&rsquo;approche du 16e anniversaire du massacre du 28 septembre 2009, la pression internationale monte concernant la gr\u00e2ce pr\u00e9sidentielle accord\u00e9e \u00e0 Moussa Dadis Camara, l&rsquo;ex-pr\u00e9sident de la Guin\u00e9e, reconnu coupable de crimes contre l&rsquo;humanit\u00e9 pour son r\u00f4le dans ce massacre tragique. L&rsquo;ancien dirigeant, qui avait dirig\u00e9 la junte militaire du Conseil National pour la D\u00e9mocratie [&hellip;]<\/p>\n","protected":false},"author":2,"featured_media":2160,"comment_status":"closed","ping_status":"closed","sticky":false,"template":"","format":"standard","meta":{"_jetpack_memberships_contains_paid_content":false,"footnotes":"","jetpack_publicize_message":"","jetpack_publicize_feature_enabled":true,"jetpack_social_post_already_shared":true,"jetpack_social_options":{"image_generator_settings":{"template":"highway","default_image_id":0,"font":"","enabled":false},"version":2}},"categories":[30,24],"tags":[569,125],"class_list":{"0":"post-5314","1":"post","2":"type-post","3":"status-publish","4":"format-standard","5":"has-post-thumbnail","7":"category-faits-divers","8":"category-news","9":"tag-dadis-camara","10":"tag-proces-du-28-septembre-2009"},"jetpack_publicize_connections":[],"jetpack_featured_media_url":"https:\/\/ledenonciateur224.com\/wp-content\/uploads\/2025\/03\/camara-dadis-1024x576-1.jpg","jetpack_sharing_enabled":true,"_links":{"self":[{"href":"https:\/\/ledenonciateur224.com\/index.php\/wp-json\/wp\/v2\/posts\/5314","targetHints":{"allow":["GET"]}}],"collection":[{"href":"https:\/\/ledenonciateur224.com\/index.php\/wp-json\/wp\/v2\/posts"}],"about":[{"href":"https:\/\/ledenonciateur224.com\/index.php\/wp-json\/wp\/v2\/types\/post"}],"author":[{"embeddable":true,"href":"https:\/\/ledenonciateur224.com\/index.php\/wp-json\/wp\/v2\/users\/2"}],"replies":[{"embeddable":true,"href":"https:\/\/ledenonciateur224.com\/index.php\/wp-json\/wp\/v2\/comments?post=5314"}],"version-history":[{"count":0,"href":"https:\/\/ledenonciateur224.com\/index.php\/wp-json\/wp\/v2\/posts\/5314\/revisions"}],"wp:featuredmedia":[{"embeddable":true,"href":"https:\/\/ledenonciateur224.com\/index.php\/wp-json\/wp\/v2\/media\/2160"}],"wp:attachment":[{"href":"https:\/\/ledenonciateur224.com\/index.php\/wp-json\/wp\/v2\/media?parent=5314"}],"wp:term":[{"taxonomy":"category","embeddable":true,"href":"https:\/\/ledenonciateur224.com\/index.php\/wp-json\/wp\/v2\/categories?post=5314"},{"taxonomy":"post_tag","embeddable":true,"href":"https:\/\/ledenonciateur224.com\/index.php\/wp-json\/wp\/v2\/tags?post=5314"}],"curies":[{"name":"wp","href":"https:\/\/api.w.org\/{rel}","templated":true}]}}