{"id":5335,"date":"2025-09-27T16:44:59","date_gmt":"2025-09-27T16:44:59","guid":{"rendered":"https:\/\/ledenonciateur224.com\/?p=5335"},"modified":"2025-09-27T16:44:59","modified_gmt":"2025-09-27T16:44:59","slug":"assainissement-de-la-capitale-la-guinee-receptionne-de-nouveaux-equipements","status":"publish","type":"post","link":"https:\/\/ledenonciateur224.com\/index.php\/assainissement-de-la-capitale-la-guinee-receptionne-de-nouveaux-equipements\/","title":{"rendered":"Assainissement de la capitale: la Guin\u00e9e r\u00e9ceptionne de nouveaux \u00e9quipements"},"content":{"rendered":"<div dir=\"auto\">Pour am\u00e9liorer la salubrit\u00e9 de la ville de Conakry, la Guin\u00e9e a d\u00e9cid\u00e9 de renforcer ses moyens logistiques en mati\u00e8re d\u2019assainissement.<\/div>\n<div dir=\"auto\"><\/div>\n<div dir=\"auto\">Ce vendredi 26 septembre 2025, le Gouvernorat de Conakry a r\u00e9ceptionn\u00e9 un important lot d\u2019\u00e9quipements d\u2019assainissement.<\/div>\n<div dir=\"auto\"><img loading=\"lazy\" decoding=\"async\" class=\"alignnone size-full wp-image-5337\" src=\"https:\/\/ledenonciateur224.com\/wp-content\/uploads\/2025\/09\/ministre-assainissement.jpg\" alt=\"\" width=\"2048\" height=\"1366\" srcset=\"https:\/\/ledenonciateur224.com\/wp-content\/uploads\/2025\/09\/ministre-assainissement.jpg 2048w, https:\/\/ledenonciateur224.com\/wp-content\/uploads\/2025\/09\/ministre-assainissement-300x200.jpg 300w, https:\/\/ledenonciateur224.com\/wp-content\/uploads\/2025\/09\/ministre-assainissement-1024x683.jpg 1024w, https:\/\/ledenonciateur224.com\/wp-content\/uploads\/2025\/09\/ministre-assainissement-768x512.jpg 768w, https:\/\/ledenonciateur224.com\/wp-content\/uploads\/2025\/09\/ministre-assainissement-1536x1025.jpg 1536w, https:\/\/ledenonciateur224.com\/wp-content\/uploads\/2025\/09\/ministre-assainissement-150x100.jpg 150w, https:\/\/ledenonciateur224.com\/wp-content\/uploads\/2025\/09\/ministre-assainissement-696x464.jpg 696w, https:\/\/ledenonciateur224.com\/wp-content\/uploads\/2025\/09\/ministre-assainissement-1068x712.jpg 1068w, https:\/\/ledenonciateur224.com\/wp-content\/uploads\/2025\/09\/ministre-assainissement-1920x1281.jpg 1920w, https:\/\/ledenonciateur224.com\/wp-content\/uploads\/2025\/09\/ministre-assainissement-630x420.jpg 630w\" sizes=\"auto, (max-width: 2048px) 100vw, 2048px\" \/> <img loading=\"lazy\" decoding=\"async\" class=\"alignnone size-full wp-image-5338\" src=\"https:\/\/ledenonciateur224.com\/wp-content\/uploads\/2025\/09\/reception-equipement-assainissement.jpg\" alt=\"\" width=\"700\" height=\"375\" srcset=\"https:\/\/ledenonciateur224.com\/wp-content\/uploads\/2025\/09\/reception-equipement-assainissement.jpg 700w, https:\/\/ledenonciateur224.com\/wp-content\/uploads\/2025\/09\/reception-equipement-assainissement-300x161.jpg 300w, https:\/\/ledenonciateur224.com\/wp-content\/uploads\/2025\/09\/reception-equipement-assainissement-150x80.jpg 150w, https:\/\/ledenonciateur224.com\/wp-content\/uploads\/2025\/09\/reception-equipement-assainissement-696x373.jpg 696w\" sizes=\"auto, (max-width: 700px) 100vw, 700px\" \/><\/div>\n<div dir=\"auto\"><\/div>\n<div dir=\"auto\">Selon les cadres de la Pr\u00e9sidence, ce geste concr\u00e9tise un engagement fort du pr\u00e9sident de la R\u00e9publique, le G\u00e9n\u00e9ral d\u2019arm\u00e9e Mamadi Doumbouya, en r\u00e9ponse aux appels des collectivit\u00e9s locales.<\/div>\n<div dir=\"auto\"><\/div>\n<div dir=\"auto\">\n<div dir=\"auto\">Le mat\u00e9riel r\u00e9ceptionn\u00e9 est compos\u00e9 de dix camions-bennes et de dix tractopelles. Il s\u2019agit du premier lot d\u2019\u00e9quipements destin\u00e9 \u00e0 renforcer le dispositif d\u00e9j\u00e0 existant.<\/div>\n<div dir=\"auto\"><\/div>\n<div dir=\"auto\">L\u2019objectif est de doter toutes les communes de la capitale de moyens modernes d\u2019assainissement afin de les rendre plus propres.<\/div>\n<div dir=\"auto\"><\/div>\n<div dir=\"auto\"><\/div>\n<div dir=\"auto\">La c\u00e9r\u00e9monie de remise a \u00e9t\u00e9 pr\u00e9sid\u00e9e par le ministre directeur de cabinet de la Pr\u00e9sidence, Djiba Diakit\u00e9.<\/div>\n<div dir=\"auto\"><\/div>\n<div dir=\"auto\">Plusieurs personnalit\u00e9s ont pris part \u00e0 l\u2019\u00e9v\u00e9nement, notamment le Haut Commandant de la Gendarmerie Nationale et Directeur de la Justice Militaire, le G\u00e9n\u00e9ral Balla Samoura, ainsi que le ministre de l\u2019Hydraulique et des Hydrocarbures, Aboubacar Camara.<\/div>\n<\/div>\n","protected":false},"excerpt":{"rendered":"<p>Pour am\u00e9liorer la salubrit\u00e9 de la ville de Conakry, la Guin\u00e9e a d\u00e9cid\u00e9 de renforcer ses moyens logistiques en mati\u00e8re d\u2019assainissement. Ce vendredi 26 septembre 2025, le Gouvernorat de Conakry a r\u00e9ceptionn\u00e9 un important lot d\u2019\u00e9quipements d\u2019assainissement. Selon les cadres de la Pr\u00e9sidence, ce geste concr\u00e9tise un engagement fort du pr\u00e9sident de la R\u00e9publique, le [&hellip;]<\/p>\n","protected":false},"author":2,"featured_media":5336,"comment_status":"closed","ping_status":"closed","sticky":false,"template":"","format":"standard","meta":{"_jetpack_memberships_contains_paid_content":false,"footnotes":"","jetpack_publicize_message":"","jetpack_publicize_feature_enabled":true,"jetpack_social_post_already_shared":true,"jetpack_social_options":{"image_generator_settings":{"template":"highway","default_image_id":0,"font":"","enabled":false},"version":2}},"categories":[30,24],"tags":[72],"class_list":{"0":"post-5335","1":"post","2":"type-post","3":"status-publish","4":"format-standard","5":"has-post-thumbnail","7":"category-faits-divers","8":"category-news","9":"tag-assainissement"},"jetpack_publicize_connections":[],"jetpack_featured_media_url":"https:\/\/ledenonciateur224.com\/wp-content\/uploads\/2025\/09\/reception-equipement-assainissement-la-une.jpg","jetpack_sharing_enabled":true,"_links":{"self":[{"href":"https:\/\/ledenonciateur224.com\/index.php\/wp-json\/wp\/v2\/posts\/5335","targetHints":{"allow":["GET"]}}],"collection":[{"href":"https:\/\/ledenonciateur224.com\/index.php\/wp-json\/wp\/v2\/posts"}],"about":[{"href":"https:\/\/ledenonciateur224.com\/index.php\/wp-json\/wp\/v2\/types\/post"}],"author":[{"embeddable":true,"href":"https:\/\/ledenonciateur224.com\/index.php\/wp-json\/wp\/v2\/users\/2"}],"replies":[{"embeddable":true,"href":"https:\/\/ledenonciateur224.com\/index.php\/wp-json\/wp\/v2\/comments?post=5335"}],"version-history":[{"count":0,"href":"https:\/\/ledenonciateur224.com\/index.php\/wp-json\/wp\/v2\/posts\/5335\/revisions"}],"wp:featuredmedia":[{"embeddable":true,"href":"https:\/\/ledenonciateur224.com\/index.php\/wp-json\/wp\/v2\/media\/5336"}],"wp:attachment":[{"href":"https:\/\/ledenonciateur224.com\/index.php\/wp-json\/wp\/v2\/media?parent=5335"}],"wp:term":[{"taxonomy":"category","embeddable":true,"href":"https:\/\/ledenonciateur224.com\/index.php\/wp-json\/wp\/v2\/categories?post=5335"},{"taxonomy":"post_tag","embeddable":true,"href":"https:\/\/ledenonciateur224.com\/index.php\/wp-json\/wp\/v2\/tags?post=5335"}],"curies":[{"name":"wp","href":"https:\/\/api.w.org\/{rel}","templated":true}]}}