{"id":534,"date":"2024-12-18T20:55:42","date_gmt":"2024-12-18T20:55:42","guid":{"rendered":"https:\/\/ledenonciateur224.com\/?p=534"},"modified":"2024-12-18T20:55:42","modified_gmt":"2024-12-18T20:55:42","slug":"kamsar-le-commandant-aly-camara-prend-officiellement-ses-fonctions","status":"publish","type":"post","link":"https:\/\/ledenonciateur224.com\/index.php\/kamsar-le-commandant-aly-camara-prend-officiellement-ses-fonctions\/","title":{"rendered":"Kamsar : Le Commandant Aly Camara prend officiellement ses fonctions"},"content":{"rendered":"<div dir=\"auto\"><\/div>\n<div dir=\"auto\"><\/div>\n<div dir=\"auto\"><\/div>\n<div dir=\"auto\">Le Commandant Aly Camara a officiellement pris la t\u00eate du Camp d&rsquo;Infanterie de Kamsar ce mercredi 18 d\u00e9cembre 2024, suite \u00e0 sa nomination par le Pr\u00e9sident de la Transition, le G\u00e9n\u00e9ral Mamadi Doumbouya. La c\u00e9r\u00e9monie de passation de commandement a r\u00e9uni de nombreux officiers, sous-officiers et repr\u00e9sentants du CNRD.<\/div>\n<div dir=\"auto\"><\/div>\n<div dir=\"auto\">Dans son discours, le Commandant Aly Camara a exprim\u00e9 sa reconnaissance envers le Chef de l&rsquo;\u00c9tat pour la confiance accord\u00e9e et a pris l&rsquo;engagement de mener \u00e0 bien toutes les missions qui lui seront confi\u00e9es.<\/div>\n<div dir=\"auto\"><\/div>\n<div dir=\"auto\"><em><del><img loading=\"lazy\" decoding=\"async\" class=\"alignnone size-medium wp-image-535\" src=\"https:\/\/ledenonciateur224.com\/wp-content\/uploads\/2024\/12\/img-20241218-wa0257-225x300.jpg\" alt=\"\" width=\"225\" height=\"300\" srcset=\"https:\/\/ledenonciateur224.com\/wp-content\/uploads\/2024\/12\/img-20241218-wa0257-225x300.jpg 225w, https:\/\/ledenonciateur224.com\/wp-content\/uploads\/2024\/12\/img-20241218-wa0257-150x200.jpg 150w, https:\/\/ledenonciateur224.com\/wp-content\/uploads\/2024\/12\/img-20241218-wa0257-300x400.jpg 300w, https:\/\/ledenonciateur224.com\/wp-content\/uploads\/2024\/12\/img-20241218-wa0257-696x928.jpg 696w, https:\/\/ledenonciateur224.com\/wp-content\/uploads\/2024\/12\/img-20241218-wa0257-315x420.jpg 315w, https:\/\/ledenonciateur224.com\/wp-content\/uploads\/2024\/12\/img-20241218-wa0257.jpg 768w\" sizes=\"auto, (max-width: 225px) 100vw, 225px\" \/><\/del><\/em><\/div>\n<div dir=\"auto\"><\/div>\n<div dir=\"auto\">Il a \u00e9galement soulign\u00e9 sa d\u00e9termination \u00e0 assurer la s\u00e9curit\u00e9 et la stabilit\u00e9 de la r\u00e9gion sous son commandement, affirmant son r\u00f4le crucial dans la gestion de ce camp strat\u00e9gique pour la Guin\u00e9e.<\/div>\n<div dir=\"auto\"><\/div>\n<div dir=\"auto\"><img loading=\"lazy\" decoding=\"async\" class=\"alignnone size-medium wp-image-536\" src=\"https:\/\/ledenonciateur224.com\/wp-content\/uploads\/2024\/12\/img-20241218-wa0252-169x300.jpg\" alt=\"\" width=\"169\" height=\"300\" srcset=\"https:\/\/ledenonciateur224.com\/wp-content\/uploads\/2024\/12\/img-20241218-wa0252-169x300.jpg 169w, https:\/\/ledenonciateur224.com\/wp-content\/uploads\/2024\/12\/img-20241218-wa0252-576x1024.jpg 576w, https:\/\/ledenonciateur224.com\/wp-content\/uploads\/2024\/12\/img-20241218-wa0252-150x267.jpg 150w, https:\/\/ledenonciateur224.com\/wp-content\/uploads\/2024\/12\/img-20241218-wa0252-300x533.jpg 300w, https:\/\/ledenonciateur224.com\/wp-content\/uploads\/2024\/12\/img-20241218-wa0252-236x420.jpg 236w, https:\/\/ledenonciateur224.com\/wp-content\/uploads\/2024\/12\/img-20241218-wa0252.jpg 607w\" sizes=\"auto, (max-width: 169px) 100vw, 169px\" \/><\/div>\n<div dir=\"auto\"><\/div>\n<div dir=\"auto\"><\/div>\n<div dir=\"auto\">Ledenonciateur224.com<\/div>\n","protected":false},"excerpt":{"rendered":"<p>Le Commandant Aly Camara a officiellement pris la t\u00eate du Camp d&rsquo;Infanterie de Kamsar ce mercredi 18 d\u00e9cembre 2024, suite \u00e0 sa nomination par le Pr\u00e9sident de la Transition, le G\u00e9n\u00e9ral Mamadi Doumbouya. La c\u00e9r\u00e9monie de passation de commandement a r\u00e9uni de nombreux officiers, sous-officiers et repr\u00e9sentants du CNRD. Dans son discours, le Commandant Aly [&hellip;]<\/p>\n","protected":false},"author":2,"featured_media":537,"comment_status":"open","ping_status":"open","sticky":false,"template":"","format":"standard","meta":{"_jetpack_memberships_contains_paid_content":false,"footnotes":"","jetpack_publicize_message":"","jetpack_publicize_feature_enabled":true,"jetpack_social_post_already_shared":false,"jetpack_social_options":{"image_generator_settings":{"template":"highway","default_image_id":0,"font":"","enabled":false},"version":2}},"categories":[30,24],"tags":[58,36,35,109],"class_list":{"0":"post-534","1":"post","2":"type-post","3":"status-publish","4":"format-standard","5":"has-post-thumbnail","7":"category-faits-divers","8":"category-news","9":"tag-commandant-aly-camara","10":"tag-conakry","11":"tag-guinee","12":"tag-kamsar"},"jetpack_publicize_connections":[],"jetpack_featured_media_url":"https:\/\/ledenonciateur224.com\/wp-content\/uploads\/2024\/12\/img-20241218-wa0254.jpg","jetpack_sharing_enabled":true,"_links":{"self":[{"href":"https:\/\/ledenonciateur224.com\/index.php\/wp-json\/wp\/v2\/posts\/534","targetHints":{"allow":["GET"]}}],"collection":[{"href":"https:\/\/ledenonciateur224.com\/index.php\/wp-json\/wp\/v2\/posts"}],"about":[{"href":"https:\/\/ledenonciateur224.com\/index.php\/wp-json\/wp\/v2\/types\/post"}],"author":[{"embeddable":true,"href":"https:\/\/ledenonciateur224.com\/index.php\/wp-json\/wp\/v2\/users\/2"}],"replies":[{"embeddable":true,"href":"https:\/\/ledenonciateur224.com\/index.php\/wp-json\/wp\/v2\/comments?post=534"}],"version-history":[{"count":0,"href":"https:\/\/ledenonciateur224.com\/index.php\/wp-json\/wp\/v2\/posts\/534\/revisions"}],"wp:featuredmedia":[{"embeddable":true,"href":"https:\/\/ledenonciateur224.com\/index.php\/wp-json\/wp\/v2\/media\/537"}],"wp:attachment":[{"href":"https:\/\/ledenonciateur224.com\/index.php\/wp-json\/wp\/v2\/media?parent=534"}],"wp:term":[{"taxonomy":"category","embeddable":true,"href":"https:\/\/ledenonciateur224.com\/index.php\/wp-json\/wp\/v2\/categories?post=534"},{"taxonomy":"post_tag","embeddable":true,"href":"https:\/\/ledenonciateur224.com\/index.php\/wp-json\/wp\/v2\/tags?post=534"}],"curies":[{"name":"wp","href":"https:\/\/api.w.org\/{rel}","templated":true}]}}