{"id":5340,"date":"2025-09-27T16:50:18","date_gmt":"2025-09-27T16:50:18","guid":{"rendered":"https:\/\/ledenonciateur224.com\/?p=5340"},"modified":"2025-09-27T16:50:18","modified_gmt":"2025-09-27T16:50:18","slug":"la-guinee-sous-les-projecteurs-conakry-accueille-la-3eme-edition-du-fif","status":"publish","type":"post","link":"https:\/\/ledenonciateur224.com\/index.php\/la-guinee-sous-les-projecteurs-conakry-accueille-la-3eme-edition-du-fif\/","title":{"rendered":"La Guin\u00e9e sous les projecteurs : Conakry accueille la 3\u00e8me \u00e9dition du FIF"},"content":{"rendered":"<p>Du 11 au 13 d\u00e9cembre 2025, la Guin\u00e9e s\u2019appr\u00eate \u00e0 vivre au rythme du 7\u1d49 art en accueillant plus de 50 cin\u00e9astes venus des quatre coins du monde \u00e0 l\u2019occasion de la 3\u1d49 \u00e9dition du\u00a0<strong>Festival International du Film (FIF) Awards<\/strong>. Un rendez-vous d\u2019envergure qui marquera non seulement la ville de Conakry, mais aussi l\u2019Institut Mory Kant\u00e9 de Dubr\u00e9ka, pour trois jours de c\u00e9l\u00e9bration du cin\u00e9ma africain et guin\u00e9en.<\/p>\n<p><img loading=\"lazy\" decoding=\"async\" class=\"alignnone size-full wp-image-5329\" src=\"https:\/\/ledenonciateur224.com\/wp-content\/uploads\/2025\/09\/img-20250927-wa0135.jpg\" alt=\"\" width=\"1280\" height=\"576\" srcset=\"https:\/\/ledenonciateur224.com\/wp-content\/uploads\/2025\/09\/img-20250927-wa0135.jpg 1280w, https:\/\/ledenonciateur224.com\/wp-content\/uploads\/2025\/09\/img-20250927-wa0135-300x135.jpg 300w, https:\/\/ledenonciateur224.com\/wp-content\/uploads\/2025\/09\/img-20250927-wa0135-1024x461.jpg 1024w, https:\/\/ledenonciateur224.com\/wp-content\/uploads\/2025\/09\/img-20250927-wa0135-768x346.jpg 768w, https:\/\/ledenonciateur224.com\/wp-content\/uploads\/2025\/09\/img-20250927-wa0135-150x68.jpg 150w, https:\/\/ledenonciateur224.com\/wp-content\/uploads\/2025\/09\/img-20250927-wa0135-696x313.jpg 696w, https:\/\/ledenonciateur224.com\/wp-content\/uploads\/2025\/09\/img-20250927-wa0135-1068x481.jpg 1068w, https:\/\/ledenonciateur224.com\/wp-content\/uploads\/2025\/09\/img-20250927-wa0135-933x420.jpg 933w\" sizes=\"auto, (max-width: 1280px) 100vw, 1280px\" \/><\/p>\n<p>L\u2019annonce a \u00e9t\u00e9 faite ce samedi 27 septembre lors d\u2019une conf\u00e9rence de presse organis\u00e9e autour du th\u00e8me \u00e9vocateur :\u00a0<strong>\u00ab Le cin\u00e9ma guin\u00e9en au rendez-vous du cin\u00e9ma mondial \u00bb<\/strong>. L\u2019objectif : d\u00e9voiler les grandes lignes d\u2019un festival qui se veut r\u00e9solument tourn\u00e9 vers l\u2019international, tout en valorisant les talents locaux.<\/p>\n<p>Repr\u00e9sentant le coordinateur du festival,\u00a0<strong>Mohamed Damassa Soumah<\/strong>\u00a0a pr\u00e9sent\u00e9 un programme riche et ambitieux :<\/p>\n<p>\u00ab Durant ces trois jours, il s\u2019agira de c\u00e9l\u00e9brer le cin\u00e9ma africain et guin\u00e9en. Des panels de formation, des projections de films locaux en comp\u00e9tition, ainsi que des r\u00e9compenses seront au menu. D\u2019un cin\u00e9ma de rue \u00e0 un cin\u00e9ma professionnel, cette troisi\u00e8me \u00e9dition s\u2019annonce prometteuse. \u00bb<\/p>\n<p>Autre initiative salu\u00e9e : des\u00a0<strong>sessions de formation d\u00e8s le mois d\u2019octobre<\/strong>\u00a0dans plusieurs communes, notamment \u00e0\u00a0<strong>Matam, Dubr\u00e9ka et For\u00e9cariah<\/strong>, afin de renforcer les comp\u00e9tences des jeunes passionn\u00e9s du cin\u00e9ma en amont de l\u2019\u00e9v\u00e9nement.<\/p>\n<h3><\/h3>\n<p>L\u2019un des \u00e9l\u00e9ments majeurs de cette \u00e9dition r\u00e9side dans son ouverture sur le monde. Pour\u00a0<strong>Mohamed Damassa Soumah<\/strong>, cette \u00e9dition marque un tournant :<\/p>\n<p>\u00ab Contrairement aux \u00e9ditions pass\u00e9es, nous aurons cette fois-ci la participation de nombreuses c\u00e9l\u00e9brit\u00e9s internationales. M\u00eame les ambassades de la C\u00f4te d\u2019Ivoire et du Maroc nous ont assur\u00e9 leur soutien. \u00bb<\/p>\n<p>Ce soutien diplomatique t\u00e9moigne de l\u2019importance croissante du FIF Awards sur la sc\u00e8ne culturelle africaine, mais aussi de la volont\u00e9 des organisateurs d\u2019en faire un\u00a0<strong>hub de rencontres et d\u2019\u00e9changes entre professionnels du cin\u00e9ma<\/strong>, venus d\u2019horizons divers.<\/p>\n<p><strong>Dalanda Kimbeley-Diallo<\/strong>, vice-pr\u00e9sidente du FIF Awards 2025, a rappel\u00e9 avec force la vocation internationale du festival et son impact potentiel sur l\u2019image culturelle de la Guin\u00e9e :\u00ab Ce festival est repr\u00e9sent\u00e9 sur les cinq continents avec des d\u00e9l\u00e9gu\u00e9s dans chaque pays. Notre ambition est qu\u2019il devienne le porte-parole de la culture guin\u00e9enne \u00e0 l\u2019\u00e9chelle mondiale. Si d\u2019autres pays ont r\u00e9ussi, pourquoi pas la Guin\u00e9e ? \u00bb<\/p>\n<p>Elle a \u00e9galement lanc\u00e9 un appel solennel aux autorit\u00e9s guin\u00e9ennes :\u00ab Ce festival n\u2019est pas pour nous, mais pour la Guin\u00e9e, pour le rouge-jaune-vert, pour la culture guin\u00e9enne. \u00bb<\/p>\n<p>Le FIF Awards ne se limite pas \u00e0 une simple vitrine. Il se positionne comme\u00a0<strong>un v\u00e9ritable incubateur de talents<\/strong>, en proposant des formations encadr\u00e9es par des experts internationaux et en donnant une visibilit\u00e9 in\u00e9dite aux jeunes cin\u00e9astes guin\u00e9ens.<\/p>\n<p>Par cette dynamique, le festival entend\u00a0<strong>repositionner la Guin\u00e9e sur l\u2019\u00e9chiquier du cin\u00e9ma africain<\/strong>, et surtout redonner au cin\u00e9ma guin\u00e9en\u00a0<strong>la reconnaissance qu\u2019il m\u00e9rite<\/strong>, \u00e0 l\u2019image de son riche h\u00e9ritage culturel et artistique.<\/p>\n<p>La 3\u1d49 \u00e9dition du FIF Awards ne sera pas seulement une c\u00e9l\u00e9bration du cin\u00e9ma ; elle s\u2019annonce comme\u00a0<strong>un \u00e9v\u00e9nement fondateur<\/strong>\u00a0pour l\u2019industrie culturelle guin\u00e9enne. \u00c0 travers ce festival, la Guin\u00e9e affirme ses ambitions de devenir\u00a0<strong>une plaque tournante du cin\u00e9ma en Afrique de l\u2019Ouest<\/strong>, en misant sur la formation, la cr\u00e9ation et l\u2019ouverture au monde.<\/p>\n<p>&nbsp;<\/p>\n<p>Aboubacar Moussa Camara<\/p>\n<p>611 70 39 84<\/p>\n","protected":false},"excerpt":{"rendered":"<p>Du 11 au 13 d\u00e9cembre 2025, la Guin\u00e9e s\u2019appr\u00eate \u00e0 vivre au rythme du 7\u1d49 art en accueillant plus de 50 cin\u00e9astes venus des quatre coins du monde \u00e0 l\u2019occasion de la 3\u1d49 \u00e9dition du\u00a0Festival International du Film (FIF) Awards. Un rendez-vous d\u2019envergure qui marquera non seulement la ville de Conakry, mais aussi l\u2019Institut Mory [&hellip;]<\/p>\n","protected":false},"author":2,"featured_media":5328,"comment_status":"closed","ping_status":"closed","sticky":false,"template":"","format":"standard","meta":{"_jetpack_memberships_contains_paid_content":false,"footnotes":"","jetpack_publicize_message":"","jetpack_publicize_feature_enabled":true,"jetpack_social_post_already_shared":true,"jetpack_social_options":{"image_generator_settings":{"template":"highway","default_image_id":0,"font":"","enabled":false},"version":2}},"categories":[28,24],"tags":[1191],"class_list":{"0":"post-5340","1":"post","2":"type-post","3":"status-publish","4":"format-standard","5":"has-post-thumbnail","7":"category-culture","8":"category-news","9":"tag-cinema"},"jetpack_publicize_connections":[],"jetpack_featured_media_url":"https:\/\/ledenonciateur224.com\/wp-content\/uploads\/2025\/09\/img-20250927-wa0134.jpg","jetpack_sharing_enabled":true,"_links":{"self":[{"href":"https:\/\/ledenonciateur224.com\/index.php\/wp-json\/wp\/v2\/posts\/5340","targetHints":{"allow":["GET"]}}],"collection":[{"href":"https:\/\/ledenonciateur224.com\/index.php\/wp-json\/wp\/v2\/posts"}],"about":[{"href":"https:\/\/ledenonciateur224.com\/index.php\/wp-json\/wp\/v2\/types\/post"}],"author":[{"embeddable":true,"href":"https:\/\/ledenonciateur224.com\/index.php\/wp-json\/wp\/v2\/users\/2"}],"replies":[{"embeddable":true,"href":"https:\/\/ledenonciateur224.com\/index.php\/wp-json\/wp\/v2\/comments?post=5340"}],"version-history":[{"count":0,"href":"https:\/\/ledenonciateur224.com\/index.php\/wp-json\/wp\/v2\/posts\/5340\/revisions"}],"wp:featuredmedia":[{"embeddable":true,"href":"https:\/\/ledenonciateur224.com\/index.php\/wp-json\/wp\/v2\/media\/5328"}],"wp:attachment":[{"href":"https:\/\/ledenonciateur224.com\/index.php\/wp-json\/wp\/v2\/media?parent=5340"}],"wp:term":[{"taxonomy":"category","embeddable":true,"href":"https:\/\/ledenonciateur224.com\/index.php\/wp-json\/wp\/v2\/categories?post=5340"},{"taxonomy":"post_tag","embeddable":true,"href":"https:\/\/ledenonciateur224.com\/index.php\/wp-json\/wp\/v2\/tags?post=5340"}],"curies":[{"name":"wp","href":"https:\/\/api.w.org\/{rel}","templated":true}]}}