{"id":5345,"date":"2025-09-27T21:48:02","date_gmt":"2025-09-27T21:48:02","guid":{"rendered":"https:\/\/ledenonciateur224.com\/?p=5345"},"modified":"2025-09-27T21:48:02","modified_gmt":"2025-09-27T21:48:02","slug":"guinee-la-date-de-lelection-presidentielle-fixee-au-28-decembre-2025","status":"publish","type":"post","link":"https:\/\/ledenonciateur224.com\/index.php\/guinee-la-date-de-lelection-presidentielle-fixee-au-28-decembre-2025\/","title":{"rendered":"Guin\u00e9e : la date de l\u2019\u00e9lection pr\u00e9sidentielle fix\u00e9e au 28 d\u00e9cembre 2025"},"content":{"rendered":"<p>Par un d\u00e9cret pris en Conseil des ministres ce 27 septembre 2025 et lu \u00e0 la t\u00e9l\u00e9vision nationale, le g\u00e9n\u00e9ral Mamadi Doumbouya, pr\u00e9sident de la transition, a fix\u00e9 la tenue de l\u2019\u00e9lection pr\u00e9sidentielle au <strong>dimanche 28 d\u00e9cembre 2025<\/strong>.<\/p>\n<p>Selon les termes du d\u00e9cret, cette d\u00e9cision s\u2019appuie sur les dispositions de la <strong>nouvelle Constitution<\/strong> ainsi que sur la <strong>loi organique portant Code \u00e9lectoral<\/strong>, et intervient apr\u00e8s consultation de la <strong>Direction g\u00e9n\u00e9rale des \u00e9lections (DGE)<\/strong> et de l\u2019<strong>Observatoire national autonome de supervision du r\u00e9f\u00e9rendum constitutionnel<\/strong>.<\/p>\n<p>Le texte pr\u00e9cise \u00e9galement que plusieurs minist\u00e8res sectoriels, ainsi que les organes \u00e9lectoraux comp\u00e9tents, sont <strong>charg\u00e9s de l\u2019ex\u00e9cution effective du d\u00e9cret<\/strong>, afin d\u2019assurer le bon d\u00e9roulement du scrutin sur l\u2019ensemble du territoire national.<\/p>\n<p>Cette annonce marque une \u00e9tape d\u00e9cisive dans le processus de retour \u00e0 l\u2019ordre constitutionnel, attendu de longue date par les acteurs politiques, les partenaires internationaux et la soci\u00e9t\u00e9 civile.<\/p>\n<p>&nbsp;<\/p>\n<p>Ledenonciateur224.com<\/p>\n","protected":false},"excerpt":{"rendered":"<p>Par un d\u00e9cret pris en Conseil des ministres ce 27 septembre 2025 et lu \u00e0 la t\u00e9l\u00e9vision nationale, le g\u00e9n\u00e9ral Mamadi Doumbouya, pr\u00e9sident de la transition, a fix\u00e9 la tenue de l\u2019\u00e9lection pr\u00e9sidentielle au dimanche 28 d\u00e9cembre 2025. Selon les termes du d\u00e9cret, cette d\u00e9cision s\u2019appuie sur les dispositions de la nouvelle Constitution ainsi que [&hellip;]<\/p>\n","protected":false},"author":2,"featured_media":4739,"comment_status":"closed","ping_status":"closed","sticky":false,"template":"","format":"standard","meta":{"_jetpack_memberships_contains_paid_content":false,"footnotes":"","jetpack_publicize_message":"","jetpack_publicize_feature_enabled":true,"jetpack_social_post_already_shared":true,"jetpack_social_options":{"image_generator_settings":{"template":"highway","default_image_id":0,"font":"","enabled":false},"version":2}},"categories":[24,27],"tags":[579],"class_list":{"0":"post-5345","1":"post","2":"type-post","3":"status-publish","4":"format-standard","5":"has-post-thumbnail","7":"category-news","8":"category-politique","9":"tag-decrets-du-chef-de-letat"},"jetpack_publicize_connections":[],"jetpack_featured_media_url":"https:\/\/ledenonciateur224.com\/wp-content\/uploads\/2025\/08\/referendum-1.webp","jetpack_sharing_enabled":true,"_links":{"self":[{"href":"https:\/\/ledenonciateur224.com\/index.php\/wp-json\/wp\/v2\/posts\/5345","targetHints":{"allow":["GET"]}}],"collection":[{"href":"https:\/\/ledenonciateur224.com\/index.php\/wp-json\/wp\/v2\/posts"}],"about":[{"href":"https:\/\/ledenonciateur224.com\/index.php\/wp-json\/wp\/v2\/types\/post"}],"author":[{"embeddable":true,"href":"https:\/\/ledenonciateur224.com\/index.php\/wp-json\/wp\/v2\/users\/2"}],"replies":[{"embeddable":true,"href":"https:\/\/ledenonciateur224.com\/index.php\/wp-json\/wp\/v2\/comments?post=5345"}],"version-history":[{"count":0,"href":"https:\/\/ledenonciateur224.com\/index.php\/wp-json\/wp\/v2\/posts\/5345\/revisions"}],"wp:featuredmedia":[{"embeddable":true,"href":"https:\/\/ledenonciateur224.com\/index.php\/wp-json\/wp\/v2\/media\/4739"}],"wp:attachment":[{"href":"https:\/\/ledenonciateur224.com\/index.php\/wp-json\/wp\/v2\/media?parent=5345"}],"wp:term":[{"taxonomy":"category","embeddable":true,"href":"https:\/\/ledenonciateur224.com\/index.php\/wp-json\/wp\/v2\/categories?post=5345"},{"taxonomy":"post_tag","embeddable":true,"href":"https:\/\/ledenonciateur224.com\/index.php\/wp-json\/wp\/v2\/tags?post=5345"}],"curies":[{"name":"wp","href":"https:\/\/api.w.org\/{rel}","templated":true}]}}