{"id":5352,"date":"2025-09-29T14:04:30","date_gmt":"2025-09-29T14:04:30","guid":{"rendered":"https:\/\/ledenonciateur224.com\/?p=5352"},"modified":"2025-09-29T14:04:30","modified_gmt":"2025-09-29T14:04:30","slug":"67e-anniversaire-de-lindependance-le-gouvernement-lance-officiellement-les-activites-commemoratives","status":"publish","type":"post","link":"https:\/\/ledenonciateur224.com\/index.php\/67e-anniversaire-de-lindependance-le-gouvernement-lance-officiellement-les-activites-commemoratives\/","title":{"rendered":"67e anniversaire de l\u2019ind\u00e9pendance : le gouvernement lance officiellement les activit\u00e9s comm\u00e9moratives"},"content":{"rendered":"<p>\u00c0 l\u2019occasion du 67e anniversaire de l\u2019ind\u00e9pendance de la R\u00e9publique de Guin\u00e9e, le gouvernement a proc\u00e9d\u00e9, ce lundi 29 septembre 2025, au lancement officiel des activit\u00e9s pr\u00e9vues dans le cadre de cette c\u00e9l\u00e9bration nationale. La c\u00e9r\u00e9monie, plac\u00e9e sous le th\u00e8me\u00a0<strong>\u00ab Jeunes et avenir : vers une souverainet\u00e9 \u00e9conomique pour la Guin\u00e9e \u00bb<\/strong>, a r\u00e9uni plusieurs membres du gouvernement, des cadres de l\u2019administration publique, ainsi que de jeunes entrepreneurs et \u00e9tudiants venus de divers horizons.<\/p>\n<p>C\u2019est le ministre de l\u2019\u00c9conomie et des Finances,\u00a0<strong>Mourana Soumah<\/strong>, qui a pr\u00e9sid\u00e9 l\u2019\u00e9v\u00e9nement, aux c\u00f4t\u00e9s de sa coll\u00e8gue\u00a0<strong>Dre Diaka Sidib\u00e9<\/strong>, ministre du Commerce, marquant ainsi l\u2019importance accord\u00e9e \u00e0 la question de la souverainet\u00e9 \u00e9conomique dans les perspectives de d\u00e9veloppement du pays.<\/p>\n<p>\u00c0 l\u2019issue de la c\u00e9r\u00e9monie d\u2019ouverture, le ministre du Budget,\u00a0<strong>Facinet Sylla<\/strong>, s\u2019est exprim\u00e9 sur les enjeux de cette semaine d\u00e9di\u00e9e \u00e0 la jeunesse et \u00e0 l\u2019\u00e9conomie nationale. Dans une d\u00e9claration \u00e0 la presse, il a pr\u00e9cis\u00e9 :<\/p>\n<p>\u00ab Il est fondamental de mettre \u00e0 l\u2019honneur la souverainet\u00e9 \u00e9conomique, th\u00e8me choisi cette ann\u00e9e, apr\u00e8s la valorisation de la femme l\u2019an pass\u00e9. Et qui parle de souverainet\u00e9 \u00e9conomique parle in\u00e9vitablement de ressources humaines. Celles-ci sont au c\u0153ur du\u00a0<strong>programme Simandou 2040<\/strong>, port\u00e9 par le G\u00e9n\u00e9ral\u00a0<strong>Mamadi Doumbouya<\/strong>. Ce projet de grande envergure mise sur le d\u00e9veloppement des comp\u00e9tences locales et le renforcement des capacit\u00e9s humaines. \u00bb<\/p>\n<p>Le ministre a par ailleurs soulign\u00e9 que, selon les derniers chiffres du recensement,\u00a0<strong>pr\u00e8s de 70 % de la population guin\u00e9enne est constitu\u00e9e de jeunes<\/strong>. Une statistique \u00e9loquente qui justifie pleinement la centralit\u00e9 de la jeunesse dans les politiques publiques actuelles :<\/p>\n<p>\u00ab On ne peut \u00e9voquer la souverainet\u00e9 \u00e9conomique sans faire r\u00e9f\u00e9rence \u00e0 cette force motrice qu\u2019est la jeunesse. C\u2019est pourquoi il \u00e9tait essentiel que l\u2019ensemble du gouvernement accompagne cette initiative, notamment en soutenant les ministres en charge de l\u2019Industrie et de l\u2019\u00c9conomie et des Finances, pour donner le coup d\u2019envoi de cette semaine symbolique. \u00bb<\/p>\n<p><strong>Le programme Simandou 2040<\/strong>, pierre angulaire de cette vision strat\u00e9gique, repose sur plusieurs piliers structurants, au centre desquels se trouve la valorisation du capital humain. Le ministre du Budget a \u00e9galement mis en lumi\u00e8re le r\u00f4le crucial du\u00a0<strong>Simandou Academy<\/strong>, un dispositif de formation et d\u2019accompagnement des jeunes talents, appel\u00e9 \u00e0 jouer un r\u00f4le d\u00e9terminant dans la r\u00e9ussite du projet :<\/p>\n<p>\u00ab Toute la structuration du programme Simandou 2040 repose sur le d\u00e9veloppement des comp\u00e9tences locales. Le Simandou Academy en est l\u2019une des composantes phares, et tout au long de cette semaine, nous allons expliciter ces concepts, montrer leur pertinence et inviter chacun \u00e0 y apporter sa contribution. Car il s\u2019agit d\u2019un projet national, inclusif, tourn\u00e9 vers l\u2019avenir. \u00bb<\/p>\n<p>En somme, le lancement de cette semaine de c\u00e9l\u00e9bration se veut \u00e0 la fois un moment de comm\u00e9moration, de r\u00e9flexion et de mobilisation autour d\u2019un objectif commun : b\u00e2tir une Guin\u00e9e \u00e9conomiquement souveraine, avec et pour sa jeunesse.<\/p>\n<p>&nbsp;<\/p>\n<p>Aboubacar Moussa Camara<\/p>\n<p>622 42 41 87<\/p>\n","protected":false},"excerpt":{"rendered":"<p>\u00c0 l\u2019occasion du 67e anniversaire de l\u2019ind\u00e9pendance de la R\u00e9publique de Guin\u00e9e, le gouvernement a proc\u00e9d\u00e9, ce lundi 29 septembre 2025, au lancement officiel des activit\u00e9s pr\u00e9vues dans le cadre de cette c\u00e9l\u00e9bration nationale. La c\u00e9r\u00e9monie, plac\u00e9e sous le th\u00e8me\u00a0\u00ab Jeunes et avenir : vers une souverainet\u00e9 \u00e9conomique pour la Guin\u00e9e \u00bb, a r\u00e9uni plusieurs [&hellip;]<\/p>\n","protected":false},"author":2,"featured_media":5353,"comment_status":"closed","ping_status":"closed","sticky":false,"template":"","format":"standard","meta":{"_jetpack_memberships_contains_paid_content":false,"footnotes":"","jetpack_publicize_message":"","jetpack_publicize_feature_enabled":true,"jetpack_social_post_already_shared":true,"jetpack_social_options":{"image_generator_settings":{"template":"highway","default_image_id":0,"font":"","enabled":false},"version":2}},"categories":[29,24],"tags":[469,330],"class_list":{"0":"post-5352","1":"post","2":"type-post","3":"status-publish","4":"format-standard","5":"has-post-thumbnail","7":"category-economie","8":"category-news","9":"tag-economie","10":"tag-simandou-2040"},"jetpack_publicize_connections":[],"jetpack_featured_media_url":"https:\/\/ledenonciateur224.com\/wp-content\/uploads\/2025\/09\/img-20250929-wa0119.jpg","jetpack_sharing_enabled":true,"_links":{"self":[{"href":"https:\/\/ledenonciateur224.com\/index.php\/wp-json\/wp\/v2\/posts\/5352","targetHints":{"allow":["GET"]}}],"collection":[{"href":"https:\/\/ledenonciateur224.com\/index.php\/wp-json\/wp\/v2\/posts"}],"about":[{"href":"https:\/\/ledenonciateur224.com\/index.php\/wp-json\/wp\/v2\/types\/post"}],"author":[{"embeddable":true,"href":"https:\/\/ledenonciateur224.com\/index.php\/wp-json\/wp\/v2\/users\/2"}],"replies":[{"embeddable":true,"href":"https:\/\/ledenonciateur224.com\/index.php\/wp-json\/wp\/v2\/comments?post=5352"}],"version-history":[{"count":0,"href":"https:\/\/ledenonciateur224.com\/index.php\/wp-json\/wp\/v2\/posts\/5352\/revisions"}],"wp:featuredmedia":[{"embeddable":true,"href":"https:\/\/ledenonciateur224.com\/index.php\/wp-json\/wp\/v2\/media\/5353"}],"wp:attachment":[{"href":"https:\/\/ledenonciateur224.com\/index.php\/wp-json\/wp\/v2\/media?parent=5352"}],"wp:term":[{"taxonomy":"category","embeddable":true,"href":"https:\/\/ledenonciateur224.com\/index.php\/wp-json\/wp\/v2\/categories?post=5352"},{"taxonomy":"post_tag","embeddable":true,"href":"https:\/\/ledenonciateur224.com\/index.php\/wp-json\/wp\/v2\/tags?post=5352"}],"curies":[{"name":"wp","href":"https:\/\/api.w.org\/{rel}","templated":true}]}}