{"id":5361,"date":"2025-09-30T13:28:35","date_gmt":"2025-09-30T13:28:35","guid":{"rendered":"https:\/\/ledenonciateur224.com\/?p=5361"},"modified":"2025-09-30T13:28:35","modified_gmt":"2025-09-30T13:28:35","slug":"insecurite-a-kankan-un-jeune-homme-abattu-et-sa-moto-derobee-une-enquete-en-cours","status":"publish","type":"post","link":"https:\/\/ledenonciateur224.com\/index.php\/insecurite-a-kankan-un-jeune-homme-abattu-et-sa-moto-derobee-une-enquete-en-cours\/","title":{"rendered":"Ins\u00e9curit\u00e9 \u00e0 Kankan : un jeune homme abattu et sa moto d\u00e9rob\u00e9e, une enqu\u00eate en cours"},"content":{"rendered":"<p>L&rsquo;ins\u00e9curit\u00e9 gagne de nouveau du terrain \u00e0 Kankan. Apr\u00e8s la d\u00e9couverte r\u00e9cente de deux corps sans vie, un nouvel incident tragique vient raviver l&rsquo;inqui\u00e9tude des habitants : un jeune taxi-ma\u00eetre a \u00e9t\u00e9 tu\u00e9 par balle dans la nuit du lundi, dans un quartier p\u00e9riph\u00e9rique de la ville. Sa moto aurait \u00e9t\u00e9 emport\u00e9e par ses assaillants.<\/p>\n<p>Sur place, le chef de secteur de D\u00f6ssori, Moussa Traor\u00e9, accompagn\u00e9 des autorit\u00e9s locales, est revenu sur les circonstances dans lesquelles il a \u00e9t\u00e9 inform\u00e9 du drame.<\/p>\n<p>\u00ab Vers 5 heures du matin, j&rsquo;ai re\u00e7u un appel d\u2019un citoyen m\u2019informant de la pr\u00e9sence d\u2019un corps sous l\u2019antenne du projet d\u2019interconnexion. Peu apr\u00e8s, l\u2019imam du quartier m\u2019a \u00e9galement contact\u00e9, ce qui m\u2019a conduit \u00e0 alerter ma hi\u00e9rarchie \u00bb, a-t-il d\u00e9clar\u00e9.<\/p>\n<p>Concernant l&rsquo;identit\u00e9 de la victime, le chef de secteur pr\u00e9cise qu\u2019il ne s\u2019agit pas d\u2019un habitant du quartier. D\u2019apr\u00e8s les premi\u00e8res informations, le jeune homme aurait \u00e9t\u00e9 aper\u00e7u pour la derni\u00e8re fois en centre-ville.\u00ab Je peux confirmer qu\u2019il ne r\u00e9side pas ici. Lorsque nous sommes arriv\u00e9s, plusieurs personnes entouraient le corps. Avec l\u2019aide de l\u2019h\u00f4pital et en pr\u00e9sence du procureur, nous avons proc\u00e9d\u00e9 \u00e0 la lev\u00e9e du corps pour les besoins de l\u2019autopsie. Il baignait dans une mare de sang, et une arme se trouvait \u00e0 proximit\u00e9. \u00c0 ce stade, nous ignorons si cet acte a \u00e9t\u00e9 commis par un tiers ou s\u2019il s\u2019agit d\u2019un geste d\u00e9sesp\u00e9r\u00e9 de la victime elle-m\u00eame \u00bb, a-t-il ajout\u00e9.<\/p>\n<p>L\u2019affaire reste entour\u00e9e de zones d\u2019ombre, alimentant les craintes d\u2019une population d\u00e9j\u00e0 pr\u00e9occup\u00e9e par la recrudescence des actes de violence. Et ce, malgr\u00e9 les r\u00e9centes promesses faites par les autorit\u00e9s r\u00e9gionales lors d&rsquo;une r\u00e9union au gouvernorat visant \u00e0 renforcer la s\u00e9curit\u00e9.<\/p>\n<p>Selon nos derni\u00e8res informations, une enqu\u00eate a \u00e9t\u00e9 ouverte sur instruction du procureur afin de faire toute la lumi\u00e8re sur les circonstances de ce drame.<\/p>\n<p>&nbsp;<\/p>\n<p><strong>Mamoudou Aim\u00e9 C\u00e9saire, correspondant \u00e0 Kankan<\/strong><\/p>\n","protected":false},"excerpt":{"rendered":"<p>L&rsquo;ins\u00e9curit\u00e9 gagne de nouveau du terrain \u00e0 Kankan. Apr\u00e8s la d\u00e9couverte r\u00e9cente de deux corps sans vie, un nouvel incident tragique vient raviver l&rsquo;inqui\u00e9tude des habitants : un jeune taxi-ma\u00eetre a \u00e9t\u00e9 tu\u00e9 par balle dans la nuit du lundi, dans un quartier p\u00e9riph\u00e9rique de la ville. Sa moto aurait \u00e9t\u00e9 emport\u00e9e par ses assaillants. [&hellip;]<\/p>\n","protected":false},"author":2,"featured_media":5362,"comment_status":"closed","ping_status":"closed","sticky":false,"template":"","format":"standard","meta":{"_jetpack_memberships_contains_paid_content":false,"footnotes":"","jetpack_publicize_message":"","jetpack_publicize_feature_enabled":true,"jetpack_social_post_already_shared":true,"jetpack_social_options":{"image_generator_settings":{"template":"highway","default_image_id":0,"font":"","enabled":false},"version":2}},"categories":[30,24,33],"tags":[1193,294],"class_list":{"0":"post-5361","1":"post","2":"type-post","3":"status-publish","4":"format-standard","5":"has-post-thumbnail","7":"category-faits-divers","8":"category-news","9":"category-region","10":"tag-insecurite","11":"tag-kankan"},"jetpack_publicize_connections":[],"jetpack_featured_media_url":"https:\/\/ledenonciateur224.com\/wp-content\/uploads\/2025\/09\/images-2.jpeg","jetpack_sharing_enabled":true,"_links":{"self":[{"href":"https:\/\/ledenonciateur224.com\/index.php\/wp-json\/wp\/v2\/posts\/5361","targetHints":{"allow":["GET"]}}],"collection":[{"href":"https:\/\/ledenonciateur224.com\/index.php\/wp-json\/wp\/v2\/posts"}],"about":[{"href":"https:\/\/ledenonciateur224.com\/index.php\/wp-json\/wp\/v2\/types\/post"}],"author":[{"embeddable":true,"href":"https:\/\/ledenonciateur224.com\/index.php\/wp-json\/wp\/v2\/users\/2"}],"replies":[{"embeddable":true,"href":"https:\/\/ledenonciateur224.com\/index.php\/wp-json\/wp\/v2\/comments?post=5361"}],"version-history":[{"count":0,"href":"https:\/\/ledenonciateur224.com\/index.php\/wp-json\/wp\/v2\/posts\/5361\/revisions"}],"wp:featuredmedia":[{"embeddable":true,"href":"https:\/\/ledenonciateur224.com\/index.php\/wp-json\/wp\/v2\/media\/5362"}],"wp:attachment":[{"href":"https:\/\/ledenonciateur224.com\/index.php\/wp-json\/wp\/v2\/media?parent=5361"}],"wp:term":[{"taxonomy":"category","embeddable":true,"href":"https:\/\/ledenonciateur224.com\/index.php\/wp-json\/wp\/v2\/categories?post=5361"},{"taxonomy":"post_tag","embeddable":true,"href":"https:\/\/ledenonciateur224.com\/index.php\/wp-json\/wp\/v2\/tags?post=5361"}],"curies":[{"name":"wp","href":"https:\/\/api.w.org\/{rel}","templated":true}]}}