{"id":5364,"date":"2025-09-30T13:52:15","date_gmt":"2025-09-30T13:52:15","guid":{"rendered":"https:\/\/ledenonciateur224.com\/?p=5364"},"modified":"2025-09-30T13:52:15","modified_gmt":"2025-09-30T13:52:15","slug":"presidentielle-2025-dr-faya-millimono-denonce-une-annonce-unilaterale-et-une-precipitation-dangereuse","status":"publish","type":"post","link":"https:\/\/ledenonciateur224.com\/index.php\/presidentielle-2025-dr-faya-millimono-denonce-une-annonce-unilaterale-et-une-precipitation-dangereuse\/","title":{"rendered":"Pr\u00e9sidentielle 2025: Dr Faya Millimono d\u00e9nonce une annonce unilat\u00e9rale et une \u00ab pr\u00e9cipitation dangereuse \u00bb"},"content":{"rendered":"<p>Le pr\u00e9sident de la transition guin\u00e9enne, le G\u00e9n\u00e9ral Mamadi Doumbouya, a fix\u00e9 au\u00a0<strong>28 d\u00e9cembre 2025<\/strong>\u00a0la date de l\u2019\u00e9lection pr\u00e9sidentielle, par d\u00e9cret lu \u00e0 la t\u00e9l\u00e9vision nationale le week-end dernier.<\/p>\n<p>Une d\u00e9cision que\u00a0<strong>Dr Faya Millimono<\/strong>, pr\u00e9sident du Bloc Lib\u00e9ral (BL), a comment\u00e9e ce mardi 30 septembre. Pour lui, cette annonce pr\u00e9sidentielle manque de concertation et illustre une d\u00e9rive autoritaire du pouvoir militaire.<\/p>\n<p>\u00ab Bon, \u00e7a a \u00e9t\u00e9 assez militaire. On sait que ce sont des militaires qui sont au pouvoir, mais il faut que le pr\u00e9sident Mamadi Doumbouya dose un peu la dimension militaire de ses actes. \u00c7a fait quand m\u00eame quatre ans qu\u2019il est l\u00e0. Il y a des choses qui n\u00e9cessitent une certaine concertation \u00bb, a-t-il affirm\u00e9.<\/p>\n<p>Selon lui, l\u2019absence de dialogue national avant l\u2019annonce de cette date compromet la l\u00e9gitimit\u00e9 du processus.<\/p>\n<p>\u00ab Quand le dialogue est compl\u00e8tement interrompu dans un pays, \u00e7a ne conduit pas \u00e0 un bon lendemain. J\u2019aurais souhait\u00e9 que cette annonce soit pr\u00e9c\u00e9d\u00e9e d\u2019un dialogue, car plusieurs d\u00e9cisions prises auparavant n\u2019\u00e9taient pas consensuelles. Certains Guin\u00e9ens n\u2019\u00e9taient pas d\u2019accord. Un dialogue aurait permis d\u2019identifier les \u00e9checs et de mieux pr\u00e9parer la suite. \u00bb<\/p>\n<p>Dr Millimono fustige \u00e9galement ce qu\u2019il qualifie de \u00ab pr\u00e9cipitation \u00bb dans le processus \u00e9lectoral, estimant que le\u00a0<strong>CNRD<\/strong>\u00a0(Comit\u00e9 National du Rassemblement pour le D\u00e9veloppement) a trahi ses engagements initiaux.<\/p>\n<p>\u00ab Le CNRD est venu avec beaucoup de promesses, mais il s\u2019est av\u00e9r\u00e9 que c\u2019\u00e9tait de la tromperie. Aujourd\u2019hui, nous avons vu leur vrai visage \u00bb, a-t-il d\u00e9nonc\u00e9, en r\u00e9f\u00e9rence \u00e0 l\u2019audience de la Cour supr\u00eame qu\u2019il juge ill\u00e9gale.<\/p>\n<p>Il accuse l\u2019institution d\u2019avoir viol\u00e9 les d\u00e9lais l\u00e9gaux pour le traitement des recours \u00e9lectoraux :\u00ab Apr\u00e8s la proclamation des r\u00e9sultats globaux provisoires, un d\u00e9lai de 72 heures devait permettre aux contestataires de d\u00e9poser des recours. Ce d\u00e9lai allait jusqu\u2019\u00e0 23h59 du vendredi. Mais la Cour supr\u00eame a rendu sa d\u00e9cision \u00e0 18h, bien avant l\u2019expiration du d\u00e9lai. Nous \u00e9tions l\u00e0, au nom de deux partis politiques, pour d\u00e9poser notre recours. Les membres de la Cour \u00e9taient \u00e9tonn\u00e9s. Un d\u2019entre eux nous a confi\u00e9 qu\u2019ils allaient rendre leur d\u00e9cision dans la soir\u00e9e. C\u2019est une violation claire de la loi. \u00bb<\/p>\n<p>Tr\u00e8s d\u00e9\u00e7u, il estime que la justice guin\u00e9enne a failli \u00e0 sa mission :<\/p>\n<p>\u00ab J\u2019ai pens\u00e9 que nos magistrats allaient donner un sens \u00e0 l\u2019expression \u00ab\u00a0la justice est la boussole\u00a0\u00bb, mais malheureusement, c\u2019est le CNRD lui-m\u00eame qui foule au sol cette id\u00e9e. \u00bb<\/p>\n<p>Interrog\u00e9 sur sa propre \u00e9ventuelle candidature \u00e0 la pr\u00e9sidentielle de 2025, Dr Millimono reste prudent :<\/p>\n<p>\u00ab \u00catre pr\u00e9sident d\u2019un parti ne signifie pas automatiquement \u00eatre candidat \u00e0 une \u00e9lection. Lorsque nous tiendrons notre congr\u00e8s, nous d\u00e9ciderons si nous participons \u00e0 l\u2019\u00e9lection. Ce congr\u00e8s pourrait \u00eatre \u00e9rig\u00e9 en convention pour investir un candidat. Est-ce que ce candidat sera Faya Millimono ? Je pr\u00e9f\u00e8re garder le suspense. Ce qui est certain, c\u2019est que le BL agira toujours dans l\u2019int\u00e9r\u00eat sup\u00e9rieur de ce pays. \u00bb<\/p>\n<h3><\/h3>\n<p>Revenant sur l\u2019absence potentielle de figures majeures comme\u00a0<strong>Cellou Dalein Diallo<\/strong>\u00a0ou\u00a0<strong>Sidya Tour\u00e9<\/strong>, Dr Millimono pointe du doigt l\u2019exclusion de certains acteurs du jeu politique.<\/p>\n<p>\u00ab C\u2019est pour cela que j\u2019avais souhait\u00e9 qu\u2019on n\u2019annonce pas cette date sans concertation pr\u00e9alable. Si les acteurs politiques et sociaux s\u2019\u00e9taient r\u00e9unis pour parler d\u2019une m\u00eame voix, on aurait pu cr\u00e9er un consensus capable de pr\u00e9server la paix. \u00bb<\/p>\n<p>Il met en doute la cr\u00e9dibilit\u00e9 du processus :<\/p>\n<p>\u00ab On ne peut pas dire que ces \u00e9lections seront consensuelles, ni qu\u2019elles seront inclusives ou transparentes. Tout cela donne une salade difficilement mangeable. \u00bb<\/p>\n<p>Selon lui, le choix du CNRD de commencer par la pr\u00e9sidentielle au lieu des \u00e9lections locales ou l\u00e9gislatives est r\u00e9v\u00e9lateur :<\/p>\n<p>\u00ab Ce qu\u2019ils ont fait est conforme \u00e0 ce qu\u2019ils sont : tout ce qu\u2019ils avaient dit jusque-l\u00e0 \u00e9tait faux. M\u00eame la \u00ab\u00a0justice boussole\u00a0\u00bb, ou la pr\u00e9tendue d\u00e9politisation de l\u2019administration, sont devenues des slogans vides. \u00bb<\/p>\n<p>Il conclut sur une note sombre :<\/p>\n<p>\u00ab La Guin\u00e9e va tr\u00e8s mal. Et c\u2019est pour cela que nous disons aujourd\u2019hui que cette salade est devenue difficilement avalable.<\/p>\n<p>&nbsp;<\/p>\n<p>&nbsp;<\/p>\n<p>Ledenonciateur224.com<\/p>\n","protected":false},"excerpt":{"rendered":"<p>Le pr\u00e9sident de la transition guin\u00e9enne, le G\u00e9n\u00e9ral Mamadi Doumbouya, a fix\u00e9 au\u00a028 d\u00e9cembre 2025\u00a0la date de l\u2019\u00e9lection pr\u00e9sidentielle, par d\u00e9cret lu \u00e0 la t\u00e9l\u00e9vision nationale le week-end dernier. Une d\u00e9cision que\u00a0Dr Faya Millimono, pr\u00e9sident du Bloc Lib\u00e9ral (BL), a comment\u00e9e ce mardi 30 septembre. Pour lui, cette annonce pr\u00e9sidentielle manque de concertation et illustre [&hellip;]<\/p>\n","protected":false},"author":2,"featured_media":5365,"comment_status":"closed","ping_status":"closed","sticky":false,"template":"","format":"standard","meta":{"_jetpack_memberships_contains_paid_content":false,"footnotes":"","jetpack_publicize_message":"","jetpack_publicize_feature_enabled":true,"jetpack_social_post_already_shared":true,"jetpack_social_options":{"image_generator_settings":{"template":"highway","default_image_id":0,"font":"","enabled":false},"version":2}},"categories":[24,27],"tags":[1194,966],"class_list":{"0":"post-5364","1":"post","2":"type-post","3":"status-publish","4":"format-standard","5":"has-post-thumbnail","7":"category-news","8":"category-politique","9":"tag-dr-faya-millimono","10":"tag-presidentielle"},"jetpack_publicize_connections":[],"jetpack_featured_media_url":"https:\/\/ledenonciateur224.com\/wp-content\/uploads\/2025\/09\/images-3.jpeg","jetpack_sharing_enabled":true,"_links":{"self":[{"href":"https:\/\/ledenonciateur224.com\/index.php\/wp-json\/wp\/v2\/posts\/5364","targetHints":{"allow":["GET"]}}],"collection":[{"href":"https:\/\/ledenonciateur224.com\/index.php\/wp-json\/wp\/v2\/posts"}],"about":[{"href":"https:\/\/ledenonciateur224.com\/index.php\/wp-json\/wp\/v2\/types\/post"}],"author":[{"embeddable":true,"href":"https:\/\/ledenonciateur224.com\/index.php\/wp-json\/wp\/v2\/users\/2"}],"replies":[{"embeddable":true,"href":"https:\/\/ledenonciateur224.com\/index.php\/wp-json\/wp\/v2\/comments?post=5364"}],"version-history":[{"count":0,"href":"https:\/\/ledenonciateur224.com\/index.php\/wp-json\/wp\/v2\/posts\/5364\/revisions"}],"wp:featuredmedia":[{"embeddable":true,"href":"https:\/\/ledenonciateur224.com\/index.php\/wp-json\/wp\/v2\/media\/5365"}],"wp:attachment":[{"href":"https:\/\/ledenonciateur224.com\/index.php\/wp-json\/wp\/v2\/media?parent=5364"}],"wp:term":[{"taxonomy":"category","embeddable":true,"href":"https:\/\/ledenonciateur224.com\/index.php\/wp-json\/wp\/v2\/categories?post=5364"},{"taxonomy":"post_tag","embeddable":true,"href":"https:\/\/ledenonciateur224.com\/index.php\/wp-json\/wp\/v2\/tags?post=5364"}],"curies":[{"name":"wp","href":"https:\/\/api.w.org\/{rel}","templated":true}]}}