{"id":5367,"date":"2025-09-30T22:24:20","date_gmt":"2025-09-30T22:24:20","guid":{"rendered":"https:\/\/ledenonciateur224.com\/?p=5367"},"modified":"2025-09-30T22:24:20","modified_gmt":"2025-09-30T22:24:20","slug":"guinee-le-forum-national-des-jeunes-des-partis-politiques-fonajep-renouvelle-son-bureau-executif-pour-un-nouveau-mandat","status":"publish","type":"post","link":"https:\/\/ledenonciateur224.com\/index.php\/guinee-le-forum-national-des-jeunes-des-partis-politiques-fonajep-renouvelle-son-bureau-executif-pour-un-nouveau-mandat\/","title":{"rendered":"Guin\u00e9e : Le Forum National des Jeunes des Partis Politiques (FONAJEP) renouvelle son bureau ex\u00e9cutif pour un nouveau mandat"},"content":{"rendered":"<p>Pour la septi\u00e8me fois depuis sa cr\u00e9ation, le Forum National des Jeunes des Partis Politiques (FONAJEP) a proc\u00e9d\u00e9 au renouvellement de son bureau ex\u00e9cutif national. Cette \u00e9lection intervient \u00e0 l\u2019issue du mandat de l\u2019\u00e9quipe sortante, \u00e9lue en 2023. Le congr\u00e8s \u00e9lectif s\u2019est tenu ce mardi 30 septembre \u00e0 Conakry, dans une atmosph\u00e8re conviviale et empreinte de fraternit\u00e9, r\u00e9unissant les jeunes repr\u00e9sentants des partis politiques membres de la plateforme.<\/p>\n<p>Au terme de ce congr\u00e8s, Lamine 1 Kamano, membre du parti ARENA, a \u00e9t\u00e9 port\u00e9 \u00e0 la pr\u00e9sidence du FONAJEP pour la mandature 2025-2027, succ\u00e9dant ainsi \u00e0 Mansar\u00e9 Yatigna, pr\u00e9sident sortant.<\/p>\n<h3><strong>Un bilan jug\u00e9 \u00e9logieux par le pr\u00e9sident sortant<\/strong><\/h3>\n<p>S\u2019exprimant devant la presse \u00e0 l\u2019occasion de ce passage de t\u00e9moin, Mansar\u00e9 Yatigna n\u2019a pas cach\u00e9 sa fiert\u00e9 quant au travail accompli au cours de son mandat. Il dresse un bilan qu\u2019il qualifie lui-m\u00eame d\u2019\u00e9logieux, fruit d\u2019un effort collectif men\u00e9 avec abn\u00e9gation :\u00ab Effectivement, je peux me permettre de parler d\u2019un bilan \u00e9logieux, au nom de tous les membres du bureau ex\u00e9cutif sortant. Ce fut pour nous une exp\u00e9rience extr\u00eamement enrichissante. Durant les 24 mois de notre mandat, nous avons r\u00e9alis\u00e9 124 activit\u00e9s concr\u00e8tes, soit une moyenne de cinq activit\u00e9s par semaine. \u00bb<\/p>\n<p>Ce r\u00e9sultat, souligne-t-il, est le fruit d\u2019un engagement collectif, malgr\u00e9 les nombreux d\u00e9fis rencontr\u00e9s :\u00ab Ce r\u00e9sultat n\u2019est pas l\u2019\u0153uvre d\u2019un seul homme. C\u2019est celui d\u2019une \u00e9quipe qui a travaill\u00e9 d\u2019arrache-pied, jour et nuit. Bien s\u00fbr, des obstacles se sont dress\u00e9s sur notre chemin, mais nous avons aussi su saisir les opportunit\u00e9s, ce qui nous a permis de r\u00e9aliser ce programme ambitieux. \u00bb<\/p>\n<h3><\/h3>\n<p>Avant de passer le t\u00e9moin, M. Yatigna a formul\u00e9 plusieurs recommandations \u00e0 l\u2019endroit du nouveau bureau. Il insiste notamment sur l\u2019importance de l\u2019autonomie des jeunes au sein du forum :\u00ab Il est primordial de continuer \u00e0 renforcer les capacit\u00e9s de nos d\u00e9l\u00e9gu\u00e9s sur la vision, la mission et les objectifs du Forum. Cela permettra de limiter les influences partisanes sur certains d\u00e9l\u00e9gu\u00e9s. Il faut surtout pr\u00e9server les acquis du FONAJEP et p\u00e9renniser cette organisation qui incarne aujourd\u2019hui une plateforme dynamique et inclusive des jeunes engag\u00e9s dans la vie politique nationale. \u00bb<\/p>\n<h3><strong>Lamine 1 Kamano, un pr\u00e9sident engag\u00e9 pour l\u2019unit\u00e9 et l\u2019ouverture r\u00e9gionale<\/strong><\/h3>\n<p><img loading=\"lazy\" decoding=\"async\" class=\"alignnone size-full wp-image-5368\" src=\"https:\/\/ledenonciateur224.com\/wp-content\/uploads\/2025\/09\/img-20250930-141703-644-768x346-1.jpg\" alt=\"\" width=\"768\" height=\"346\" srcset=\"https:\/\/ledenonciateur224.com\/wp-content\/uploads\/2025\/09\/img-20250930-141703-644-768x346-1.jpg 768w, https:\/\/ledenonciateur224.com\/wp-content\/uploads\/2025\/09\/img-20250930-141703-644-768x346-1-300x135.jpg 300w, https:\/\/ledenonciateur224.com\/wp-content\/uploads\/2025\/09\/img-20250930-141703-644-768x346-1-150x68.jpg 150w, https:\/\/ledenonciateur224.com\/wp-content\/uploads\/2025\/09\/img-20250930-141703-644-768x346-1-696x314.jpg 696w\" sizes=\"auto, (max-width: 768px) 100vw, 768px\" \/><\/p>\n<p>Nouveau pr\u00e9sident du Forum, Lamine 1 Kamano se dit pleinement conscient des responsabilit\u00e9s qui l\u2019attendent. Il entend inscrire son action dans la continuit\u00e9, tout en visant de nouveaux horizons.\u00ab Nous assumons cette responsabilit\u00e9 avec humilit\u00e9. L\u2019\u00e9quipe sortante a accompli un travail remarquable. Notre premier d\u00e9fi sera de pr\u00e9server l\u2019unit\u00e9 au sein du Forum, mais aussi de participer activement \u00e0 la construction de notre nation, \u00e0 un moment charni\u00e8re marqu\u00e9 par les pr\u00e9paratifs des \u00e9lections pr\u00e9sidentielles. \u00bb<\/p>\n<p>L\u2019ambition du nouveau bureau ne se limite pas aux fronti\u00e8res guin\u00e9ennes. Le pr\u00e9sident entrant envisage d\u2019\u00e9tendre le mod\u00e8le du FONAJEP \u00e0 l\u2019\u00e9chelle r\u00e9gionale et continentale :\u00ab Nous allons \u0153uvrer \u00e0 implanter le Forum au-del\u00e0 des fronti\u00e8res nationales, dans la sous-r\u00e9gion et \u00e0 travers le continent africain. Ce mod\u00e8le est aujourd\u2019hui salu\u00e9 par la CEDEAO et d\u2019autres institutions africaines. \u00bb<\/p>\n<p>Sur le plan interne, plusieurs chantiers sont \u00e9galement envisag\u00e9s :\u00ab Le FONAJEP est d\u00e9j\u00e0 pr\u00e9sent dans 229 sous-pr\u00e9fectures. Nous allons travailler \u00e0 couvrir l\u2019ensemble du territoire national, renforcer les 33 antennes existantes, et redynamiser les 18 bureaux r\u00e9gionaux pour consolider notre pr\u00e9sence \u00e0 l\u2019\u00e9chelle nationale. \u00bb<\/p>\n<h3><\/h3>\n<p>Avec ce nouveau passage de t\u00e9moin, le FONAJEP poursuit sa mission de mobilisation, de formation et de repr\u00e9sentation des jeunes issus des diff\u00e9rents partis politiques de Guin\u00e9e. Dans un contexte sociopolitique marqu\u00e9 par de nombreuses attentes, la nouvelle \u00e9quipe dirigeante est d\u00e9sormais attendue sur les r\u00e9sultats.<\/p>\n<p>&nbsp;<\/p>\n<p>Ledenonciateur224.com<\/p>\n","protected":false},"excerpt":{"rendered":"<p>Pour la septi\u00e8me fois depuis sa cr\u00e9ation, le Forum National des Jeunes des Partis Politiques (FONAJEP) a proc\u00e9d\u00e9 au renouvellement de son bureau ex\u00e9cutif national. Cette \u00e9lection intervient \u00e0 l\u2019issue du mandat de l\u2019\u00e9quipe sortante, \u00e9lue en 2023. Le congr\u00e8s \u00e9lectif s\u2019est tenu ce mardi 30 septembre \u00e0 Conakry, dans une atmosph\u00e8re conviviale et empreinte [&hellip;]<\/p>\n","protected":false},"author":2,"featured_media":5369,"comment_status":"closed","ping_status":"closed","sticky":false,"template":"","format":"standard","meta":{"_jetpack_memberships_contains_paid_content":false,"footnotes":"","jetpack_publicize_message":"","jetpack_publicize_feature_enabled":true,"jetpack_social_post_already_shared":true,"jetpack_social_options":{"image_generator_settings":{"template":"highway","default_image_id":0,"font":"","enabled":false},"version":2}},"categories":[24,27],"tags":[473],"class_list":{"0":"post-5367","1":"post","2":"type-post","3":"status-publish","4":"format-standard","5":"has-post-thumbnail","7":"category-news","8":"category-politique","9":"tag-partis-politiques"},"jetpack_publicize_connections":[],"jetpack_featured_media_url":"https:\/\/ledenonciateur224.com\/wp-content\/uploads\/2025\/09\/img-20250930-140857-091-696x313-1.jpg","jetpack_sharing_enabled":true,"_links":{"self":[{"href":"https:\/\/ledenonciateur224.com\/index.php\/wp-json\/wp\/v2\/posts\/5367","targetHints":{"allow":["GET"]}}],"collection":[{"href":"https:\/\/ledenonciateur224.com\/index.php\/wp-json\/wp\/v2\/posts"}],"about":[{"href":"https:\/\/ledenonciateur224.com\/index.php\/wp-json\/wp\/v2\/types\/post"}],"author":[{"embeddable":true,"href":"https:\/\/ledenonciateur224.com\/index.php\/wp-json\/wp\/v2\/users\/2"}],"replies":[{"embeddable":true,"href":"https:\/\/ledenonciateur224.com\/index.php\/wp-json\/wp\/v2\/comments?post=5367"}],"version-history":[{"count":0,"href":"https:\/\/ledenonciateur224.com\/index.php\/wp-json\/wp\/v2\/posts\/5367\/revisions"}],"wp:featuredmedia":[{"embeddable":true,"href":"https:\/\/ledenonciateur224.com\/index.php\/wp-json\/wp\/v2\/media\/5369"}],"wp:attachment":[{"href":"https:\/\/ledenonciateur224.com\/index.php\/wp-json\/wp\/v2\/media?parent=5367"}],"wp:term":[{"taxonomy":"category","embeddable":true,"href":"https:\/\/ledenonciateur224.com\/index.php\/wp-json\/wp\/v2\/categories?post=5367"},{"taxonomy":"post_tag","embeddable":true,"href":"https:\/\/ledenonciateur224.com\/index.php\/wp-json\/wp\/v2\/tags?post=5367"}],"curies":[{"name":"wp","href":"https:\/\/api.w.org\/{rel}","templated":true}]}}