{"id":5379,"date":"2025-10-02T13:00:07","date_gmt":"2025-10-02T13:00:07","guid":{"rendered":"https:\/\/ledenonciateur224.com\/?p=5379"},"modified":"2025-10-02T13:00:07","modified_gmt":"2025-10-02T13:00:07","slug":"independance-le-general-doumbouya-honore-les-martyrs-dans-la-sobriete","status":"publish","type":"post","link":"https:\/\/ledenonciateur224.com\/index.php\/independance-le-general-doumbouya-honore-les-martyrs-dans-la-sobriete\/","title":{"rendered":"Ind\u00e9pendance : Le G\u00e9n\u00e9ral Doumbouya honore les martyrs dans la sobri\u00e9t\u00e9"},"content":{"rendered":"<p>\u00c0 l\u2019occasion du\u00a0<strong>67e anniversaire de l\u2019ind\u00e9pendance de la Guin\u00e9e<\/strong>, le Pr\u00e9sident de la transition,\u00a0<strong>le G\u00e9n\u00e9ral Mamadi Doumbouya<\/strong>, a pr\u00e9sid\u00e9 ce jeudi une c\u00e9r\u00e9monie de d\u00e9p\u00f4t de gerbe de fleurs \u00e0 la\u00a0<strong>Place des Martyrs<\/strong>, \u00e0 Conakry. Ce geste hautement symbolique vise \u00e0 honorer la m\u00e9moire des r\u00e9sistants et des h\u00e9ros de la lutte anticoloniale.<\/p>\n<p>Accompagn\u00e9 de son \u00e9pouse,\u00a0<strong>Madame Lauriane Doumbouya<\/strong>, le Chef de l\u2019\u00c9tat a fait une arriv\u00e9e remarqu\u00e9e \u00e0 bord d\u2019une Jeep militaire. Ovationn\u00e9 par une foule nombreuse et enthousiaste, massivement mobilis\u00e9e \u00e0\u00a0<strong>Kaloum<\/strong>, il a d\u2019abord salu\u00e9 les citoyens avant de rejoindre la loge officielle o\u00f9 l\u2019attendaient plusieurs personnalit\u00e9s civiles, militaires et diplomatiques.<\/p>\n<p>Entour\u00e9 de ses gardes rapproch\u00e9s, le G\u00e9n\u00e9ral Doumbouya s\u2019est ensuite dirig\u00e9 vers la statue d\u00e9di\u00e9e aux r\u00e9sistants anticoloniaux pour y d\u00e9poser une gerbe de fleurs. Un moment de recueillement empreint d\u2019\u00e9motion, en hommage \u00e0 celles et ceux qui ont sacrifi\u00e9 leur vie pour l\u2019accession du pays \u00e0 la souverainet\u00e9 nationale, le\u00a0<strong>2 octobre 1958<\/strong>.<\/p>\n<p>Fait notable cette ann\u00e9e :\u00a0<strong>aucun d\u00e9fil\u00e9 militaire<\/strong>\u00a0n\u2019a \u00e9t\u00e9 organis\u00e9, marquant une volont\u00e9 de sobri\u00e9t\u00e9 dans cette comm\u00e9moration. Par ailleurs, le Pr\u00e9sident de la transition\u00a0<strong>n\u2019a pas accord\u00e9 d\u2019interview<\/strong>\u00a0aux m\u00e9dias pr\u00e9sents, contrairement aux ann\u00e9es pr\u00e9c\u00e9dentes.<\/p>\n<p>Cette c\u00e9r\u00e9monie, bien que r\u00e9duite dans son format, r\u00e9affirme la volont\u00e9 des autorit\u00e9s de\u00a0<strong>pr\u00e9server la m\u00e9moire historique<\/strong>\u00a0et de maintenir le lien entre le pass\u00e9 h\u00e9ro\u00efque de la Guin\u00e9e et les aspirations actuelles du peuple.<\/p>\n<p>&nbsp;<\/p>\n<p>Ledenonciateur224.com<\/p>\n","protected":false},"excerpt":{"rendered":"<p>\u00c0 l\u2019occasion du\u00a067e anniversaire de l\u2019ind\u00e9pendance de la Guin\u00e9e, le Pr\u00e9sident de la transition,\u00a0le G\u00e9n\u00e9ral Mamadi Doumbouya, a pr\u00e9sid\u00e9 ce jeudi une c\u00e9r\u00e9monie de d\u00e9p\u00f4t de gerbe de fleurs \u00e0 la\u00a0Place des Martyrs, \u00e0 Conakry. Ce geste hautement symbolique vise \u00e0 honorer la m\u00e9moire des r\u00e9sistants et des h\u00e9ros de la lutte anticoloniale. Accompagn\u00e9 de [&hellip;]<\/p>\n","protected":false},"author":2,"featured_media":5380,"comment_status":"closed","ping_status":"closed","sticky":false,"template":"","format":"standard","meta":{"_jetpack_memberships_contains_paid_content":false,"footnotes":"","jetpack_publicize_message":"","jetpack_publicize_feature_enabled":true,"jetpack_social_post_already_shared":true,"jetpack_social_options":{"image_generator_settings":{"template":"highway","default_image_id":0,"font":"","enabled":false},"version":2}},"categories":[30,24],"tags":[531,35],"class_list":{"0":"post-5379","1":"post","2":"type-post","3":"status-publish","4":"format-standard","5":"has-post-thumbnail","7":"category-faits-divers","8":"category-news","9":"tag-independance","10":"tag-guinee"},"jetpack_publicize_connections":[],"jetpack_featured_media_url":"https:\/\/ledenonciateur224.com\/wp-content\/uploads\/2025\/10\/fb-img-1759409955421.jpg","jetpack_sharing_enabled":true,"_links":{"self":[{"href":"https:\/\/ledenonciateur224.com\/index.php\/wp-json\/wp\/v2\/posts\/5379","targetHints":{"allow":["GET"]}}],"collection":[{"href":"https:\/\/ledenonciateur224.com\/index.php\/wp-json\/wp\/v2\/posts"}],"about":[{"href":"https:\/\/ledenonciateur224.com\/index.php\/wp-json\/wp\/v2\/types\/post"}],"author":[{"embeddable":true,"href":"https:\/\/ledenonciateur224.com\/index.php\/wp-json\/wp\/v2\/users\/2"}],"replies":[{"embeddable":true,"href":"https:\/\/ledenonciateur224.com\/index.php\/wp-json\/wp\/v2\/comments?post=5379"}],"version-history":[{"count":0,"href":"https:\/\/ledenonciateur224.com\/index.php\/wp-json\/wp\/v2\/posts\/5379\/revisions"}],"wp:featuredmedia":[{"embeddable":true,"href":"https:\/\/ledenonciateur224.com\/index.php\/wp-json\/wp\/v2\/media\/5380"}],"wp:attachment":[{"href":"https:\/\/ledenonciateur224.com\/index.php\/wp-json\/wp\/v2\/media?parent=5379"}],"wp:term":[{"taxonomy":"category","embeddable":true,"href":"https:\/\/ledenonciateur224.com\/index.php\/wp-json\/wp\/v2\/categories?post=5379"},{"taxonomy":"post_tag","embeddable":true,"href":"https:\/\/ledenonciateur224.com\/index.php\/wp-json\/wp\/v2\/tags?post=5379"}],"curies":[{"name":"wp","href":"https:\/\/api.w.org\/{rel}","templated":true}]}}