{"id":5382,"date":"2025-10-02T15:13:13","date_gmt":"2025-10-02T15:13:13","guid":{"rendered":"https:\/\/ledenonciateur224.com\/?p=5382"},"modified":"2025-10-02T15:13:13","modified_gmt":"2025-10-02T15:13:13","slug":"celebration-du-2-octobre-a-kankan-avec-un-enthousiasme-modere","status":"publish","type":"post","link":"https:\/\/ledenonciateur224.com\/index.php\/celebration-du-2-octobre-a-kankan-avec-un-enthousiasme-modere\/","title":{"rendered":"C\u00e9l\u00e9bration du 2 octobre \u00e0 Kankan avec un enthousiasme mod\u00e9r\u00e9"},"content":{"rendered":"<p>\u00c0 l\u2019instar des autres r\u00e9gions de la Guin\u00e9e, la Haute-Guin\u00e9e a c\u00e9l\u00e9br\u00e9 le 67\u1d49 anniversaire de l\u2019accession de notre pays \u00e0 l\u2019ind\u00e9pendance. \u00c0 Kankan, le gouverneur de la r\u00e9gion, accompagn\u00e9 des autorit\u00e9s locales, a proc\u00e9d\u00e9 \u00e0 une c\u00e9r\u00e9monie de d\u00e9p\u00f4t de gerbe au monument des martyrs.<\/p>\n<p><img loading=\"lazy\" decoding=\"async\" class=\"alignnone size-full wp-image-5384\" src=\"https:\/\/ledenonciateur224.com\/wp-content\/uploads\/2025\/10\/img-20251002-wa0118.jpg\" alt=\"\" width=\"1020\" height=\"574\" srcset=\"https:\/\/ledenonciateur224.com\/wp-content\/uploads\/2025\/10\/img-20251002-wa0118.jpg 1020w, https:\/\/ledenonciateur224.com\/wp-content\/uploads\/2025\/10\/img-20251002-wa0118-300x169.jpg 300w, https:\/\/ledenonciateur224.com\/wp-content\/uploads\/2025\/10\/img-20251002-wa0118-768x432.jpg 768w, https:\/\/ledenonciateur224.com\/wp-content\/uploads\/2025\/10\/img-20251002-wa0118-150x84.jpg 150w, https:\/\/ledenonciateur224.com\/wp-content\/uploads\/2025\/10\/img-20251002-wa0118-696x392.jpg 696w, https:\/\/ledenonciateur224.com\/wp-content\/uploads\/2025\/10\/img-20251002-wa0118-746x420.jpg 746w\" sizes=\"auto, (max-width: 1020px) 100vw, 1020px\" \/><\/p>\n<p>Dans son discours, le gouverneur, Colonel Moussa Cond\u00e9, a rendu hommage aux forces de d\u00e9fense pour leurs nombreux sacrifices en faveur de la nation.\u00ab Je tiens \u00e0 exprimer ma profonde gratitude au chef de l&rsquo;\u00c9tat, Mamady Doumbouya, ainsi qu&rsquo;\u00e0 l&rsquo;ensemble des forces de d\u00e9fense, pour les r\u00e9formes engag\u00e9es et les sacrifices consentis depuis l&rsquo;acc\u00e8s au pouvoir. En ce 2 octobre, nous c\u00e9l\u00e9brons ensemble un moment historique pour notre nation. C&rsquo;est une occasion de r\u00e9fl\u00e9chir au chemin parcouru \u00bb, a d\u00e9clar\u00e9 le Colonel Moussa Cond\u00e9, gouverneur de Kankan.<\/p>\n<p>Toujours dans son allocution, le gouverneur a \u00e9galement rendu un hommage appuy\u00e9 \u00e0 nos pr\u00e9d\u00e9cesseurs, ainsi qu&rsquo;\u00e0 la population de Kankan, pour leur soutien massif ayant conduit \u00e0 l\u2019adoption du \u00ab oui \u00bb lors du r\u00e9f\u00e9rendum de 1958.\u00ab Je tiens \u00e0 rendre hommage \u00e0 nos h\u00e9ro\u00efnes et h\u00e9ros, car depuis 1958, les femmes ont occup\u00e9 une place centrale dans la conqu\u00eate de notre souverainet\u00e9 et la construction de notre \u00c9tat. Sans leurs luttes, la situation actuelle ne serait pas ce qu&rsquo;elle est. Je souhaite \u00e9galement saluer le courage et la d\u00e9termination des hommes et des femmes de Kankan qui ont contribu\u00e9 au succ\u00e8s du r\u00e9f\u00e9rendum. \u00bb<\/p>\n<p><img loading=\"lazy\" decoding=\"async\" class=\"alignnone size-full wp-image-5385\" src=\"https:\/\/ledenonciateur224.com\/wp-content\/uploads\/2025\/10\/img-20251002-wa0119.jpg\" alt=\"\" width=\"1080\" height=\"607\" srcset=\"https:\/\/ledenonciateur224.com\/wp-content\/uploads\/2025\/10\/img-20251002-wa0119.jpg 1080w, https:\/\/ledenonciateur224.com\/wp-content\/uploads\/2025\/10\/img-20251002-wa0119-300x169.jpg 300w, https:\/\/ledenonciateur224.com\/wp-content\/uploads\/2025\/10\/img-20251002-wa0119-1024x576.jpg 1024w, https:\/\/ledenonciateur224.com\/wp-content\/uploads\/2025\/10\/img-20251002-wa0119-768x432.jpg 768w, https:\/\/ledenonciateur224.com\/wp-content\/uploads\/2025\/10\/img-20251002-wa0119-150x84.jpg 150w, https:\/\/ledenonciateur224.com\/wp-content\/uploads\/2025\/10\/img-20251002-wa0119-696x391.jpg 696w, https:\/\/ledenonciateur224.com\/wp-content\/uploads\/2025\/10\/img-20251002-wa0119-1068x600.jpg 1068w, https:\/\/ledenonciateur224.com\/wp-content\/uploads\/2025\/10\/img-20251002-wa0119-747x420.jpg 747w\" sizes=\"auto, (max-width: 1080px) 100vw, 1080px\" \/><\/p>\n<p>Il est \u00e0 noter que cette c\u00e9l\u00e9bration a enregistr\u00e9 une faible mobilisation des citoyens de Kankan, contrastant avec les ann\u00e9es pr\u00e9c\u00e9dentes.<\/p>\n<p>&nbsp;<\/p>\n<p><em>Mamoudou Aim\u00e9 C\u00e9saire, pour Ledenonciateur224.com<\/em><\/p>\n","protected":false},"excerpt":{"rendered":"<p>\u00c0 l\u2019instar des autres r\u00e9gions de la Guin\u00e9e, la Haute-Guin\u00e9e a c\u00e9l\u00e9br\u00e9 le 67\u1d49 anniversaire de l\u2019accession de notre pays \u00e0 l\u2019ind\u00e9pendance. \u00c0 Kankan, le gouverneur de la r\u00e9gion, accompagn\u00e9 des autorit\u00e9s locales, a proc\u00e9d\u00e9 \u00e0 une c\u00e9r\u00e9monie de d\u00e9p\u00f4t de gerbe au monument des martyrs. Dans son discours, le gouverneur, Colonel Moussa Cond\u00e9, a [&hellip;]<\/p>\n","protected":false},"author":2,"featured_media":5383,"comment_status":"closed","ping_status":"closed","sticky":false,"template":"","format":"standard","meta":{"_jetpack_memberships_contains_paid_content":false,"footnotes":"","jetpack_publicize_message":"","jetpack_publicize_feature_enabled":true,"jetpack_social_post_already_shared":true,"jetpack_social_options":{"image_generator_settings":{"template":"highway","default_image_id":0,"font":"","enabled":false},"version":2}},"categories":[30,24],"tags":[570,531],"class_list":{"0":"post-5382","1":"post","2":"type-post","3":"status-publish","4":"format-standard","5":"has-post-thumbnail","7":"category-faits-divers","8":"category-news","9":"tag-festivites","10":"tag-independance"},"jetpack_publicize_connections":[],"jetpack_featured_media_url":"https:\/\/ledenonciateur224.com\/wp-content\/uploads\/2025\/10\/img-20251002-wa0121.jpg","jetpack_sharing_enabled":true,"_links":{"self":[{"href":"https:\/\/ledenonciateur224.com\/index.php\/wp-json\/wp\/v2\/posts\/5382","targetHints":{"allow":["GET"]}}],"collection":[{"href":"https:\/\/ledenonciateur224.com\/index.php\/wp-json\/wp\/v2\/posts"}],"about":[{"href":"https:\/\/ledenonciateur224.com\/index.php\/wp-json\/wp\/v2\/types\/post"}],"author":[{"embeddable":true,"href":"https:\/\/ledenonciateur224.com\/index.php\/wp-json\/wp\/v2\/users\/2"}],"replies":[{"embeddable":true,"href":"https:\/\/ledenonciateur224.com\/index.php\/wp-json\/wp\/v2\/comments?post=5382"}],"version-history":[{"count":0,"href":"https:\/\/ledenonciateur224.com\/index.php\/wp-json\/wp\/v2\/posts\/5382\/revisions"}],"wp:featuredmedia":[{"embeddable":true,"href":"https:\/\/ledenonciateur224.com\/index.php\/wp-json\/wp\/v2\/media\/5383"}],"wp:attachment":[{"href":"https:\/\/ledenonciateur224.com\/index.php\/wp-json\/wp\/v2\/media?parent=5382"}],"wp:term":[{"taxonomy":"category","embeddable":true,"href":"https:\/\/ledenonciateur224.com\/index.php\/wp-json\/wp\/v2\/categories?post=5382"},{"taxonomy":"post_tag","embeddable":true,"href":"https:\/\/ledenonciateur224.com\/index.php\/wp-json\/wp\/v2\/tags?post=5382"}],"curies":[{"name":"wp","href":"https:\/\/api.w.org\/{rel}","templated":true}]}}