{"id":5393,"date":"2025-10-03T09:55:12","date_gmt":"2025-10-03T09:55:12","guid":{"rendered":"https:\/\/ledenonciateur224.com\/?p=5393"},"modified":"2025-10-03T09:55:12","modified_gmt":"2025-10-03T09:55:12","slug":"independance-de-la-guinee-lafp-reaffirme-son-engagement-derriere-le-general-mamadi-doumbouya","status":"publish","type":"post","link":"https:\/\/ledenonciateur224.com\/index.php\/independance-de-la-guinee-lafp-reaffirme-son-engagement-derriere-le-general-mamadi-doumbouya\/","title":{"rendered":"Ind\u00e9pendance de la Guin\u00e9e : l\u2019AFP r\u00e9affirme son engagement derri\u00e8re le g\u00e9n\u00e9ral Mamadi Doumbouya"},"content":{"rendered":"<p>\u00c0 l\u2019occasion du 67e anniversaire de l\u2019ind\u00e9pendance de la R\u00e9publique de Guin\u00e9e,\u00a0<strong>l\u2019Alliance des Forces Patriotiques (AFP)<\/strong>\u00a0a organis\u00e9, ce jeudi 2 octobre, un banquet comm\u00e9moratif \u00e0 son si\u00e8ge situ\u00e9 dans la commune de Matoto. Cet \u00e9v\u00e9nement, plac\u00e9 sous le signe de la m\u00e9moire, du partage et de l\u2019engagement citoyen, a r\u00e9uni cadres du mouvement et repr\u00e9sentants des m\u00e9dias.<\/p>\n<p>Dans une ambiance conviviale mais politiquement charg\u00e9e, l\u2019AFP a saisi l\u2019opportunit\u00e9 pour non seulement saluer la bravoure des p\u00e8res fondateurs de la Guin\u00e9e ind\u00e9pendante, mais aussi pour affirmer sa ligne de conduite \u00e0 l\u2019approche des \u00e9lections pr\u00e9sidentielles.<\/p>\n<p>Lors d\u2019une interview accord\u00e9e \u00e0 la presse,\u00a0<strong>Cheick Traor\u00e9<\/strong>, responsable de la communication et porte-parole de l\u2019AFP, est revenu sur la port\u00e9e symbolique de cette journ\u00e9e historique :<\/p>\n<p><em>\u00ab Un sentiment de partage et de joie. Il y a exactement 67 ans, naissait le citoyen guin\u00e9en. Aujourd\u2019hui, autour de nous, la majorit\u00e9 sont n\u00e9s Guin\u00e9ens, et non sujets fran\u00e7ais. Ce moment marque notre attachement \u00e0 l\u2019histoire, mais surtout notre responsabilit\u00e9 \u00e0 en \u00e9crire la suite. \u00bb<\/em><\/p>\n<p>Il a \u00e9galement r\u00e9affirm\u00e9 la position de l\u2019AFP dans l\u2019\u00e9chiquier politique actuel, en se positionnant comme un acteur-cl\u00e9 dans l\u2019accompagnement de la transition vers la 5e R\u00e9publique :<\/p>\n<p><em>\u00ab L\u2019AFP est un ensemble coh\u00e9rent, compos\u00e9 de partis politiques et d\u2019acteurs de la soci\u00e9t\u00e9 civile. Elle se veut l\u2019h\u00e9riti\u00e8re de la vision des pionniers de l\u2019ind\u00e9pendance. Et c\u2019est cette m\u00eame vision qu\u2019elle entend incarner en soutenant le g\u00e9n\u00e9ral Mamadi Doumbouya, qui s\u2019appr\u00eate \u00e0 devenir le premier pr\u00e9sident d\u00e9mocratiquement \u00e9lu en Guin\u00e9e, n\u00e9 apr\u00e8s l\u2019ind\u00e9pendance. \u00bb<\/em><\/p>\n<h3><\/h3>\n<p>Dans un discours aux allures de feuille de route, Cheick Traor\u00e9 a insist\u00e9 sur la discipline et la rigueur comme fondements de l\u2019action politique de l\u2019AFP. Il a \u00e9galement salu\u00e9 l\u2019\u00e9lan populaire qui a conduit au\u00a0<strong>triomphe du \u00ab\u00a0OUI\u00a0\u00bb lors du r\u00e9f\u00e9rendum du 21 septembre<\/strong>, consid\u00e9r\u00e9 par le mouvement comme un pl\u00e9biscite en faveur du g\u00e9n\u00e9ral Doumbouya et du CNRD.<\/p>\n<p><em>\u00ab En dehors de l\u2019AFP, de nombreux citoyens et associations ont contribu\u00e9 \u00e0 la promotion de l\u2019image du g\u00e9n\u00e9ral Mamadi Doumbouya. Notre mission est d\u00e9sormais de f\u00e9d\u00e9rer toutes ces forces \u00e0 travers le pays, dans un effet d&rsquo;entonnoir, pour renforcer nos rangs derri\u00e8re notre coordinateur, l\u2019Honorable Aboubacar Soumah. \u00bb<\/em><\/p>\n<p>L\u2019objectif affich\u00e9 est clair :\u00a0<strong>faire de l\u2019AFP le socle de la future mouvance pr\u00e9sidentielle<\/strong>, une structure solide capable d&rsquo;accompagner le g\u00e9n\u00e9ral Doumbouya dans la mise en \u0153uvre de son projet de soci\u00e9t\u00e9. La coalition ambitionne une implantation strat\u00e9gique dans toutes les institutions r\u00e9publicaines \u2013 Parlement, collectivit\u00e9s locales, administration centrale \u2013 afin de transformer les futurs acteurs publics en v\u00e9ritables\u00a0<strong>prestataires de services au service des citoyens<\/strong>.<\/p>\n<p>&nbsp;<\/p>\n<p>AMC pour Ledenonciateur224.com<\/p>\n","protected":false},"excerpt":{"rendered":"<p>\u00c0 l\u2019occasion du 67e anniversaire de l\u2019ind\u00e9pendance de la R\u00e9publique de Guin\u00e9e,\u00a0l\u2019Alliance des Forces Patriotiques (AFP)\u00a0a organis\u00e9, ce jeudi 2 octobre, un banquet comm\u00e9moratif \u00e0 son si\u00e8ge situ\u00e9 dans la commune de Matoto. Cet \u00e9v\u00e9nement, plac\u00e9 sous le signe de la m\u00e9moire, du partage et de l\u2019engagement citoyen, a r\u00e9uni cadres du mouvement et repr\u00e9sentants [&hellip;]<\/p>\n","protected":false},"author":2,"featured_media":5394,"comment_status":"closed","ping_status":"closed","sticky":false,"template":"","format":"standard","meta":{"_jetpack_memberships_contains_paid_content":false,"footnotes":"","jetpack_publicize_message":"","jetpack_publicize_feature_enabled":true,"jetpack_social_post_already_shared":true,"jetpack_social_options":{"image_generator_settings":{"template":"highway","default_image_id":0,"font":"","enabled":false},"version":2}},"categories":[24,27],"tags":[1200,531,49],"class_list":{"0":"post-5393","1":"post","2":"type-post","3":"status-publish","4":"format-standard","5":"has-post-thumbnail","7":"category-news","8":"category-politique","9":"tag-afp","10":"tag-independance","11":"tag-general-mamadi-doumbouya"},"jetpack_publicize_connections":[],"jetpack_featured_media_url":"https:\/\/ledenonciateur224.com\/wp-content\/uploads\/2025\/10\/20251002-184214-scaled.jpg","jetpack_sharing_enabled":true,"_links":{"self":[{"href":"https:\/\/ledenonciateur224.com\/index.php\/wp-json\/wp\/v2\/posts\/5393","targetHints":{"allow":["GET"]}}],"collection":[{"href":"https:\/\/ledenonciateur224.com\/index.php\/wp-json\/wp\/v2\/posts"}],"about":[{"href":"https:\/\/ledenonciateur224.com\/index.php\/wp-json\/wp\/v2\/types\/post"}],"author":[{"embeddable":true,"href":"https:\/\/ledenonciateur224.com\/index.php\/wp-json\/wp\/v2\/users\/2"}],"replies":[{"embeddable":true,"href":"https:\/\/ledenonciateur224.com\/index.php\/wp-json\/wp\/v2\/comments?post=5393"}],"version-history":[{"count":0,"href":"https:\/\/ledenonciateur224.com\/index.php\/wp-json\/wp\/v2\/posts\/5393\/revisions"}],"wp:featuredmedia":[{"embeddable":true,"href":"https:\/\/ledenonciateur224.com\/index.php\/wp-json\/wp\/v2\/media\/5394"}],"wp:attachment":[{"href":"https:\/\/ledenonciateur224.com\/index.php\/wp-json\/wp\/v2\/media?parent=5393"}],"wp:term":[{"taxonomy":"category","embeddable":true,"href":"https:\/\/ledenonciateur224.com\/index.php\/wp-json\/wp\/v2\/categories?post=5393"},{"taxonomy":"post_tag","embeddable":true,"href":"https:\/\/ledenonciateur224.com\/index.php\/wp-json\/wp\/v2\/tags?post=5393"}],"curies":[{"name":"wp","href":"https:\/\/api.w.org\/{rel}","templated":true}]}}