{"id":5396,"date":"2025-10-03T11:15:08","date_gmt":"2025-10-03T11:15:08","guid":{"rendered":"https:\/\/ledenonciateur224.com\/?p=5396"},"modified":"2025-10-03T11:15:08","modified_gmt":"2025-10-03T11:15:08","slug":"dre-diaka-sidibe-cheffe-dorchestre-de-la-reussite-du-67e-anniversaire-de-lindependance-guineenne","status":"publish","type":"post","link":"https:\/\/ledenonciateur224.com\/index.php\/dre-diaka-sidibe-cheffe-dorchestre-de-la-reussite-du-67e-anniversaire-de-lindependance-guineenne\/","title":{"rendered":"Dre Diaka Sidib\u00e9, cheffe d\u2019orchestre de la r\u00e9ussite du 67e anniversaire de l\u2019ind\u00e9pendance guin\u00e9enne"},"content":{"rendered":"<p>La Semaine de l\u2019ind\u00e9pendance, c\u00e9l\u00e9br\u00e9e depuis le\u00a0<strong>29 septembre\u00a0<\/strong>\u00a0restera dans les m\u00e9moires comme un tournant marquant dans la dynamique de refondation nationale. Et pour cause,\u00a0<strong>Dre Diaka Sidib\u00e9<\/strong>, ministre de l\u2019Industrie et des Petites et Moyennes Entreprises, a su incarner, par son engagement et sa vision,\u00a0<strong>l\u2019esprit de renouveau \u00e9conomique et patriotique<\/strong>\u00a0qui a anim\u00e9 cette comm\u00e9moration.<\/p>\n<p><img loading=\"lazy\" decoding=\"async\" class=\"alignnone size-full wp-image-5357\" src=\"https:\/\/ledenonciateur224.com\/wp-content\/uploads\/2025\/09\/fb-img-1759193776361.jpg\" alt=\"\" width=\"1290\" height=\"894\" srcset=\"https:\/\/ledenonciateur224.com\/wp-content\/uploads\/2025\/09\/fb-img-1759193776361.jpg 1290w, https:\/\/ledenonciateur224.com\/wp-content\/uploads\/2025\/09\/fb-img-1759193776361-300x208.jpg 300w, https:\/\/ledenonciateur224.com\/wp-content\/uploads\/2025\/09\/fb-img-1759193776361-1024x710.jpg 1024w, https:\/\/ledenonciateur224.com\/wp-content\/uploads\/2025\/09\/fb-img-1759193776361-768x532.jpg 768w, https:\/\/ledenonciateur224.com\/wp-content\/uploads\/2025\/09\/fb-img-1759193776361-150x104.jpg 150w, https:\/\/ledenonciateur224.com\/wp-content\/uploads\/2025\/09\/fb-img-1759193776361-218x150.jpg 218w, https:\/\/ledenonciateur224.com\/wp-content\/uploads\/2025\/09\/fb-img-1759193776361-696x482.jpg 696w, https:\/\/ledenonciateur224.com\/wp-content\/uploads\/2025\/09\/fb-img-1759193776361-1068x740.jpg 1068w, https:\/\/ledenonciateur224.com\/wp-content\/uploads\/2025\/09\/fb-img-1759193776361-606x420.jpg 606w, https:\/\/ledenonciateur224.com\/wp-content\/uploads\/2025\/09\/fb-img-1759193776361-100x70.jpg 100w\" sizes=\"auto, (max-width: 1290px) 100vw, 1290px\" \/><\/p>\n<p>Plac\u00e9e sous le th\u00e8me\u00a0<strong>\u00ab Jeunes et avenir : vers une souverainet\u00e9 \u00e9conomique pour la Guin\u00e9e \u00bb<\/strong>, la c\u00e9l\u00e9bration a \u00e9t\u00e9 lanc\u00e9e en grande pompe au chapiteau Bye Issa du Palais du peuple, sous le leadership affirm\u00e9 de la ministre.<\/p>\n<p>Des\u00a0<strong>centaines d&rsquo;\u00e9tudiants, de cadres, de chefs d\u2019entreprises et de partenaires techniques<\/strong>\u00a0ont r\u00e9pondu pr\u00e9sents, saluant unanimement\u00a0<strong>la comp\u00e9tence, le dynamisme et la vision structurante de Dre Diaka Sidib\u00e9<\/strong>. Ce th\u00e8me, \u00e0 la fois symbolique et strat\u00e9gique, a permis de replacer la jeunesse au c\u0153ur des politiques industrielles et de rappeler que\u00a0<strong>l\u2019ind\u00e9pendance politique n\u2019a de sens que si elle s\u2019accompagne d\u2019une souverainet\u00e9 \u00e9conomique concr\u00e8te<\/strong>.<\/p>\n<p>La f\u00eate ne s\u2019est pas limit\u00e9e aux sph\u00e8res institutionnelles. \u00c0 la plage de Camayenne, de nombreuses\u00a0<strong>activit\u00e9s culturelles et festives<\/strong>\u00a0ont r\u00e9uni la population autour des valeurs d\u2019unit\u00e9, de m\u00e9moire et de fiert\u00e9 nationale. Encore une fois, la coordination des \u00e9v\u00e9nements par les \u00e9quipes du minist\u00e8re de l\u2019Industrie et des PME, sous la supervision de Dre Diaka Sidib\u00e9, a \u00e9t\u00e9 salu\u00e9e pour sa\u00a0<strong>rigueur organisationnelle et son impact populaire<\/strong>.<\/p>\n<h3><img loading=\"lazy\" decoding=\"async\" class=\"alignnone size-full wp-image-5398\" src=\"https:\/\/ledenonciateur224.com\/wp-content\/uploads\/2025\/10\/fb-img-1759417030645.jpg\" alt=\"\" width=\"1350\" height=\"1800\" srcset=\"https:\/\/ledenonciateur224.com\/wp-content\/uploads\/2025\/10\/fb-img-1759417030645.jpg 1350w, https:\/\/ledenonciateur224.com\/wp-content\/uploads\/2025\/10\/fb-img-1759417030645-225x300.jpg 225w, https:\/\/ledenonciateur224.com\/wp-content\/uploads\/2025\/10\/fb-img-1759417030645-768x1024.jpg 768w, https:\/\/ledenonciateur224.com\/wp-content\/uploads\/2025\/10\/fb-img-1759417030645-1152x1536.jpg 1152w, https:\/\/ledenonciateur224.com\/wp-content\/uploads\/2025\/10\/fb-img-1759417030645-150x200.jpg 150w, https:\/\/ledenonciateur224.com\/wp-content\/uploads\/2025\/10\/fb-img-1759417030645-300x400.jpg 300w, https:\/\/ledenonciateur224.com\/wp-content\/uploads\/2025\/10\/fb-img-1759417030645-696x928.jpg 696w, https:\/\/ledenonciateur224.com\/wp-content\/uploads\/2025\/10\/fb-img-1759417030645-1068x1424.jpg 1068w, https:\/\/ledenonciateur224.com\/wp-content\/uploads\/2025\/10\/fb-img-1759417030645-315x420.jpg 315w\" sizes=\"auto, (max-width: 1350px) 100vw, 1350px\" \/><\/h3>\n<p>Le point culminant de cette semaine a \u00e9t\u00e9 sans doute\u00a0<strong>l\u2019atelier national sur l\u2019Industrie et les PME<\/strong>, tenu le 1er octobre \u00e0 l\u2019h\u00f4tel Radisson Blu. Organis\u00e9 sous la direction de\u00a0<strong>Dre Diaka Sidib\u00e9<\/strong>, cet atelier a rassembl\u00e9 des\u00a0<strong>acteurs publics, priv\u00e9s, institutionnels et acad\u00e9miques<\/strong>, dont\u00a0<strong>50 % \u00e9taient des \u00e9tudiants<\/strong>, t\u00e9moignant d\u2019un choix fort :\u00a0<strong>associer la jeunesse aux grands chantiers de l\u2019industrialisation<\/strong>.<\/p>\n<p>Lors de cet atelier, la ministre a pr\u00e9sent\u00e9\u00a0<strong>des r\u00e9sultats probants<\/strong>\u00a0et des r\u00e9formes ambitieuses, r\u00e9v\u00e9lant une v\u00e9ritable\u00a0<strong>volont\u00e9 de transformation structurelle<\/strong>\u00a0:<\/p>\n<ul>\n<li><strong>PNDIG<\/strong>\u00a0: une strat\u00e9gie nationale pour moderniser les cha\u00eenes de production et promouvoir la transformation locale.<\/li>\n<li><strong>Clusters industriels<\/strong>\u00a0: lancement du\u00a0<strong>premier cluster agro-industriel \u00e0 Entag<\/strong>, initiative in\u00e9dite en Guin\u00e9e sous la clairvoyance du chef de l\u2019\u00c9tat le G\u00e9n\u00e9ral Mamadi Doumbouya.<\/li>\n<li><strong>Atlas de l\u2019Industrie<\/strong>\u00a0: plus de\u00a0<strong>11 100 unit\u00e9s industrielles recens\u00e9es<\/strong>, un outil pr\u00e9cieux pour le pilotage du secteur.<\/li>\n<li><strong>Guichet unique et Guide industriel<\/strong>\u00a0: simplification administrative pour les porteurs de projets et les investisseurs.<\/li>\n<li><strong>R\u00e9formes juridiques de fond<\/strong>\u00a0: adoption du d\u00e9cret du 9 juillet 2025 sur la politique industrielle, loi sur le contenu local, et\u00a0<strong>r\u00e9vision du Code des investissements<\/strong>\u00a0pour un climat d\u2019affaires plus attractif.<\/li>\n<li><strong>Soutien massif aux PME<\/strong>\u00a0: d\u00e9ploiement des\u00a0<strong>CAPME<\/strong>, cr\u00e9ation du\u00a0<strong>FODIP<\/strong>\u00a0dot\u00e9 de\u00a0<strong>220 milliards GNF<\/strong>, et accompagnement sp\u00e9cifique des\u00a0<strong>femmes entrepreneures<\/strong>.<\/li>\n<li><strong>Digitalisation<\/strong>\u00a0: lancement de la\u00a0<strong>plateforme PLAGED<\/strong>\u00a0pour faciliter l\u2019acc\u00e8s aux services et donn\u00e9es industrielles.<\/li>\n<\/ul>\n<h3><img loading=\"lazy\" decoding=\"async\" class=\"alignnone size-full wp-image-5399\" src=\"https:\/\/ledenonciateur224.com\/wp-content\/uploads\/2025\/10\/fb-img-1759417042099.jpg\" alt=\"\" width=\"1350\" height=\"1800\" srcset=\"https:\/\/ledenonciateur224.com\/wp-content\/uploads\/2025\/10\/fb-img-1759417042099.jpg 1350w, https:\/\/ledenonciateur224.com\/wp-content\/uploads\/2025\/10\/fb-img-1759417042099-225x300.jpg 225w, https:\/\/ledenonciateur224.com\/wp-content\/uploads\/2025\/10\/fb-img-1759417042099-768x1024.jpg 768w, https:\/\/ledenonciateur224.com\/wp-content\/uploads\/2025\/10\/fb-img-1759417042099-1152x1536.jpg 1152w, https:\/\/ledenonciateur224.com\/wp-content\/uploads\/2025\/10\/fb-img-1759417042099-150x200.jpg 150w, https:\/\/ledenonciateur224.com\/wp-content\/uploads\/2025\/10\/fb-img-1759417042099-300x400.jpg 300w, https:\/\/ledenonciateur224.com\/wp-content\/uploads\/2025\/10\/fb-img-1759417042099-696x928.jpg 696w, https:\/\/ledenonciateur224.com\/wp-content\/uploads\/2025\/10\/fb-img-1759417042099-1068x1424.jpg 1068w, https:\/\/ledenonciateur224.com\/wp-content\/uploads\/2025\/10\/fb-img-1759417042099-315x420.jpg 315w\" sizes=\"auto, (max-width: 1350px) 100vw, 1350px\" \/><\/h3>\n<p>Partout o\u00f9 elle est intervenue durant cette semaine symbolique,\u00a0<strong>Dre Diaka Sidib\u00e9 a su marquer les esprits<\/strong>\u00a0: par son expertise, sa capacit\u00e9 d\u2019\u00e9coute, son sens de l\u2019innovation et son engagement \u00e0 faire de l\u2019industrie guin\u00e9enne un\u00a0<strong>levier de d\u00e9veloppement inclusif et durable<\/strong>.<\/p>\n<p><strong>Sa d\u00e9marche incarne un mod\u00e8le de gouvernance moderne<\/strong>, o\u00f9 les politiques publiques sont pens\u00e9es pour r\u00e9pondre aux besoins concrets des citoyens, tout en s\u2019inscrivant dans une strat\u00e9gie de long terme.<\/p>\n<p>Gr\u00e2ce au leadership de Dre Diaka Sidib\u00e9, la c\u00e9l\u00e9bration de l\u2019an 67 de l\u2019ind\u00e9pendance a d\u00e9pass\u00e9 le simple cadre comm\u00e9moratif pour devenir\u00a0<strong>un moment fort d\u2019action, de mobilisation et de projection vers l\u2019avenir<\/strong>.<\/p>\n<p>\u00c0 l\u2019heure o\u00f9 la Guin\u00e9e se pr\u00e9pare \u00e0 \u00e9crire une nouvelle page de son histoire politique et \u00e9conomique,\u00a0<strong>des figures comme Dre Diaka Sidib\u00e9 apparaissent comme les visages d\u2019un \u00c9tat efficace, strat\u00e8ge et tourn\u00e9 vers la jeunesse<\/strong>.<\/p>\n<p>&nbsp;<\/p>\n<p>Aboubacar Moussa Camara<\/p>\n<p>611 70 39 84<\/p>\n","protected":false},"excerpt":{"rendered":"<p>La Semaine de l\u2019ind\u00e9pendance, c\u00e9l\u00e9br\u00e9e depuis le\u00a029 septembre\u00a0\u00a0restera dans les m\u00e9moires comme un tournant marquant dans la dynamique de refondation nationale. Et pour cause,\u00a0Dre Diaka Sidib\u00e9, ministre de l\u2019Industrie et des Petites et Moyennes Entreprises, a su incarner, par son engagement et sa vision,\u00a0l\u2019esprit de renouveau \u00e9conomique et patriotique\u00a0qui a anim\u00e9 cette comm\u00e9moration. Plac\u00e9e sous [&hellip;]<\/p>\n","protected":false},"author":2,"featured_media":5397,"comment_status":"closed","ping_status":"closed","sticky":false,"template":"","format":"standard","meta":{"_jetpack_memberships_contains_paid_content":false,"footnotes":"","jetpack_publicize_message":"","jetpack_publicize_feature_enabled":true,"jetpack_social_post_already_shared":true,"jetpack_social_options":{"image_generator_settings":{"template":"highway","default_image_id":0,"font":"","enabled":false},"version":2}},"categories":[29,24],"tags":[604,630,556],"class_list":{"0":"post-5396","1":"post","2":"type-post","3":"status-publish","4":"format-standard","5":"has-post-thumbnail","7":"category-economie","8":"category-news","9":"tag-actualite-de-guinee","10":"tag-dre-diaka-sidibe","11":"tag-industrie"},"jetpack_publicize_connections":[],"jetpack_featured_media_url":"https:\/\/ledenonciateur224.com\/wp-content\/uploads\/2025\/10\/fb-img-1759411603672.jpg","jetpack_sharing_enabled":true,"_links":{"self":[{"href":"https:\/\/ledenonciateur224.com\/index.php\/wp-json\/wp\/v2\/posts\/5396","targetHints":{"allow":["GET"]}}],"collection":[{"href":"https:\/\/ledenonciateur224.com\/index.php\/wp-json\/wp\/v2\/posts"}],"about":[{"href":"https:\/\/ledenonciateur224.com\/index.php\/wp-json\/wp\/v2\/types\/post"}],"author":[{"embeddable":true,"href":"https:\/\/ledenonciateur224.com\/index.php\/wp-json\/wp\/v2\/users\/2"}],"replies":[{"embeddable":true,"href":"https:\/\/ledenonciateur224.com\/index.php\/wp-json\/wp\/v2\/comments?post=5396"}],"version-history":[{"count":0,"href":"https:\/\/ledenonciateur224.com\/index.php\/wp-json\/wp\/v2\/posts\/5396\/revisions"}],"wp:featuredmedia":[{"embeddable":true,"href":"https:\/\/ledenonciateur224.com\/index.php\/wp-json\/wp\/v2\/media\/5397"}],"wp:attachment":[{"href":"https:\/\/ledenonciateur224.com\/index.php\/wp-json\/wp\/v2\/media?parent=5396"}],"wp:term":[{"taxonomy":"category","embeddable":true,"href":"https:\/\/ledenonciateur224.com\/index.php\/wp-json\/wp\/v2\/categories?post=5396"},{"taxonomy":"post_tag","embeddable":true,"href":"https:\/\/ledenonciateur224.com\/index.php\/wp-json\/wp\/v2\/tags?post=5396"}],"curies":[{"name":"wp","href":"https:\/\/api.w.org\/{rel}","templated":true}]}}