{"id":5406,"date":"2025-10-04T14:25:02","date_gmt":"2025-10-04T14:25:02","guid":{"rendered":"https:\/\/ledenonciateur224.com\/?p=5406"},"modified":"2025-10-04T14:25:02","modified_gmt":"2025-10-04T14:25:02","slug":"concours-national-de-formation-professionnelle-plus-de-rigueur-plus-dinclusion-plus-de-numerique","status":"publish","type":"post","link":"https:\/\/ledenonciateur224.com\/index.php\/concours-national-de-formation-professionnelle-plus-de-rigueur-plus-dinclusion-plus-de-numerique\/","title":{"rendered":"Concours national de formation professionnelle : Plus de rigueur, plus d\u2019inclusion, plus de num\u00e9rique !"},"content":{"rendered":"<p>\u00c0 l\u2019occasion d\u2019une conf\u00e9rence de presse tenue ce vendredi 3 octobre 2025, le minist\u00e8re de l\u2019Enseignement technique, de la Formation professionnelle et de l\u2019Emploi (METFP) a officiellement annonc\u00e9 le d\u00e9roulement du concours d\u2019acc\u00e8s aux \u00e9tablissements d\u2019enseignement technique et de formation professionnelle. L\u2019\u00e9v\u00e9nement se tiendra du\u00a0<strong>lundi 6 au dimanche 12 octobre<\/strong>, sur\u00a0<strong>l\u2019ensemble du territoire national<\/strong>.<\/p>\n<p>Le secr\u00e9taire g\u00e9n\u00e9ral du METFP,\u00a0<strong>Julien Yombouno<\/strong>, accompagn\u00e9 de plusieurs cadres du d\u00e9partement, a pr\u00e9cis\u00e9 que les candidats seront r\u00e9partis dans\u00a0<strong>36 centres d\u2019examen<\/strong>, couvrant l\u2019int\u00e9gralit\u00e9 des pr\u00e9fectures du pays.\u00a0<strong>Conakry<\/strong>, capitale et principal p\u00f4le d\u2019accueil, compte \u00e0 elle seule\u00a0<strong>trois centres<\/strong>\u00a0: l\u2019\u00c9cole nationale des arts et m\u00e9tiers (ENAM, Matam), l\u2019ENSAC et le CFP Camara Laye (Dixinn).<\/p>\n<p><em>\u00ab \u00c0 ce jour, un tiers des candidats inscrits sont des filles, soit 33 %, un chiffre encourageant qui traduit les efforts en mati\u00e8re d\u2019inclusion et d\u2019\u00e9quit\u00e9 dans l\u2019acc\u00e8s \u00e0 la formation technique \u00bb<\/em>, a soulign\u00e9 Julien Yombouno.<\/p>\n<h3><strong>Un concours num\u00e9rique bien rod\u00e9<\/strong><\/h3>\n<p>Le\u00a0<strong>chef du service des examens<\/strong>, S\u00e9kou 2 Camara, a confirm\u00e9 le maintien du\u00a0<strong>format num\u00e9rique<\/strong>\u00a0instaur\u00e9 pr\u00e9c\u00e9demment. Les \u00e9preuves se d\u00e9rouleront sur\u00a0<strong>tablettes<\/strong>, avec des configurations techniques d\u00e9j\u00e0 finalis\u00e9es par la Direction du num\u00e9rique.<\/p>\n<p><em>\u00ab Aucun changement majeur par rapport \u00e0 l\u2019ann\u00e9e derni\u00e8re. La nouveaut\u00e9 concerne l\u2019organisation des \u00e9preuves. Le concours des \u00e9coles de sant\u00e9 a \u00e9t\u00e9 d\u00e9cal\u00e9. Nous commencerons par les concours techniques, puis ceux des \u00e9coles de sant\u00e9 suivront \u00bb<\/em>, a-t-il pr\u00e9cis\u00e9.<\/p>\n<p>La\u00a0<strong>derni\u00e8re journ\u00e9e<\/strong>, le samedi, sera exclusivement r\u00e9serv\u00e9e aux \u00e9preuves des\u00a0<strong>\u00e9coles de sant\u00e9 en BTS et en TC<\/strong>, tandis que le\u00a0<strong>dimanche<\/strong>\u00a0sera d\u00e9di\u00e9 aux\u00a0<strong>techniciens de sant\u00e9 communautaire<\/strong>, pour clore la session.<\/p>\n<p>Les pr\u00e9paratifs sont bien avanc\u00e9s sur tout le territoire. Chaque centre dispose de toutes les mesures d\u2019encadrement n\u00e9cessaires :\u00a0<strong>personnel de surveillance, s\u00e9curit\u00e9, encadrement sanitaire<\/strong>.<\/p>\n<p><em>\u00ab Les coordinateurs sont d\u00e9j\u00e0 sur le terrain depuis jeudi pour garantir le bon d\u00e9roulement des \u00e9preuves d\u00e8s le lundi matin \u00bb<\/em>, a assur\u00e9 le responsable du d\u00e9partement.<\/p>\n<h3><\/h3>\n<p>Une autre annonce majeure concerne les\u00a0<strong>conditions d\u2019admission aux \u00e9coles priv\u00e9es de sant\u00e9<\/strong>, souvent critiqu\u00e9es pour leur laxisme. D\u00e9sormais,\u00a0<strong>le baccalaur\u00e9at est requis pour se pr\u00e9senter au BTS<\/strong>, une mesure qui vise \u00e0\u00a0<strong>rehausser la qualit\u00e9 de la formation<\/strong>\u00a0et \u00e0\u00a0<strong>mettre fin aux d\u00e9rives constat\u00e9es<\/strong>.<\/p>\n<p><em>\u00ab Il est inacceptable que des \u00e9l\u00e8ves de 9e ann\u00e9e se retrouvent dans des \u00e9coles priv\u00e9es de sant\u00e9. Cette pratique est d\u00e9sormais proscrite. Le minist\u00e8re sera intransigeant sur ce point \u00bb<\/em>, a martel\u00e9 Julien Yombouno.<\/p>\n<p>Ce concours marque une nouvelle \u00e9tape dans la r\u00e9forme du secteur de l\u2019enseignement technique et professionnel en Guin\u00e9e, alliant\u00a0<strong>modernisation, rigueur et inclusion<\/strong>. Le METFP entend ainsi garantir un acc\u00e8s \u00e9quitable \u00e0 une formation de qualit\u00e9, tout en renfor\u00e7ant le niveau d&rsquo;exigence pour les fili\u00e8res sensibles comme la sant\u00e9.<\/p>\n<p>&nbsp;<\/p>\n<p>AMC<\/p>\n","protected":false},"excerpt":{"rendered":"<p>\u00c0 l\u2019occasion d\u2019une conf\u00e9rence de presse tenue ce vendredi 3 octobre 2025, le minist\u00e8re de l\u2019Enseignement technique, de la Formation professionnelle et de l\u2019Emploi (METFP) a officiellement annonc\u00e9 le d\u00e9roulement du concours d\u2019acc\u00e8s aux \u00e9tablissements d\u2019enseignement technique et de formation professionnelle. L\u2019\u00e9v\u00e9nement se tiendra du\u00a0lundi 6 au dimanche 12 octobre, sur\u00a0l\u2019ensemble du territoire national. Le [&hellip;]<\/p>\n","protected":false},"author":2,"featured_media":5407,"comment_status":"closed","ping_status":"closed","sticky":false,"template":"","format":"standard","meta":{"_jetpack_memberships_contains_paid_content":false,"footnotes":"","jetpack_publicize_message":"","jetpack_publicize_feature_enabled":true,"jetpack_social_post_already_shared":true,"jetpack_social_options":{"image_generator_settings":{"template":"highway","default_image_id":0,"font":"","enabled":false},"version":2}},"categories":[30,24],"tags":[1203,1204,1202],"class_list":{"0":"post-5406","1":"post","2":"type-post","3":"status-publish","4":"format-standard","5":"has-post-thumbnail","7":"category-faits-divers","8":"category-news","9":"tag-enseignement","10":"tag-professionnelle","11":"tag-technique"},"jetpack_publicize_connections":[],"jetpack_featured_media_url":"https:\/\/ledenonciateur224.com\/wp-content\/uploads\/2025\/10\/julenqsdh.jpeg","jetpack_sharing_enabled":true,"_links":{"self":[{"href":"https:\/\/ledenonciateur224.com\/index.php\/wp-json\/wp\/v2\/posts\/5406","targetHints":{"allow":["GET"]}}],"collection":[{"href":"https:\/\/ledenonciateur224.com\/index.php\/wp-json\/wp\/v2\/posts"}],"about":[{"href":"https:\/\/ledenonciateur224.com\/index.php\/wp-json\/wp\/v2\/types\/post"}],"author":[{"embeddable":true,"href":"https:\/\/ledenonciateur224.com\/index.php\/wp-json\/wp\/v2\/users\/2"}],"replies":[{"embeddable":true,"href":"https:\/\/ledenonciateur224.com\/index.php\/wp-json\/wp\/v2\/comments?post=5406"}],"version-history":[{"count":0,"href":"https:\/\/ledenonciateur224.com\/index.php\/wp-json\/wp\/v2\/posts\/5406\/revisions"}],"wp:featuredmedia":[{"embeddable":true,"href":"https:\/\/ledenonciateur224.com\/index.php\/wp-json\/wp\/v2\/media\/5407"}],"wp:attachment":[{"href":"https:\/\/ledenonciateur224.com\/index.php\/wp-json\/wp\/v2\/media?parent=5406"}],"wp:term":[{"taxonomy":"category","embeddable":true,"href":"https:\/\/ledenonciateur224.com\/index.php\/wp-json\/wp\/v2\/categories?post=5406"},{"taxonomy":"post_tag","embeddable":true,"href":"https:\/\/ledenonciateur224.com\/index.php\/wp-json\/wp\/v2\/tags?post=5406"}],"curies":[{"name":"wp","href":"https:\/\/api.w.org\/{rel}","templated":true}]}}