{"id":5410,"date":"2025-10-05T16:01:36","date_gmt":"2025-10-05T16:01:36","guid":{"rendered":"https:\/\/ledenonciateur224.com\/?p=5410"},"modified":"2025-10-05T16:01:36","modified_gmt":"2025-10-05T16:01:36","slug":"kankan-un-presume-voleur-interpelle-puis-relache-sans-suite","status":"publish","type":"post","link":"https:\/\/ledenonciateur224.com\/index.php\/kankan-un-presume-voleur-interpelle-puis-relache-sans-suite\/","title":{"rendered":"Kankan : un pr\u00e9sum\u00e9 voleur interpell\u00e9, puis rel\u00e2ch\u00e9 sans suite"},"content":{"rendered":"<p>Dans la nuit du 4 au 5 octobre, un individu suspect\u00e9 de vol a \u00e9t\u00e9 appr\u00e9hend\u00e9 par un agent de s\u00e9curit\u00e9 alors qu\u2019il tentait de forcer la porte de trois boutiques situ\u00e9es \u00e0 proximit\u00e9 de la station Amadou Yes, dans le quartier Missiran, au c\u0153ur de la commune urbaine de Kankan.<\/p>\n<p>Un responsable de la soci\u00e9t\u00e9 Kouadou S\u00e9curit\u00e9, ayant requis l\u2019anonymat, a exprim\u00e9 son incompr\u00e9hension face \u00e0 l\u2019attitude des forces de l\u2019ordre, qui auraient lib\u00e9r\u00e9 le suspect sans consulter les personnes concern\u00e9es par les faits.<\/p>\n<p>\u00ab Notre agent de s\u00e9curit\u00e9 a interpell\u00e9 un voleur dans la nuit du 4 octobre, apr\u00e8s avoir constat\u00e9 que trois boutiques avaient \u00e9t\u00e9 cambriol\u00e9es. Accompagn\u00e9 d\u2019un militaire en service \u00e0 la station Amadou Yes, il a proc\u00e9d\u00e9 \u00e0 l\u2019arrestation du suspect. Nous avons alors d\u00e9cid\u00e9 de le remettre aux autorit\u00e9s, au commissariat de police du rond-point Missiran. Mais \u00e0 notre grande surprise, les policiers ont refus\u00e9 de le recevoir, pr\u00e9textant qu\u2019il s\u2019agissait d\u2019un individu r\u00e9cemment rel\u00e2ch\u00e9 par leurs soins. \u00bb<\/p>\n<p>Face \u00e0 ce refus, les agents de Kouadou S\u00e9curit\u00e9 se sont rendus successivement au camp militaire, puis \u00e0 la brigade de recherche, sans succ\u00e8s. Partout, la r\u00e9ponse a \u00e9t\u00e9 la m\u00eame.<\/p>\n<p>\u00ab \u00c0 notre sortie, nous avons constat\u00e9 avec stup\u00e9faction que le jeune homme avait \u00e9t\u00e9 rel\u00e2ch\u00e9 et rentrait tranquillement chez lui \u00bb, a-t-il ajout\u00e9, visiblement indign\u00e9.<\/p>\n<p>Cette situation soul\u00e8ve des interrogations sur la coordination entre les services de s\u00e9curit\u00e9 et la gestion des cas de flagrant d\u00e9lit \u00e0 Kankan.<\/p>\n<p>&nbsp;<\/p>\n<p><span style=\"color: #333333;font-family: helvetica neue, helvetica, roboto, arial, sans-serif\">Mamoudou Aim\u00e9 C\u00e9saire correspondant \u00e0 kankan<\/span><\/p>\n","protected":false},"excerpt":{"rendered":"<p>Dans la nuit du 4 au 5 octobre, un individu suspect\u00e9 de vol a \u00e9t\u00e9 appr\u00e9hend\u00e9 par un agent de s\u00e9curit\u00e9 alors qu\u2019il tentait de forcer la porte de trois boutiques situ\u00e9es \u00e0 proximit\u00e9 de la station Amadou Yes, dans le quartier Missiran, au c\u0153ur de la commune urbaine de Kankan. Un responsable de la [&hellip;]<\/p>\n","protected":false},"author":2,"featured_media":5411,"comment_status":"closed","ping_status":"closed","sticky":false,"template":"","format":"standard","meta":{"_jetpack_memberships_contains_paid_content":false,"footnotes":"","jetpack_publicize_message":"","jetpack_publicize_feature_enabled":true,"jetpack_social_post_already_shared":true,"jetpack_social_options":{"image_generator_settings":{"template":"highway","default_image_id":0,"font":"","enabled":false},"version":2}},"categories":[30,24,33],"tags":[1205,1193],"class_list":{"0":"post-5410","1":"post","2":"type-post","3":"status-publish","4":"format-standard","5":"has-post-thumbnail","7":"category-faits-divers","8":"category-news","9":"category-region","10":"tag-actu-kankan","11":"tag-insecurite"},"jetpack_publicize_connections":[],"jetpack_featured_media_url":"https:\/\/ledenonciateur224.com\/wp-content\/uploads\/2025\/10\/img-20251005-wa0078.jpg","jetpack_sharing_enabled":true,"_links":{"self":[{"href":"https:\/\/ledenonciateur224.com\/index.php\/wp-json\/wp\/v2\/posts\/5410","targetHints":{"allow":["GET"]}}],"collection":[{"href":"https:\/\/ledenonciateur224.com\/index.php\/wp-json\/wp\/v2\/posts"}],"about":[{"href":"https:\/\/ledenonciateur224.com\/index.php\/wp-json\/wp\/v2\/types\/post"}],"author":[{"embeddable":true,"href":"https:\/\/ledenonciateur224.com\/index.php\/wp-json\/wp\/v2\/users\/2"}],"replies":[{"embeddable":true,"href":"https:\/\/ledenonciateur224.com\/index.php\/wp-json\/wp\/v2\/comments?post=5410"}],"version-history":[{"count":0,"href":"https:\/\/ledenonciateur224.com\/index.php\/wp-json\/wp\/v2\/posts\/5410\/revisions"}],"wp:featuredmedia":[{"embeddable":true,"href":"https:\/\/ledenonciateur224.com\/index.php\/wp-json\/wp\/v2\/media\/5411"}],"wp:attachment":[{"href":"https:\/\/ledenonciateur224.com\/index.php\/wp-json\/wp\/v2\/media?parent=5410"}],"wp:term":[{"taxonomy":"category","embeddable":true,"href":"https:\/\/ledenonciateur224.com\/index.php\/wp-json\/wp\/v2\/categories?post=5410"},{"taxonomy":"post_tag","embeddable":true,"href":"https:\/\/ledenonciateur224.com\/index.php\/wp-json\/wp\/v2\/tags?post=5410"}],"curies":[{"name":"wp","href":"https:\/\/api.w.org\/{rel}","templated":true}]}}