{"id":5414,"date":"2025-10-05T17:29:34","date_gmt":"2025-10-05T17:29:34","guid":{"rendered":"https:\/\/ledenonciateur224.com\/?p=5414"},"modified":"2025-10-05T18:11:42","modified_gmt":"2025-10-05T18:11:42","slug":"mamadouba-sankon-donne-le-coup-denvoi-officiel-des-activites-de-son-parti-politique","status":"publish","type":"post","link":"https:\/\/ledenonciateur224.com\/index.php\/mamadouba-sankon-donne-le-coup-denvoi-officiel-des-activites-de-son-parti-politique\/","title":{"rendered":"Mamadouba Sankhon donne le coup d\u2019envoi officiel des activit\u00e9s de son parti politique"},"content":{"rendered":"<p>\u00c0 l\u2019approche de l\u2019\u00e9lection pr\u00e9sidentielle guin\u00e9enne, pr\u00e9vue pour le 28 d\u00e9cembre 2025, la sc\u00e8ne politique nationale conna\u00eet une effervescence croissante. Plusieurs formations politiques aff\u00fbtent leurs armes en vue de ce rendez-vous \u00e9lectoral majeur. Parmi elles, l\u2019Union des Guin\u00e9ens pour la Promotion des Jeunes et le D\u00e9veloppement (UG-PED), dirig\u00e9e par Elhadj Mamadouba Sankhon, entre r\u00e9solument en lice.<\/p>\n<p><img loading=\"lazy\" decoding=\"async\" class=\"alignnone size-full wp-image-5415\" src=\"https:\/\/ledenonciateur224.com\/wp-content\/uploads\/2025\/10\/motion-photo-75043692420133748.jpg\" alt=\"\" width=\"1080\" height=\"810\" srcset=\"https:\/\/ledenonciateur224.com\/wp-content\/uploads\/2025\/10\/motion-photo-75043692420133748.jpg 1080w, https:\/\/ledenonciateur224.com\/wp-content\/uploads\/2025\/10\/motion-photo-75043692420133748-300x225.jpg 300w, https:\/\/ledenonciateur224.com\/wp-content\/uploads\/2025\/10\/motion-photo-75043692420133748-1024x768.jpg 1024w, https:\/\/ledenonciateur224.com\/wp-content\/uploads\/2025\/10\/motion-photo-75043692420133748-768x576.jpg 768w, https:\/\/ledenonciateur224.com\/wp-content\/uploads\/2025\/10\/motion-photo-75043692420133748-150x113.jpg 150w, https:\/\/ledenonciateur224.com\/wp-content\/uploads\/2025\/10\/motion-photo-75043692420133748-696x522.jpg 696w, https:\/\/ledenonciateur224.com\/wp-content\/uploads\/2025\/10\/motion-photo-75043692420133748-1068x801.jpg 1068w, https:\/\/ledenonciateur224.com\/wp-content\/uploads\/2025\/10\/motion-photo-75043692420133748-560x420.jpg 560w, https:\/\/ledenonciateur224.com\/wp-content\/uploads\/2025\/10\/motion-photo-75043692420133748-80x60.jpg 80w, https:\/\/ledenonciateur224.com\/wp-content\/uploads\/2025\/10\/motion-photo-75043692420133748-265x198.jpg 265w\" sizes=\"auto, (max-width: 1080px) 100vw, 1080px\" \/><\/p>\n<p>Ce dimanche 5 octobre, l\u2019ancien Directeur G\u00e9n\u00e9ral du Port autonome de Conakry a lanc\u00e9 officiellement les activit\u00e9s de son parti \u00e0 travers l\u2019inauguration du si\u00e8ge national, implant\u00e9 dans le quartier Faban, au c\u0153ur de la commune de Gbessia. Cette \u00e9tape marque un tournant d\u00e9cisif dans la structuration de l\u2019UG-PED, en amont de sa participation active \u00e0 la vie politique nationale.<\/p>\n<p><img loading=\"lazy\" decoding=\"async\" class=\"alignnone size-full wp-image-5416\" src=\"https:\/\/ledenonciateur224.com\/wp-content\/uploads\/2025\/10\/20251005-113831-scaled.jpg\" alt=\"\" width=\"2560\" height=\"1152\" srcset=\"https:\/\/ledenonciateur224.com\/wp-content\/uploads\/2025\/10\/20251005-113831-scaled.jpg 2560w, https:\/\/ledenonciateur224.com\/wp-content\/uploads\/2025\/10\/20251005-113831-300x135.jpg 300w, https:\/\/ledenonciateur224.com\/wp-content\/uploads\/2025\/10\/20251005-113831-1024x461.jpg 1024w, https:\/\/ledenonciateur224.com\/wp-content\/uploads\/2025\/10\/20251005-113831-768x346.jpg 768w, https:\/\/ledenonciateur224.com\/wp-content\/uploads\/2025\/10\/20251005-113831-1536x691.jpg 1536w, https:\/\/ledenonciateur224.com\/wp-content\/uploads\/2025\/10\/20251005-113831-2048x922.jpg 2048w, https:\/\/ledenonciateur224.com\/wp-content\/uploads\/2025\/10\/20251005-113831-150x68.jpg 150w, https:\/\/ledenonciateur224.com\/wp-content\/uploads\/2025\/10\/20251005-113831-696x313.jpg 696w, https:\/\/ledenonciateur224.com\/wp-content\/uploads\/2025\/10\/20251005-113831-1068x481.jpg 1068w, https:\/\/ledenonciateur224.com\/wp-content\/uploads\/2025\/10\/20251005-113831-1920x864.jpg 1920w, https:\/\/ledenonciateur224.com\/wp-content\/uploads\/2025\/10\/20251005-113831-933x420.jpg 933w\" sizes=\"auto, (max-width: 2560px) 100vw, 2560px\" \/><\/p>\n<p>La c\u00e9r\u00e9monie inaugurale a \u00e9t\u00e9 pr\u00e9c\u00e9d\u00e9e d\u2019une lecture collective du Saint Coran, en pr\u00e9sence d\u2019imams et de personnalit\u00e9s religieuses venues b\u00e9nir l\u2019initiative. Des pri\u00e8res ont \u00e9t\u00e9 formul\u00e9es pour la r\u00e9ussite et la prosp\u00e9rit\u00e9 du parti, ainsi que pour la sant\u00e9 et la protection du Pr\u00e9sident de la transition, le G\u00e9n\u00e9ral Mamadi Doumbouya. Un moment de forte symbolique qui traduit la volont\u00e9 du parti d\u2019inscrire son action dans une d\u00e9marche de paix et de b\u00e9n\u00e9diction divine.<\/p>\n<p><img loading=\"lazy\" decoding=\"async\" class=\"alignnone size-full wp-image-5417\" src=\"https:\/\/ledenonciateur224.com\/wp-content\/uploads\/2025\/10\/20251005-130824-scaled.jpg\" alt=\"\" width=\"2560\" height=\"1152\" srcset=\"https:\/\/ledenonciateur224.com\/wp-content\/uploads\/2025\/10\/20251005-130824-scaled.jpg 2560w, https:\/\/ledenonciateur224.com\/wp-content\/uploads\/2025\/10\/20251005-130824-300x135.jpg 300w, https:\/\/ledenonciateur224.com\/wp-content\/uploads\/2025\/10\/20251005-130824-1024x461.jpg 1024w, https:\/\/ledenonciateur224.com\/wp-content\/uploads\/2025\/10\/20251005-130824-768x346.jpg 768w, https:\/\/ledenonciateur224.com\/wp-content\/uploads\/2025\/10\/20251005-130824-1536x691.jpg 1536w, https:\/\/ledenonciateur224.com\/wp-content\/uploads\/2025\/10\/20251005-130824-2048x922.jpg 2048w, https:\/\/ledenonciateur224.com\/wp-content\/uploads\/2025\/10\/20251005-130824-150x68.jpg 150w, https:\/\/ledenonciateur224.com\/wp-content\/uploads\/2025\/10\/20251005-130824-696x313.jpg 696w, https:\/\/ledenonciateur224.com\/wp-content\/uploads\/2025\/10\/20251005-130824-1068x481.jpg 1068w, https:\/\/ledenonciateur224.com\/wp-content\/uploads\/2025\/10\/20251005-130824-1920x864.jpg 1920w, https:\/\/ledenonciateur224.com\/wp-content\/uploads\/2025\/10\/20251005-130824-933x420.jpg 933w\" sizes=\"auto, (max-width: 2560px) 100vw, 2560px\" \/><\/p>\n<p>Gr\u00e2ce \u00e0 la coordination rigoureuse du vice-pr\u00e9sident Cheick Tidiane Cont\u00e9, l\u2019\u00e9v\u00e9nement a mobilis\u00e9 un grand nombre de militants, sympathisants et curieux. Cette mobilisation t\u00e9moigne d\u2019un engouement certain autour du projet politique port\u00e9 par Mamadouba Sankhon, qui entend s\u2019appuyer sur la jeunesse et le d\u00e9veloppement comme piliers de sa vision pour la Guin\u00e9e.<\/p>\n<p>Il convient de rappeler que cette formation politique est un \u00e9l\u00e9ment cl\u00e9 de l\u2019Alliance des Forces Patriotiques (AFP).<\/p>\n<p>&nbsp;<\/p>\n<p>Aboubacar Moussa Camara<\/p>\n<p>622 42 41 87<\/p>\n","protected":false},"excerpt":{"rendered":"<p>\u00c0 l\u2019approche de l\u2019\u00e9lection pr\u00e9sidentielle guin\u00e9enne, pr\u00e9vue pour le 28 d\u00e9cembre 2025, la sc\u00e8ne politique nationale conna\u00eet une effervescence croissante. Plusieurs formations politiques aff\u00fbtent leurs armes en vue de ce rendez-vous \u00e9lectoral majeur. Parmi elles, l\u2019Union des Guin\u00e9ens pour la Promotion des Jeunes et le D\u00e9veloppement (UG-PED), dirig\u00e9e par Elhadj Mamadouba Sankhon, entre r\u00e9solument en [&hellip;]<\/p>\n","protected":false},"author":2,"featured_media":5418,"comment_status":"closed","ping_status":"closed","sticky":false,"template":"","format":"standard","meta":{"_jetpack_memberships_contains_paid_content":false,"footnotes":"","jetpack_publicize_message":"","jetpack_publicize_feature_enabled":true,"jetpack_social_post_already_shared":true,"jetpack_social_options":{"image_generator_settings":{"template":"highway","default_image_id":0,"font":"","enabled":false},"version":2}},"categories":[24,27],"tags":[1207,473,1206],"class_list":{"0":"post-5414","1":"post","2":"type-post","3":"status-publish","4":"format-standard","5":"has-post-thumbnail","7":"category-news","8":"category-politique","9":"tag-mamadouba-sankon","10":"tag-partis-politiques","11":"tag-ug-ped"},"jetpack_publicize_connections":[],"jetpack_featured_media_url":"https:\/\/ledenonciateur224.com\/wp-content\/uploads\/2025\/10\/img-20251005-wa0101.jpg","jetpack_sharing_enabled":true,"_links":{"self":[{"href":"https:\/\/ledenonciateur224.com\/index.php\/wp-json\/wp\/v2\/posts\/5414","targetHints":{"allow":["GET"]}}],"collection":[{"href":"https:\/\/ledenonciateur224.com\/index.php\/wp-json\/wp\/v2\/posts"}],"about":[{"href":"https:\/\/ledenonciateur224.com\/index.php\/wp-json\/wp\/v2\/types\/post"}],"author":[{"embeddable":true,"href":"https:\/\/ledenonciateur224.com\/index.php\/wp-json\/wp\/v2\/users\/2"}],"replies":[{"embeddable":true,"href":"https:\/\/ledenonciateur224.com\/index.php\/wp-json\/wp\/v2\/comments?post=5414"}],"version-history":[{"count":0,"href":"https:\/\/ledenonciateur224.com\/index.php\/wp-json\/wp\/v2\/posts\/5414\/revisions"}],"wp:featuredmedia":[{"embeddable":true,"href":"https:\/\/ledenonciateur224.com\/index.php\/wp-json\/wp\/v2\/media\/5418"}],"wp:attachment":[{"href":"https:\/\/ledenonciateur224.com\/index.php\/wp-json\/wp\/v2\/media?parent=5414"}],"wp:term":[{"taxonomy":"category","embeddable":true,"href":"https:\/\/ledenonciateur224.com\/index.php\/wp-json\/wp\/v2\/categories?post=5414"},{"taxonomy":"post_tag","embeddable":true,"href":"https:\/\/ledenonciateur224.com\/index.php\/wp-json\/wp\/v2\/tags?post=5414"}],"curies":[{"name":"wp","href":"https:\/\/api.w.org\/{rel}","templated":true}]}}