{"id":5465,"date":"2025-10-08T15:48:55","date_gmt":"2025-10-08T15:48:55","guid":{"rendered":"https:\/\/ledenonciateur224.com\/?p=5465"},"modified":"2025-10-08T15:48:55","modified_gmt":"2025-10-08T15:48:55","slug":"on-a-besoin-de-10-000-megawatts-un-ministre-face-a-lurgence-energetique","status":"publish","type":"post","link":"https:\/\/ledenonciateur224.com\/index.php\/on-a-besoin-de-10-000-megawatts-un-ministre-face-a-lurgence-energetique\/","title":{"rendered":"\u00ab On a besoin de 10 000 m\u00e9gawatts \u00bb : un ministre face \u00e0 l\u2019urgence \u00e9nerg\u00e9tique"},"content":{"rendered":"<div dir=\"auto\">\n<p><strong>Le ministre de l\u2019\u00c9nergie, Namory Camara, intensifie sa mission de refondation du secteur \u00e9nerg\u00e9tique en Guin\u00e9e. Ce mercredi 8 octobre, il a effectu\u00e9 une visite terrain sur plusieurs sites strat\u00e9giques de production d\u2019\u00e9lectricit\u00e9 \u00e0 Conakry, accompagn\u00e9 du Directeur G\u00e9n\u00e9ral de l\u2019\u00c9lectricit\u00e9 de Guin\u00e9e (EDG), Elhadj Gando Barry.<\/strong><\/p>\n<p>Objectif de cette tourn\u00e9e officielle : faire un \u00e9tat des lieux des installations thermiques de la capitale, identifier les d\u00e9fis sur le terrain et renforcer les engagements pour une fourniture d\u2019\u00e9lectricit\u00e9 stable, durable et \u00e9quitable au b\u00e9n\u00e9fice de la population guin\u00e9enne.<\/p>\n<h3><img loading=\"lazy\" decoding=\"async\" class=\"alignnone size-full wp-image-5466\" src=\"https:\/\/ledenonciateur224.com\/wp-content\/uploads\/2025\/10\/20251008-104522-scaled.jpg\" alt=\"\" width=\"2560\" height=\"1152\" srcset=\"https:\/\/ledenonciateur224.com\/wp-content\/uploads\/2025\/10\/20251008-104522-scaled.jpg 2560w, https:\/\/ledenonciateur224.com\/wp-content\/uploads\/2025\/10\/20251008-104522-300x135.jpg 300w, https:\/\/ledenonciateur224.com\/wp-content\/uploads\/2025\/10\/20251008-104522-1024x461.jpg 1024w, https:\/\/ledenonciateur224.com\/wp-content\/uploads\/2025\/10\/20251008-104522-768x346.jpg 768w, https:\/\/ledenonciateur224.com\/wp-content\/uploads\/2025\/10\/20251008-104522-1536x691.jpg 1536w, https:\/\/ledenonciateur224.com\/wp-content\/uploads\/2025\/10\/20251008-104522-2048x922.jpg 2048w, https:\/\/ledenonciateur224.com\/wp-content\/uploads\/2025\/10\/20251008-104522-150x68.jpg 150w, https:\/\/ledenonciateur224.com\/wp-content\/uploads\/2025\/10\/20251008-104522-696x313.jpg 696w, https:\/\/ledenonciateur224.com\/wp-content\/uploads\/2025\/10\/20251008-104522-1068x481.jpg 1068w, https:\/\/ledenonciateur224.com\/wp-content\/uploads\/2025\/10\/20251008-104522-1920x864.jpg 1920w, https:\/\/ledenonciateur224.com\/wp-content\/uploads\/2025\/10\/20251008-104522-933x420.jpg 933w\" sizes=\"auto, (max-width: 2560px) 100vw, 2560px\" \/><\/h3>\n<p>La visite a d\u00e9but\u00e9 par la centrale thermique de Tombo, situ\u00e9e dans la commune de Kaloum. Ensuite, la d\u00e9l\u00e9gation s\u2019est rendue \u00e0 la centrale thermique de Kip\u00e9, avant de terminer la tourn\u00e9e sur le site de T-Power Man Energy Solution, implant\u00e9 \u00e0 la Tannerie, une entreprise priv\u00e9e en charge de l\u2019exploitation et de la maintenance d\u2019une centrale cl\u00e9 du r\u00e9seau.<\/p>\n<p>\u00c0 chacune des \u00e9tapes, le ministre a pris le temps d\u2019\u00e9changer avec les travailleurs, inspecter les \u00e9quipements, et comprendre les r\u00e9alit\u00e9s du terrain.<\/p>\n<p>Devant la presse, il a expliqu\u00e9 l\u2019esprit de cette d\u00e9marche :<\/p>\n<p><img loading=\"lazy\" decoding=\"async\" class=\"alignnone size-full wp-image-5467\" src=\"https:\/\/ledenonciateur224.com\/wp-content\/uploads\/2025\/10\/img-20251008-wa0026.jpg\" alt=\"\" width=\"1280\" height=\"720\" srcset=\"https:\/\/ledenonciateur224.com\/wp-content\/uploads\/2025\/10\/img-20251008-wa0026.jpg 1280w, https:\/\/ledenonciateur224.com\/wp-content\/uploads\/2025\/10\/img-20251008-wa0026-300x169.jpg 300w, https:\/\/ledenonciateur224.com\/wp-content\/uploads\/2025\/10\/img-20251008-wa0026-1024x576.jpg 1024w, https:\/\/ledenonciateur224.com\/wp-content\/uploads\/2025\/10\/img-20251008-wa0026-768x432.jpg 768w, https:\/\/ledenonciateur224.com\/wp-content\/uploads\/2025\/10\/img-20251008-wa0026-150x84.jpg 150w, https:\/\/ledenonciateur224.com\/wp-content\/uploads\/2025\/10\/img-20251008-wa0026-696x392.jpg 696w, https:\/\/ledenonciateur224.com\/wp-content\/uploads\/2025\/10\/img-20251008-wa0026-1068x601.jpg 1068w, https:\/\/ledenonciateur224.com\/wp-content\/uploads\/2025\/10\/img-20251008-wa0026-747x420.jpg 747w\" sizes=\"auto, (max-width: 1280px) 100vw, 1280px\" \/><\/p>\n<p>\u00ab Cette visite s\u2019inscrit un peu dans le programme qu\u2019on s\u2019\u00e9tait donn\u00e9 d\u00e8s ma prise de fonction\u2026 Il \u00e9tait tr\u00e8s important pour moi, quasiment apr\u00e8s maintenant deux mois, de visiter les dispositifs les plus importants de notre \u00e9cosyst\u00e8me. \u00bb<\/p>\n<p>Mais au-del\u00e0 des installations physiques, Namory Camara met un point d\u2019honneur \u00e0 saluer l\u2019engagement des ressources humaines :<\/p>\n<p>\u00ab Ce n\u2019est pas qu\u2019une visite pour voir les installations\u2026 c\u2019est pour aussi connecter avec les travailleurs\u2026 J\u2019ai trouv\u00e9 des cadres tr\u00e8s d\u00e9di\u00e9s, tr\u00e8s passionn\u00e9s par leur travail. \u00bb<\/p>\n<p>Le ministre a profit\u00e9 de cette tourn\u00e9e pour lancer un appel national \u00e0 la responsabilit\u00e9 collective autour du secteur \u00e9nerg\u00e9tique :<\/p>\n<p style=\"text-align: left\"><img loading=\"lazy\" decoding=\"async\" class=\"alignnone size-full wp-image-5468\" src=\"https:\/\/ledenonciateur224.com\/wp-content\/uploads\/2025\/10\/img-20251008-wa0027.jpg\" alt=\"\" width=\"1280\" height=\"720\" srcset=\"https:\/\/ledenonciateur224.com\/wp-content\/uploads\/2025\/10\/img-20251008-wa0027.jpg 1280w, https:\/\/ledenonciateur224.com\/wp-content\/uploads\/2025\/10\/img-20251008-wa0027-300x169.jpg 300w, https:\/\/ledenonciateur224.com\/wp-content\/uploads\/2025\/10\/img-20251008-wa0027-1024x576.jpg 1024w, https:\/\/ledenonciateur224.com\/wp-content\/uploads\/2025\/10\/img-20251008-wa0027-768x432.jpg 768w, https:\/\/ledenonciateur224.com\/wp-content\/uploads\/2025\/10\/img-20251008-wa0027-150x84.jpg 150w, https:\/\/ledenonciateur224.com\/wp-content\/uploads\/2025\/10\/img-20251008-wa0027-696x392.jpg 696w, https:\/\/ledenonciateur224.com\/wp-content\/uploads\/2025\/10\/img-20251008-wa0027-1068x601.jpg 1068w, https:\/\/ledenonciateur224.com\/wp-content\/uploads\/2025\/10\/img-20251008-wa0027-747x420.jpg 747w\" sizes=\"auto, (max-width: 1280px) 100vw, 1280px\" \/><\/p>\n<p>\u00ab Le secteur de l\u2019\u00e9nergie n\u2019est pas uniquement du ressort du ministre. Quand on parle de l\u2019\u00e9nergie, c\u2019est tout le monde qui est concern\u00e9. Imaginez aujourd\u2019hui s\u2019il n\u2019y a pas d\u2019\u00e9lectricit\u00e9, tout le monde va \u00eatre impact\u00e9. \u00bb<\/p>\n<p>Conscient des d\u00e9fis qui attendent le pays, notamment avec l\u2019arriv\u00e9e du\u00a0<strong>projet Simandou<\/strong>, Namory Camara annonce des besoins colossaux en production \u00e9nerg\u00e9tique :<\/p>\n<p>\u00ab Notre pays aura besoin de beaucoup d\u2019\u00e9nergie, maintenant et demain. Avec le projet Simandou qui arrive, on a besoin de 10 000 m\u00e9gawatts. Il faut des hommes pour \u00e7a, il faut une vision. \u00bb<\/p>\n<p>Et il insiste : cette ambition ne peut \u00eatre port\u00e9e sans l\u2019implication des citoyens :<\/p>\n<p><img loading=\"lazy\" decoding=\"async\" class=\"alignnone size-full wp-image-5469\" src=\"https:\/\/ledenonciateur224.com\/wp-content\/uploads\/2025\/10\/img-20251008-wa0028.jpg\" alt=\"\" width=\"1280\" height=\"720\" srcset=\"https:\/\/ledenonciateur224.com\/wp-content\/uploads\/2025\/10\/img-20251008-wa0028.jpg 1280w, https:\/\/ledenonciateur224.com\/wp-content\/uploads\/2025\/10\/img-20251008-wa0028-300x169.jpg 300w, https:\/\/ledenonciateur224.com\/wp-content\/uploads\/2025\/10\/img-20251008-wa0028-1024x576.jpg 1024w, https:\/\/ledenonciateur224.com\/wp-content\/uploads\/2025\/10\/img-20251008-wa0028-768x432.jpg 768w, https:\/\/ledenonciateur224.com\/wp-content\/uploads\/2025\/10\/img-20251008-wa0028-150x84.jpg 150w, https:\/\/ledenonciateur224.com\/wp-content\/uploads\/2025\/10\/img-20251008-wa0028-696x392.jpg 696w, https:\/\/ledenonciateur224.com\/wp-content\/uploads\/2025\/10\/img-20251008-wa0028-1068x601.jpg 1068w, https:\/\/ledenonciateur224.com\/wp-content\/uploads\/2025\/10\/img-20251008-wa0028-747x420.jpg 747w\" sizes=\"auto, (max-width: 1280px) 100vw, 1280px\" \/><\/p>\n<p>\u00ab Il faut payer les factures. Les factures doivent \u00eatre pay\u00e9es, parce que c\u2019est \u00e7a le civisme. On demande le courant, mais on doit tous faire un effort\u2026 si on ne paye pas nos factures, on n\u2019aura jamais un secteur efficace. \u00bb<\/p>\n<h3><strong>Pr\u00e9paration \u00e0 l\u2019\u00e9tiage et transition vers les \u00e9nergies renouvelables<\/strong><\/h3>\n<p>Alors que la p\u00e9riode d\u2019\u00e9tiage approche, le ministre rassure : le pays se pr\u00e9pare activement.<\/p>\n<p>\u00ab Nous sommes en train de nous pr\u00e9parer au mieux\u2026 m\u00eame les consommateurs doivent se pr\u00e9parer. \u00bb<\/p>\n<p>Il souligne l\u2019importance de renforcer la part des \u00e9nergies renouvelables dans le mix \u00e9nerg\u00e9tique :<\/p>\n<p>\u00ab La majorit\u00e9 de notre production vient encore de l\u2019hydro\u00e9lectricit\u00e9, plus de 60 \u00e0 70 %. Nous sommes le ch\u00e2teau d\u2019eau de l\u2019Afrique. Il faut capitaliser sur \u00e7a. \u00bb<\/p>\n<p><img loading=\"lazy\" decoding=\"async\" class=\"alignnone size-full wp-image-5470\" src=\"https:\/\/ledenonciateur224.com\/wp-content\/uploads\/2025\/10\/20251008-104527-scaled.jpg\" alt=\"\" width=\"2560\" height=\"1152\" srcset=\"https:\/\/ledenonciateur224.com\/wp-content\/uploads\/2025\/10\/20251008-104527-scaled.jpg 2560w, https:\/\/ledenonciateur224.com\/wp-content\/uploads\/2025\/10\/20251008-104527-300x135.jpg 300w, https:\/\/ledenonciateur224.com\/wp-content\/uploads\/2025\/10\/20251008-104527-1024x461.jpg 1024w, https:\/\/ledenonciateur224.com\/wp-content\/uploads\/2025\/10\/20251008-104527-768x346.jpg 768w, https:\/\/ledenonciateur224.com\/wp-content\/uploads\/2025\/10\/20251008-104527-1536x691.jpg 1536w, https:\/\/ledenonciateur224.com\/wp-content\/uploads\/2025\/10\/20251008-104527-2048x922.jpg 2048w, https:\/\/ledenonciateur224.com\/wp-content\/uploads\/2025\/10\/20251008-104527-150x68.jpg 150w, https:\/\/ledenonciateur224.com\/wp-content\/uploads\/2025\/10\/20251008-104527-696x313.jpg 696w, https:\/\/ledenonciateur224.com\/wp-content\/uploads\/2025\/10\/20251008-104527-1068x481.jpg 1068w, https:\/\/ledenonciateur224.com\/wp-content\/uploads\/2025\/10\/20251008-104527-1920x864.jpg 1920w, https:\/\/ledenonciateur224.com\/wp-content\/uploads\/2025\/10\/20251008-104527-933x420.jpg 933w\" sizes=\"auto, (max-width: 2560px) 100vw, 2560px\" \/><\/p>\n<p>Il annonce \u00e9galement l\u2019arriv\u00e9e d\u2019un grand projet dans les deux prochaines ann\u00e9es :<\/p>\n<p>\u00ab Le projet Amaria\u2026 nous permettra d\u2019avoir 300 m\u00e9gawatts suppl\u00e9mentaires, en plus de Kaleta, Swapeti et les autres barrages. \u00bb<\/p>\n<h3><\/h3>\n<p>De son c\u00f4t\u00e9, le Directeur G\u00e9n\u00e9ral de l\u2019EDG, Elhadj Gando Barry, s\u2019est f\u00e9licit\u00e9 de la visite minist\u00e9rielle :<\/p>\n<p><img loading=\"lazy\" decoding=\"async\" class=\"alignnone size-full wp-image-5474\" src=\"https:\/\/ledenonciateur224.com\/wp-content\/uploads\/2025\/10\/img-20251008-wa0023.jpg\" alt=\"\" width=\"1280\" height=\"720\" srcset=\"https:\/\/ledenonciateur224.com\/wp-content\/uploads\/2025\/10\/img-20251008-wa0023.jpg 1280w, https:\/\/ledenonciateur224.com\/wp-content\/uploads\/2025\/10\/img-20251008-wa0023-300x169.jpg 300w, https:\/\/ledenonciateur224.com\/wp-content\/uploads\/2025\/10\/img-20251008-wa0023-1024x576.jpg 1024w, https:\/\/ledenonciateur224.com\/wp-content\/uploads\/2025\/10\/img-20251008-wa0023-768x432.jpg 768w, https:\/\/ledenonciateur224.com\/wp-content\/uploads\/2025\/10\/img-20251008-wa0023-150x84.jpg 150w, https:\/\/ledenonciateur224.com\/wp-content\/uploads\/2025\/10\/img-20251008-wa0023-696x392.jpg 696w, https:\/\/ledenonciateur224.com\/wp-content\/uploads\/2025\/10\/img-20251008-wa0023-1068x601.jpg 1068w, https:\/\/ledenonciateur224.com\/wp-content\/uploads\/2025\/10\/img-20251008-wa0023-747x420.jpg 747w\" sizes=\"auto, (max-width: 1280px) 100vw, 1280px\" \/><\/p>\n<p>\u00ab C\u2019est un honneur pour nous de recevoir la premi\u00e8re autorit\u00e9 du minist\u00e8re sur nos sites\u2026 Cela nous permet de comprendre que les enjeux sont importants et que nous devons redoubler d\u2019efforts. \u00bb<\/p>\n<p>Et d\u2019ajouter avec lucidit\u00e9 :<\/p>\n<p>\u00ab Il y a beaucoup de choses qui sont faites\u2026 mais par rapport aux d\u00e9fis, nous avons encore beaucoup \u00e0 faire. \u00bb<\/p>\n<p><img loading=\"lazy\" decoding=\"async\" class=\"alignnone size-full wp-image-5471\" src=\"https:\/\/ledenonciateur224.com\/wp-content\/uploads\/2025\/10\/img-20251008-wa0031.jpg\" alt=\"\" width=\"1280\" height=\"720\" srcset=\"https:\/\/ledenonciateur224.com\/wp-content\/uploads\/2025\/10\/img-20251008-wa0031.jpg 1280w, https:\/\/ledenonciateur224.com\/wp-content\/uploads\/2025\/10\/img-20251008-wa0031-300x169.jpg 300w, https:\/\/ledenonciateur224.com\/wp-content\/uploads\/2025\/10\/img-20251008-wa0031-1024x576.jpg 1024w, https:\/\/ledenonciateur224.com\/wp-content\/uploads\/2025\/10\/img-20251008-wa0031-768x432.jpg 768w, https:\/\/ledenonciateur224.com\/wp-content\/uploads\/2025\/10\/img-20251008-wa0031-150x84.jpg 150w, https:\/\/ledenonciateur224.com\/wp-content\/uploads\/2025\/10\/img-20251008-wa0031-696x392.jpg 696w, https:\/\/ledenonciateur224.com\/wp-content\/uploads\/2025\/10\/img-20251008-wa0031-1068x601.jpg 1068w, https:\/\/ledenonciateur224.com\/wp-content\/uploads\/2025\/10\/img-20251008-wa0031-747x420.jpg 747w\" sizes=\"auto, (max-width: 1280px) 100vw, 1280px\" \/> <img loading=\"lazy\" decoding=\"async\" class=\"alignnone size-full wp-image-5472\" src=\"https:\/\/ledenonciateur224.com\/wp-content\/uploads\/2025\/10\/20251008-133153-scaled.jpg\" alt=\"\" width=\"2560\" height=\"1152\" srcset=\"https:\/\/ledenonciateur224.com\/wp-content\/uploads\/2025\/10\/20251008-133153-scaled.jpg 2560w, https:\/\/ledenonciateur224.com\/wp-content\/uploads\/2025\/10\/20251008-133153-300x135.jpg 300w, https:\/\/ledenonciateur224.com\/wp-content\/uploads\/2025\/10\/20251008-133153-1024x461.jpg 1024w, https:\/\/ledenonciateur224.com\/wp-content\/uploads\/2025\/10\/20251008-133153-768x346.jpg 768w, https:\/\/ledenonciateur224.com\/wp-content\/uploads\/2025\/10\/20251008-133153-1536x691.jpg 1536w, https:\/\/ledenonciateur224.com\/wp-content\/uploads\/2025\/10\/20251008-133153-2048x922.jpg 2048w, https:\/\/ledenonciateur224.com\/wp-content\/uploads\/2025\/10\/20251008-133153-150x68.jpg 150w, https:\/\/ledenonciateur224.com\/wp-content\/uploads\/2025\/10\/20251008-133153-696x313.jpg 696w, https:\/\/ledenonciateur224.com\/wp-content\/uploads\/2025\/10\/20251008-133153-1068x481.jpg 1068w, https:\/\/ledenonciateur224.com\/wp-content\/uploads\/2025\/10\/20251008-133153-1920x864.jpg 1920w, https:\/\/ledenonciateur224.com\/wp-content\/uploads\/2025\/10\/20251008-133153-933x420.jpg 933w\" sizes=\"auto, (max-width: 2560px) 100vw, 2560px\" \/> <img loading=\"lazy\" decoding=\"async\" class=\"alignnone size-full wp-image-5473\" src=\"https:\/\/ledenonciateur224.com\/wp-content\/uploads\/2025\/10\/img-20251008-wa0030.jpg\" alt=\"\" width=\"1280\" height=\"720\" srcset=\"https:\/\/ledenonciateur224.com\/wp-content\/uploads\/2025\/10\/img-20251008-wa0030.jpg 1280w, https:\/\/ledenonciateur224.com\/wp-content\/uploads\/2025\/10\/img-20251008-wa0030-300x169.jpg 300w, https:\/\/ledenonciateur224.com\/wp-content\/uploads\/2025\/10\/img-20251008-wa0030-1024x576.jpg 1024w, https:\/\/ledenonciateur224.com\/wp-content\/uploads\/2025\/10\/img-20251008-wa0030-768x432.jpg 768w, https:\/\/ledenonciateur224.com\/wp-content\/uploads\/2025\/10\/img-20251008-wa0030-150x84.jpg 150w, https:\/\/ledenonciateur224.com\/wp-content\/uploads\/2025\/10\/img-20251008-wa0030-696x392.jpg 696w, https:\/\/ledenonciateur224.com\/wp-content\/uploads\/2025\/10\/img-20251008-wa0030-1068x601.jpg 1068w, https:\/\/ledenonciateur224.com\/wp-content\/uploads\/2025\/10\/img-20251008-wa0030-747x420.jpg 747w\" sizes=\"auto, (max-width: 1280px) 100vw, 1280px\" \/><\/p>\n<p>En conclusion, il r\u00e9affirme l\u2019engagement de l\u2019EDG :\u00ab Nous nous sommes engag\u00e9s \u00e0 relever le d\u00e9fi\u2026 pour que l\u2019\u00e9tiage se passe dans de tr\u00e8s bonnes conditions. \u00bb<\/p>\n<p>Cette visite du ministre Namory Camara marque une \u00e9tape importante dans la transformation du secteur \u00e9nerg\u00e9tique guin\u00e9en. En s\u2019adressant directement aux agents sur le terrain, en appelant \u00e0 la responsabilit\u00e9 collective, et en annon\u00e7ant des projets structurants, il envoie un signal fort :\u00a0<strong>la transition \u00e9nerg\u00e9tique de la Guin\u00e9e est en marche, et elle se fera avec tous les Guin\u00e9ens.<\/strong><\/p>\n<\/div>\n<div dir=\"auto\"><\/div>\n<div dir=\"auto\">\n<div dir=\"auto\">Aboubacar Moussa Camara<\/div>\n<div dir=\"auto\"><\/div>\n<div dir=\"auto\">\u00a0611 70 39 84<\/div>\n<\/div>\n","protected":false},"excerpt":{"rendered":"<p>Le ministre de l\u2019\u00c9nergie, Namory Camara, intensifie sa mission de refondation du secteur \u00e9nerg\u00e9tique en Guin\u00e9e. Ce mercredi 8 octobre, il a effectu\u00e9 une visite terrain sur plusieurs sites strat\u00e9giques de production d\u2019\u00e9lectricit\u00e9 \u00e0 Conakry, accompagn\u00e9 du Directeur G\u00e9n\u00e9ral de l\u2019\u00c9lectricit\u00e9 de Guin\u00e9e (EDG), Elhadj Gando Barry. Objectif de cette tourn\u00e9e officielle : faire un [&hellip;]<\/p>\n","protected":false},"author":2,"featured_media":5467,"comment_status":"closed","ping_status":"closed","sticky":false,"template":"","format":"standard","meta":{"_jetpack_memberships_contains_paid_content":false,"footnotes":"","jetpack_publicize_message":"","jetpack_publicize_feature_enabled":true,"jetpack_social_post_already_shared":true,"jetpack_social_options":{"image_generator_settings":{"template":"highway","default_image_id":0,"font":"","enabled":false},"version":2}},"categories":[29,24],"tags":[1032,1022],"class_list":{"0":"post-5465","1":"post","2":"type-post","3":"status-publish","4":"format-standard","5":"has-post-thumbnail","7":"category-economie","8":"category-news","9":"tag-energetique","10":"tag-namory-camara"},"jetpack_publicize_connections":[],"jetpack_featured_media_url":"https:\/\/ledenonciateur224.com\/wp-content\/uploads\/2025\/10\/img-20251008-wa0026.jpg","jetpack_sharing_enabled":true,"_links":{"self":[{"href":"https:\/\/ledenonciateur224.com\/index.php\/wp-json\/wp\/v2\/posts\/5465","targetHints":{"allow":["GET"]}}],"collection":[{"href":"https:\/\/ledenonciateur224.com\/index.php\/wp-json\/wp\/v2\/posts"}],"about":[{"href":"https:\/\/ledenonciateur224.com\/index.php\/wp-json\/wp\/v2\/types\/post"}],"author":[{"embeddable":true,"href":"https:\/\/ledenonciateur224.com\/index.php\/wp-json\/wp\/v2\/users\/2"}],"replies":[{"embeddable":true,"href":"https:\/\/ledenonciateur224.com\/index.php\/wp-json\/wp\/v2\/comments?post=5465"}],"version-history":[{"count":0,"href":"https:\/\/ledenonciateur224.com\/index.php\/wp-json\/wp\/v2\/posts\/5465\/revisions"}],"wp:featuredmedia":[{"embeddable":true,"href":"https:\/\/ledenonciateur224.com\/index.php\/wp-json\/wp\/v2\/media\/5467"}],"wp:attachment":[{"href":"https:\/\/ledenonciateur224.com\/index.php\/wp-json\/wp\/v2\/media?parent=5465"}],"wp:term":[{"taxonomy":"category","embeddable":true,"href":"https:\/\/ledenonciateur224.com\/index.php\/wp-json\/wp\/v2\/categories?post=5465"},{"taxonomy":"post_tag","embeddable":true,"href":"https:\/\/ledenonciateur224.com\/index.php\/wp-json\/wp\/v2\/tags?post=5465"}],"curies":[{"name":"wp","href":"https:\/\/api.w.org\/{rel}","templated":true}]}}