{"id":5476,"date":"2025-10-09T08:42:37","date_gmt":"2025-10-09T08:42:37","guid":{"rendered":"https:\/\/ledenonciateur224.com\/?p=5476"},"modified":"2025-10-09T08:42:37","modified_gmt":"2025-10-09T08:42:37","slug":"faranah-le-premier-ministre-en-tournee-de-remerciements","status":"publish","type":"post","link":"https:\/\/ledenonciateur224.com\/index.php\/faranah-le-premier-ministre-en-tournee-de-remerciements\/","title":{"rendered":"Faranah : Le Premier Ministre en tourn\u00e9e de remerciements"},"content":{"rendered":"<p>Faranah, centre historique de la Guin\u00e9e et ville natale du camarade Ahmed S\u00e9kou Tour\u00e9, a \u00e9t\u00e9 la premi\u00e8re \u00e9tape symbolique de la tourn\u00e9e nationale de remerciements entreprise par le Premier ministre, Amadou Oury Bah, suite au pl\u00e9biscite de la nouvelle Constitution lors du r\u00e9f\u00e9rendum du 21 septembre 2025. En tant que coordonnateur national de la campagne pour le \u00ab oui \u00bb, le Chef du Gouvernement a tenu \u00e0 exprimer sa profonde gratitude aux citoyens pour leur mobilisation exceptionnelle.<br \/>\nFerveur populaire et reconnaissance citoyenne<br \/>\nD\u00e8s son arriv\u00e9e dans la pr\u00e9fecture de Faranah, le Premier ministre Amadou Oury Bah a \u00e9t\u00e9 accueilli par une foule impressionnante et fervente. \u00c0 la Maison des jeunes, les populations ont exprim\u00e9 leur reconnaissance envers l&rsquo;action du Pr\u00e9sident de la R\u00e9publique et de son gouvernement.<\/p>\n<p><img loading=\"lazy\" decoding=\"async\" class=\"alignnone size-full wp-image-5477\" src=\"https:\/\/ledenonciateur224.com\/wp-content\/uploads\/2025\/10\/1759996560138.webp\" alt=\"\" width=\"720\" height=\"480\" srcset=\"https:\/\/ledenonciateur224.com\/wp-content\/uploads\/2025\/10\/1759996560138.webp 720w, https:\/\/ledenonciateur224.com\/wp-content\/uploads\/2025\/10\/1759996560138-300x200.webp 300w, https:\/\/ledenonciateur224.com\/wp-content\/uploads\/2025\/10\/1759996560138-150x100.webp 150w, https:\/\/ledenonciateur224.com\/wp-content\/uploads\/2025\/10\/1759996560138-696x464.webp 696w, https:\/\/ledenonciateur224.com\/wp-content\/uploads\/2025\/10\/1759996560138-630x420.webp 630w\" sizes=\"auto, (max-width: 720px) 100vw, 720px\" \/><\/p>\n<p>S&rsquo;exprimant dans les langues locales, le Premier ministre a transmis le message de gratitude du Pr\u00e9sident G\u00e9n\u00e9ral Mamadi Doumbouya pour le vote massif en faveur du \u00ab oui \u00bb, saluant au passage le calme et la responsabilit\u00e9 qui ont caract\u00e9ris\u00e9 le scrutin. Face \u00e0 cette adh\u00e9sion, Amadou Oury Bah a exhort\u00e9 les jeunes, les femmes, les notables et toutes les associations de soutien \u00e0 maintenir ce niveau d&rsquo;engagement en vue de l&rsquo;\u00e9lection pr\u00e9sidentielle du 28 d\u00e9cembre 2025.<\/p>\n<p>Un moment fort de cette visite fut l&rsquo;expression claire du d\u00e9sir des populations. En effet, les femmes et les jeunes, apr\u00e8s avoir salu\u00e9 les initiatives gouvernementales, ont scand\u00e9 en ch\u0153ur leur souhait de voir le Pr\u00e9sident de la R\u00e9publique, le G\u00e9n\u00e9ral Mamadi Doumbouya, se pr\u00e9senter \u00e0 l&rsquo;\u00e9lection pr\u00e9sidentielle prochaine.<br \/>\nPoursuivant sa d\u00e9marche de remerciement et de reconnaissance, le Premier ministre a ensuite rendu visite aux sages de Faranah. Accompagn\u00e9 de sa d\u00e9l\u00e9gation, il a r\u00e9it\u00e9r\u00e9 le message de gratitude du Chef de l&rsquo;\u00c9tat pour leur soutien ind\u00e9fectible durant la campagne r\u00e9f\u00e9rendaire. Le Soty Kemo, El-hadj Douty Ben Oulare, entour\u00e9 de ses conseillers, a exprim\u00e9 sa profonde satisfaction et a renouvel\u00e9, au nom de toute la population de Faranah, son appui ind\u00e9fectible aux chantiers de d\u00e9veloppement initi\u00e9s par le Pr\u00e9sident de la R\u00e9publique. Le message de Faranah est sans ambigu\u00eft\u00e9 : \u00ab\u00a0la mobilisation pour la nouvelle Constitution est un tremplin vers l&rsquo;avenir\u00a0\u00bb.<\/p>\n<p>&nbsp;<\/p>\n<p>Primature<\/p>\n","protected":false},"excerpt":{"rendered":"<p>Faranah, centre historique de la Guin\u00e9e et ville natale du camarade Ahmed S\u00e9kou Tour\u00e9, a \u00e9t\u00e9 la premi\u00e8re \u00e9tape symbolique de la tourn\u00e9e nationale de remerciements entreprise par le Premier ministre, Amadou Oury Bah, suite au pl\u00e9biscite de la nouvelle Constitution lors du r\u00e9f\u00e9rendum du 21 septembre 2025. En tant que coordonnateur national de la [&hellip;]<\/p>\n","protected":false},"author":2,"featured_media":5478,"comment_status":"closed","ping_status":"closed","sticky":false,"template":"","format":"standard","meta":{"_jetpack_memberships_contains_paid_content":false,"footnotes":"","jetpack_publicize_message":"","jetpack_publicize_feature_enabled":true,"jetpack_social_post_already_shared":true,"jetpack_social_options":{"image_generator_settings":{"template":"highway","default_image_id":0,"font":"","enabled":false},"version":2}},"categories":[24,27],"tags":[1047,1180],"class_list":{"0":"post-5476","1":"post","2":"type-post","3":"status-publish","4":"format-standard","5":"has-post-thumbnail","7":"category-news","8":"category-politique","9":"tag-bah-oury","10":"tag-primature"},"jetpack_publicize_connections":[],"jetpack_featured_media_url":"https:\/\/ledenonciateur224.com\/wp-content\/uploads\/2025\/10\/1759996550553.webp","jetpack_sharing_enabled":true,"_links":{"self":[{"href":"https:\/\/ledenonciateur224.com\/index.php\/wp-json\/wp\/v2\/posts\/5476","targetHints":{"allow":["GET"]}}],"collection":[{"href":"https:\/\/ledenonciateur224.com\/index.php\/wp-json\/wp\/v2\/posts"}],"about":[{"href":"https:\/\/ledenonciateur224.com\/index.php\/wp-json\/wp\/v2\/types\/post"}],"author":[{"embeddable":true,"href":"https:\/\/ledenonciateur224.com\/index.php\/wp-json\/wp\/v2\/users\/2"}],"replies":[{"embeddable":true,"href":"https:\/\/ledenonciateur224.com\/index.php\/wp-json\/wp\/v2\/comments?post=5476"}],"version-history":[{"count":0,"href":"https:\/\/ledenonciateur224.com\/index.php\/wp-json\/wp\/v2\/posts\/5476\/revisions"}],"wp:featuredmedia":[{"embeddable":true,"href":"https:\/\/ledenonciateur224.com\/index.php\/wp-json\/wp\/v2\/media\/5478"}],"wp:attachment":[{"href":"https:\/\/ledenonciateur224.com\/index.php\/wp-json\/wp\/v2\/media?parent=5476"}],"wp:term":[{"taxonomy":"category","embeddable":true,"href":"https:\/\/ledenonciateur224.com\/index.php\/wp-json\/wp\/v2\/categories?post=5476"},{"taxonomy":"post_tag","embeddable":true,"href":"https:\/\/ledenonciateur224.com\/index.php\/wp-json\/wp\/v2\/tags?post=5476"}],"curies":[{"name":"wp","href":"https:\/\/api.w.org\/{rel}","templated":true}]}}