{"id":5481,"date":"2025-10-09T16:31:16","date_gmt":"2025-10-09T16:31:16","guid":{"rendered":"https:\/\/ledenonciateur224.com\/?p=5481"},"modified":"2025-10-09T16:31:16","modified_gmt":"2025-10-09T16:31:16","slug":"la-jeunesse-presidentielle-de-guinee-entre-en-scene-un-soutien-clair-a-mamadi-doumbouya","status":"publish","type":"post","link":"https:\/\/ledenonciateur224.com\/index.php\/la-jeunesse-presidentielle-de-guinee-entre-en-scene-un-soutien-clair-a-mamadi-doumbouya\/","title":{"rendered":"La Jeunesse Pr\u00e9sidentielle de Guin\u00e9e entre en sc\u00e8ne : un soutien clair \u00e0 Mamadi Doumbouya"},"content":{"rendered":"<p>Dans une atmosph\u00e8re empreinte de solennit\u00e9 et d\u2019engagement, la\u00a0<strong>Jeunesse Pr\u00e9sidentielle de Guin\u00e9e (JPG)<\/strong>\u00a0a officiellement lanc\u00e9 ses activit\u00e9s ce jeudi 9 octobre, lors d\u2019une c\u00e9r\u00e9monie organis\u00e9e dans un r\u00e9ceptif h\u00f4telier de Conakry. Cette initiative marque un tournant dans l\u2019implication citoyenne de la jeunesse guin\u00e9enne, qui affiche ouvertement son soutien au\u00a0<strong>G\u00e9n\u00e9ral Mamadi Doumbouya<\/strong>, appelant \u00e0 sa candidature pour l\u2019\u00e9lection pr\u00e9sidentielle pr\u00e9vue le\u00a0<strong>28 d\u00e9cembre 2025<\/strong>.<\/p>\n<h3><img loading=\"lazy\" decoding=\"async\" class=\"alignnone size-full wp-image-5482\" src=\"https:\/\/ledenonciateur224.com\/wp-content\/uploads\/2025\/10\/20251009-124035-scaled.jpg\" alt=\"\" width=\"2560\" height=\"1152\" srcset=\"https:\/\/ledenonciateur224.com\/wp-content\/uploads\/2025\/10\/20251009-124035-scaled.jpg 2560w, https:\/\/ledenonciateur224.com\/wp-content\/uploads\/2025\/10\/20251009-124035-300x135.jpg 300w, https:\/\/ledenonciateur224.com\/wp-content\/uploads\/2025\/10\/20251009-124035-1024x461.jpg 1024w, https:\/\/ledenonciateur224.com\/wp-content\/uploads\/2025\/10\/20251009-124035-768x346.jpg 768w, https:\/\/ledenonciateur224.com\/wp-content\/uploads\/2025\/10\/20251009-124035-1536x691.jpg 1536w, https:\/\/ledenonciateur224.com\/wp-content\/uploads\/2025\/10\/20251009-124035-2048x922.jpg 2048w, https:\/\/ledenonciateur224.com\/wp-content\/uploads\/2025\/10\/20251009-124035-150x68.jpg 150w, https:\/\/ledenonciateur224.com\/wp-content\/uploads\/2025\/10\/20251009-124035-696x313.jpg 696w, https:\/\/ledenonciateur224.com\/wp-content\/uploads\/2025\/10\/20251009-124035-1068x481.jpg 1068w, https:\/\/ledenonciateur224.com\/wp-content\/uploads\/2025\/10\/20251009-124035-1920x864.jpg 1920w, https:\/\/ledenonciateur224.com\/wp-content\/uploads\/2025\/10\/20251009-124035-933x420.jpg 933w\" sizes=\"auto, (max-width: 2560px) 100vw, 2560px\" \/><\/h3>\n<p>Dans un discours fort et structur\u00e9,\u00a0<strong>Alseny S\u00e9kou Bangoura<\/strong>, pr\u00e9sident de la JPG, a d\u00e9clin\u00e9 les ambitions de cette structure qui se veut \u00ab\u00a0citoyenne, patriotique et f\u00e9d\u00e9ratrice\u00a0\u00bb. Il a soulign\u00e9 la volont\u00e9 des jeunes de se mobiliser pour \u00ab une Guin\u00e9e stable, moderne et rayonnante \u00bb autour du leadership du G\u00e9n\u00e9ral Doumbouya, qualifi\u00e9 de \u00ab\u00a0guide visionnaire\u00a0\u00bb \u00e0 m\u00eame de conduire la nation vers la paix et le d\u00e9veloppement.<\/p>\n<p><img loading=\"lazy\" decoding=\"async\" class=\"alignnone size-full wp-image-5483\" src=\"https:\/\/ledenonciateur224.com\/wp-content\/uploads\/2025\/10\/img-20251009-wa0052.jpg\" alt=\"\" width=\"1020\" height=\"765\" srcset=\"https:\/\/ledenonciateur224.com\/wp-content\/uploads\/2025\/10\/img-20251009-wa0052.jpg 1020w, https:\/\/ledenonciateur224.com\/wp-content\/uploads\/2025\/10\/img-20251009-wa0052-300x225.jpg 300w, https:\/\/ledenonciateur224.com\/wp-content\/uploads\/2025\/10\/img-20251009-wa0052-768x576.jpg 768w, https:\/\/ledenonciateur224.com\/wp-content\/uploads\/2025\/10\/img-20251009-wa0052-150x113.jpg 150w, https:\/\/ledenonciateur224.com\/wp-content\/uploads\/2025\/10\/img-20251009-wa0052-696x522.jpg 696w, https:\/\/ledenonciateur224.com\/wp-content\/uploads\/2025\/10\/img-20251009-wa0052-560x420.jpg 560w, https:\/\/ledenonciateur224.com\/wp-content\/uploads\/2025\/10\/img-20251009-wa0052-80x60.jpg 80w, https:\/\/ledenonciateur224.com\/wp-content\/uploads\/2025\/10\/img-20251009-wa0052-265x198.jpg 265w\" sizes=\"auto, (max-width: 1020px) 100vw, 1020px\" \/><\/p>\n<p>Les objectifs de la JPG sont clairs :<\/p>\n<ul>\n<li><strong>Soutenir la candidature du G\u00e9n\u00e9ral Mamadi Doumbouya<\/strong>\u00a0;<\/li>\n<li><strong>Participer \u00e0 la prise en charge de sa caution pr\u00e9sidentielle<\/strong>\u00a0;<\/li>\n<li><strong>Implanter la structure dans toutes les r\u00e9gions et localit\u00e9s du pays<\/strong>\u00a0;<\/li>\n<li><strong>Mobiliser la jeunesse autour des valeurs de paix, de patriotisme et de responsabilit\u00e9 citoyenne<\/strong>.<\/li>\n<\/ul>\n<h3><\/h3>\n<p>Le discours d\u2019Alseny S\u00e9kou Bangoura a \u00e9t\u00e9 ponctu\u00e9 de remerciements appuy\u00e9s aux parrains de l\u2019\u00e9v\u00e9nement, notamment\u00a0<strong>le ministre de l\u2019\u00c9conomie et des Finances, Morana Soumah<\/strong>, et\u00a0<strong>Madame Kant\u00e9 n\u00e9e Kadiatou Doumbouya<\/strong>, marraine de la JPG. Les Sages de la Nation et divers invit\u00e9s de marque ont \u00e9galement \u00e9t\u00e9 salu\u00e9s pour leur pr\u00e9sence et leur soutien.<\/p>\n<p>Prenant la parole,\u00a0<strong>le ministre de la Culture, Moussa Moise Sylla<\/strong>, a salu\u00e9 l\u2019initiative de la JPG, la qualifiant d\u2019\u00a0\u00bbacte fort, lucide et responsable\u00a0\u00bb. Selon lui, la demande de voir le G\u00e9n\u00e9ral Doumbouya se pr\u00e9senter \u00e0 la pr\u00e9sidentielle d\u00e9passe le cadre de la jeunesse : \u00ab C\u2019est une exigence populaire. Femmes, jeunes, sages&#8230; tous appellent \u00e0 sa candidature. \u00bb<\/p>\n<p>Moise Sylla a d\u00e9fendu cette d\u00e9marche contre les critiques \u00e9ventuelles :<\/p>\n<p>\u00ab Dans un monde en perp\u00e9tuelle mutation, l\u2019homme d\u2019\u00c9tat qui refuse de changer se condamne \u00e0 l\u2019immobilisme. Celui qui \u00e9volue avec son peuple devient le moteur du progr\u00e8s collectif. \u00bb<\/p>\n<p>Il a salu\u00e9 chez le pr\u00e9sident actuel la capacit\u00e9 \u00e0 concilier \u00ab\u00a0fermet\u00e9 et \u00e9coute\u00a0\u00bb, \u00ab\u00a0vision et pragmatisme\u00a0\u00bb, et a encourag\u00e9 la jeunesse \u00e0 porter avec fiert\u00e9 cette dynamique d\u2019adaptation et de r\u00e9forme.<\/p>\n<p>\u00c0 travers ce lancement, la JPG entend incarner une g\u00e9n\u00e9ration consciente et d\u00e9termin\u00e9e \u00e0 peser dans le devenir politique du pays. Le message est sans \u00e9quivoque : la jeunesse guin\u00e9enne ne souhaite plus \u00eatre spectatrice, mais actrice du changement, avec comme boussole le leadership du G\u00e9n\u00e9ral Mamadi Doumbouya.<\/p>\n<p>&nbsp;<\/p>\n<p>&nbsp;<\/p>\n<p>Aboubacar Moussa Camara<\/p>\n<p>611 70 39 84<\/p>\n","protected":false},"excerpt":{"rendered":"<p>Dans une atmosph\u00e8re empreinte de solennit\u00e9 et d\u2019engagement, la\u00a0Jeunesse Pr\u00e9sidentielle de Guin\u00e9e (JPG)\u00a0a officiellement lanc\u00e9 ses activit\u00e9s ce jeudi 9 octobre, lors d\u2019une c\u00e9r\u00e9monie organis\u00e9e dans un r\u00e9ceptif h\u00f4telier de Conakry. Cette initiative marque un tournant dans l\u2019implication citoyenne de la jeunesse guin\u00e9enne, qui affiche ouvertement son soutien au\u00a0G\u00e9n\u00e9ral Mamadi Doumbouya, appelant \u00e0 sa candidature [&hellip;]<\/p>\n","protected":false},"author":2,"featured_media":5483,"comment_status":"closed","ping_status":"closed","sticky":false,"template":"","format":"standard","meta":{"_jetpack_memberships_contains_paid_content":false,"footnotes":"","jetpack_publicize_message":"","jetpack_publicize_feature_enabled":true,"jetpack_social_post_already_shared":true,"jetpack_social_options":{"image_generator_settings":{"template":"highway","default_image_id":0,"font":"","enabled":false},"version":2}},"categories":[24,27],"tags":[1213,966],"class_list":{"0":"post-5481","1":"post","2":"type-post","3":"status-publish","4":"format-standard","5":"has-post-thumbnail","7":"category-news","8":"category-politique","9":"tag-jeunesse","10":"tag-presidentielle"},"jetpack_publicize_connections":[],"jetpack_featured_media_url":"https:\/\/ledenonciateur224.com\/wp-content\/uploads\/2025\/10\/img-20251009-wa0052.jpg","jetpack_sharing_enabled":true,"_links":{"self":[{"href":"https:\/\/ledenonciateur224.com\/index.php\/wp-json\/wp\/v2\/posts\/5481","targetHints":{"allow":["GET"]}}],"collection":[{"href":"https:\/\/ledenonciateur224.com\/index.php\/wp-json\/wp\/v2\/posts"}],"about":[{"href":"https:\/\/ledenonciateur224.com\/index.php\/wp-json\/wp\/v2\/types\/post"}],"author":[{"embeddable":true,"href":"https:\/\/ledenonciateur224.com\/index.php\/wp-json\/wp\/v2\/users\/2"}],"replies":[{"embeddable":true,"href":"https:\/\/ledenonciateur224.com\/index.php\/wp-json\/wp\/v2\/comments?post=5481"}],"version-history":[{"count":0,"href":"https:\/\/ledenonciateur224.com\/index.php\/wp-json\/wp\/v2\/posts\/5481\/revisions"}],"wp:featuredmedia":[{"embeddable":true,"href":"https:\/\/ledenonciateur224.com\/index.php\/wp-json\/wp\/v2\/media\/5483"}],"wp:attachment":[{"href":"https:\/\/ledenonciateur224.com\/index.php\/wp-json\/wp\/v2\/media?parent=5481"}],"wp:term":[{"taxonomy":"category","embeddable":true,"href":"https:\/\/ledenonciateur224.com\/index.php\/wp-json\/wp\/v2\/categories?post=5481"},{"taxonomy":"post_tag","embeddable":true,"href":"https:\/\/ledenonciateur224.com\/index.php\/wp-json\/wp\/v2\/tags?post=5481"}],"curies":[{"name":"wp","href":"https:\/\/api.w.org\/{rel}","templated":true}]}}