{"id":5485,"date":"2025-10-09T18:42:00","date_gmt":"2025-10-09T18:42:00","guid":{"rendered":"https:\/\/ledenonciateur224.com\/?p=5485"},"modified":"2025-10-09T18:42:00","modified_gmt":"2025-10-09T18:42:00","slug":"la-photographie-guineenne-a-lhonneur-un-nouveau-souffle-pour-lart-visuel-national","status":"publish","type":"post","link":"https:\/\/ledenonciateur224.com\/index.php\/la-photographie-guineenne-a-lhonneur-un-nouveau-souffle-pour-lart-visuel-national\/","title":{"rendered":"La Photographie guin\u00e9enne \u00e0 l\u2019honneur : Un nouveau souffle pour l\u2019Art Visuel National"},"content":{"rendered":"<p><strong>Kaloum, 9 octobre 2025<\/strong> \u2013 Une promesse tenue, un moment historique pour la photographie guin\u00e9enne. Le minist\u00e8re de la Culture, \u00e0 travers l\u2019Office National du Cin\u00e9ma, de la Vid\u00e9o et de la Photographie (ONACIG), a honor\u00e9 les laur\u00e9ats du concours photographique initi\u00e9 par l&rsquo;UNASIG, lors d\u2019une c\u00e9r\u00e9monie marquante organis\u00e9e \u00e0 la direction g\u00e9n\u00e9rale de Kaloum.<\/p>\n<p><img loading=\"lazy\" decoding=\"async\" class=\"alignnone size-full wp-image-5486\" src=\"https:\/\/ledenonciateur224.com\/wp-content\/uploads\/2025\/10\/img-20251009-wa0058.jpg\" alt=\"\" width=\"960\" height=\"432\" srcset=\"https:\/\/ledenonciateur224.com\/wp-content\/uploads\/2025\/10\/img-20251009-wa0058.jpg 960w, https:\/\/ledenonciateur224.com\/wp-content\/uploads\/2025\/10\/img-20251009-wa0058-300x135.jpg 300w, https:\/\/ledenonciateur224.com\/wp-content\/uploads\/2025\/10\/img-20251009-wa0058-768x346.jpg 768w, https:\/\/ledenonciateur224.com\/wp-content\/uploads\/2025\/10\/img-20251009-wa0058-150x68.jpg 150w, https:\/\/ledenonciateur224.com\/wp-content\/uploads\/2025\/10\/img-20251009-wa0058-696x313.jpg 696w, https:\/\/ledenonciateur224.com\/wp-content\/uploads\/2025\/10\/img-20251009-wa0058-933x420.jpg 933w\" sizes=\"auto, (max-width: 960px) 100vw, 960px\" \/><\/p>\n<p><strong>Aboubacar Bangoura<\/strong>, photographe professionnel et grand gagnant du concours, a exprim\u00e9 avec \u00e9motion sa gratitude envers les autorit\u00e9s, saluant une initiative \u00ab in\u00e9dite \u00bb en Guin\u00e9e. Port\u00e9 par ce succ\u00e8s, il a lanc\u00e9 un appel vibrant \u00e0 la jeunesse : <em>\u00ab Se former, pers\u00e9v\u00e9rer et viser l\u2019excellence \u00bb<\/em>. Pour lui, ce prix n\u2019est pas une fin, mais le d\u00e9but d\u2019un nouveau d\u00e9fi : devenir une r\u00e9f\u00e9rence dans son art.<\/p>\n<p>De son c\u00f4t\u00e9, <strong>Amara Traor\u00e9<\/strong>, Directeur g\u00e9n\u00e9ral de l\u2019ONACIG, a soulign\u00e9 la port\u00e9e de cette action : <em>\u00ab Nous tenons parole, et cette parole vient du plus haut sommet de l\u2019\u00c9tat \u00bb<\/em>, a-t-il affirm\u00e9. Il a \u00e9voqu\u00e9 les grandes ambitions de l\u2019Office : renforcer la formation des photographes, organiser des expositions \u00e0 l\u2019\u00e9chelle nationale et internationale, et faire de la photographie un outil de valorisation de l\u2019image de la Guin\u00e9e.<\/p>\n<p>Parmi les initiatives concr\u00e8tes, la mise en place d\u2019une salle d\u2019archives dot\u00e9e d\u2019un serveur de 9 To permettra de pr\u00e9server les \u0153uvres photographiques du pays. Les 60 clich\u00e9s finalistes du concours seront ainsi archiv\u00e9s et utilis\u00e9s pour des expositions, mus\u00e9es et publications officielles.<\/p>\n<p>Enfin, le ma\u00eetre-mot de cette nouvelle dynamique reste la <strong>transparence<\/strong>, \u00e9rig\u00e9e en valeur cardinale par les autorit\u00e9s actuelles. <em>\u00ab Nous avons chang\u00e9 la donne \u00bb,<\/em> a martel\u00e9 le directeur de l\u2019ONACIG, appelant les photographes \u00e0 une pratique <strong>responsable<\/strong>, porteuse d\u2019une image positive de la nation.<\/p>\n<p>&nbsp;<\/p>\n<p>Ledenonciateur224.com<\/p>\n","protected":false},"excerpt":{"rendered":"<p>Kaloum, 9 octobre 2025 \u2013 Une promesse tenue, un moment historique pour la photographie guin\u00e9enne. Le minist\u00e8re de la Culture, \u00e0 travers l\u2019Office National du Cin\u00e9ma, de la Vid\u00e9o et de la Photographie (ONACIG), a honor\u00e9 les laur\u00e9ats du concours photographique initi\u00e9 par l&rsquo;UNASIG, lors d\u2019une c\u00e9r\u00e9monie marquante organis\u00e9e \u00e0 la direction g\u00e9n\u00e9rale de Kaloum. [&hellip;]<\/p>\n","protected":false},"author":2,"featured_media":5487,"comment_status":"closed","ping_status":"closed","sticky":false,"template":"","format":"standard","meta":{"_jetpack_memberships_contains_paid_content":false,"footnotes":"","jetpack_publicize_message":"","jetpack_publicize_feature_enabled":true,"jetpack_social_post_already_shared":true,"jetpack_social_options":{"image_generator_settings":{"template":"highway","default_image_id":0,"font":"","enabled":false},"version":2}},"categories":[28,24],"tags":[1214,1085],"class_list":{"0":"post-5485","1":"post","2":"type-post","3":"status-publish","4":"format-standard","5":"has-post-thumbnail","7":"category-culture","8":"category-news","9":"tag-gagnant","10":"tag-photographie"},"jetpack_publicize_connections":[],"jetpack_featured_media_url":"https:\/\/ledenonciateur224.com\/wp-content\/uploads\/2025\/10\/img-20251009-wa0057.jpg","jetpack_sharing_enabled":true,"_links":{"self":[{"href":"https:\/\/ledenonciateur224.com\/index.php\/wp-json\/wp\/v2\/posts\/5485","targetHints":{"allow":["GET"]}}],"collection":[{"href":"https:\/\/ledenonciateur224.com\/index.php\/wp-json\/wp\/v2\/posts"}],"about":[{"href":"https:\/\/ledenonciateur224.com\/index.php\/wp-json\/wp\/v2\/types\/post"}],"author":[{"embeddable":true,"href":"https:\/\/ledenonciateur224.com\/index.php\/wp-json\/wp\/v2\/users\/2"}],"replies":[{"embeddable":true,"href":"https:\/\/ledenonciateur224.com\/index.php\/wp-json\/wp\/v2\/comments?post=5485"}],"version-history":[{"count":0,"href":"https:\/\/ledenonciateur224.com\/index.php\/wp-json\/wp\/v2\/posts\/5485\/revisions"}],"wp:featuredmedia":[{"embeddable":true,"href":"https:\/\/ledenonciateur224.com\/index.php\/wp-json\/wp\/v2\/media\/5487"}],"wp:attachment":[{"href":"https:\/\/ledenonciateur224.com\/index.php\/wp-json\/wp\/v2\/media?parent=5485"}],"wp:term":[{"taxonomy":"category","embeddable":true,"href":"https:\/\/ledenonciateur224.com\/index.php\/wp-json\/wp\/v2\/categories?post=5485"},{"taxonomy":"post_tag","embeddable":true,"href":"https:\/\/ledenonciateur224.com\/index.php\/wp-json\/wp\/v2\/tags?post=5485"}],"curies":[{"name":"wp","href":"https:\/\/api.w.org\/{rel}","templated":true}]}}