{"id":5500,"date":"2025-10-10T09:32:51","date_gmt":"2025-10-10T09:32:51","guid":{"rendered":"https:\/\/ledenonciateur224.com\/?p=5500"},"modified":"2025-10-10T09:32:51","modified_gmt":"2025-10-10T09:32:51","slug":"nzerekore-le-premier-ministre-rassure-sur-le-drame-du-1er-decembre-et-relance-lambition-sportive-nationale","status":"publish","type":"post","link":"https:\/\/ledenonciateur224.com\/index.php\/nzerekore-le-premier-ministre-rassure-sur-le-drame-du-1er-decembre-et-relance-lambition-sportive-nationale\/","title":{"rendered":"Nz\u00e9r\u00e9kor\u00e9 : Le Premier Ministre rassure sur le drame du 1er d\u00e9cembre et relance l\u2019ambition sportive nationale"},"content":{"rendered":"<p>Lors d\u2019un point de presse tenu ce <strong>jeudi 9 octobre 2025 \u00e0 Nz\u00e9r\u00e9kor\u00e9<\/strong>, le <strong>Premier ministre Amadou Oury Bah<\/strong> est revenu sur l\u2019un des \u00e9v\u00e9nements les plus douloureux de l\u2019ann\u00e9e \u00e9coul\u00e9e : la <strong>bousculade mortelle du 1er d\u00e9cembre 2024<\/strong> survenue au <strong>stade du 3 avril<\/strong>. Ce drame, qui a co\u00fbt\u00e9 la vie \u00e0 plusieurs jeunes lors d\u2019un match de football, reste grav\u00e9 dans la m\u00e9moire collective, et l\u2019attente de justice et de r\u00e9paration demeure forte au sein de l\u2019opinion publique.<\/p>\n<h3>\u00a0\u00ab Nous n\u2019avons jamais tourn\u00e9 la page \u00bb<\/h3>\n<p>Le chef du gouvernement a tenu \u00e0 rassurer : <strong>les enqu\u00eates sont termin\u00e9es<\/strong>, et les autorit\u00e9s sont pleinement conscientes de la douleur des familles endeuill\u00e9es.<\/p>\n<p>\u00ab <em>Les enqu\u00eates sont termin\u00e9es depuis tr\u00e8s longtemps. Mais nous jugerons de l\u2019opportunit\u00e9 de partager les travaux de la commission d\u2019enqu\u00eate et d\u2019aller dans le sens de ce qui \u00e9tait convenu d\u00e8s le d\u00e9but : apporter la contribution des autorit\u00e9s et du gouvernement aux familles qui ont \u00e9t\u00e9 impact\u00e9es<\/em> \u00bb, a d\u00e9clar\u00e9 le Premier ministre selon nos confr\u00e8res Africaguinee.com<\/p>\n<p>Il a pr\u00e9cis\u00e9 que <strong>le dossier n\u2019a jamais \u00e9t\u00e9 abandonn\u00e9<\/strong>, mais que le traitement public de cette affaire avait \u00e9t\u00e9 <strong>retard\u00e9 par le contexte national<\/strong>, jug\u00e9 trop charg\u00e9 :<\/p>\n<p>\u00ab <em>On n\u2019a pas voulu m\u00e9langer les choses pour que \u00e7a se fasse dans la s\u00e9r\u00e9nit\u00e9 et le calme<\/em> \u00bb, a-t-il justifi\u00e9.<\/p>\n<p>Depuis ce drame, <strong>le stade du 3 avril reste ferm\u00e9<\/strong>, comme un symbole de deuil national non encore cicatris\u00e9.<\/p>\n<p>En parall\u00e8le de cette prise de parole sur le drame, Amadou Oury Bah a annonc\u00e9 une <strong>relance ambitieuse de la politique sportive nationale<\/strong>. Il a notamment \u00e9voqu\u00e9 l\u2019int\u00e9r\u00eat de la Guin\u00e9e pour <strong>l\u2019organisation de la Coupe d\u2019Afrique des Nations (CAN) 2029<\/strong>, confirmant un contact r\u00e9cent avec le ministre des Sports :<\/p>\n<p>\u00ab <em>M\u00eame ce matin, le ministre Bogola m\u2019a appel\u00e9 pour solliciter que la Guin\u00e9e puisse exprimer son intention d\u2019organiser la CAN 2029<\/em> \u00bb, a-t-il r\u00e9v\u00e9l\u00e9.<\/p>\n<p>Cette volont\u00e9 s\u2019accompagne d\u2019un <strong>plan de modernisation des infrastructures sportives<\/strong>, avec une attention particuli\u00e8re pour les <strong>stades de Nz\u00e9r\u00e9kor\u00e9, Conakry et d&rsquo;autres grandes villes<\/strong>. Le Premier ministre a insist\u00e9 sur la n\u00e9cessit\u00e9 d\u2019une action concr\u00e8te :<\/p>\n<p>\u00ab <em>Il faut qu\u2019on apporte une r\u00e9ponse r\u00e9elle, sans rh\u00e9torique, sur la capacit\u00e9 et la n\u00e9cessit\u00e9 de construire des stades dans notre pays.<\/em> \u00bb<\/p>\n<p>Au-del\u00e0 du football professionnel, le gouvernement ambitionne aussi de renforcer le <strong>sport de proximit\u00e9<\/strong>, en vue notamment de la <strong>CAN de mini-football pr\u00e9vue pour 2027<\/strong>, o\u00f9 la Guin\u00e9e figure d\u00e9j\u00e0 parmi les pays les plus prometteurs sur le continent.<\/p>\n<p>Un <strong>vaste programme de construction de terrains de mini-football<\/strong> est ainsi en pr\u00e9paration :<\/p>\n<p>\u00ab <em>Ces stades vont \u00eatre construits un peu partout, parce que c\u2019est cela qui permettrait, au-del\u00e0 du sport, de renforcer la coh\u00e9sion, le vivre-ensemble, et offrir des espaces de jeu dans les quartiers pour les enfants, pour qu\u2019ils ne jouent plus dans la rue.<\/em> \u00bb<\/p>\n<p>Cette strat\u00e9gie sportive s\u2019int\u00e8gre dans une <strong>vision plus large de d\u00e9veloppement urbain<\/strong> et social. Pour le Premier ministre, <strong>l\u2019acc\u00e8s au sport<\/strong>, notamment dans les quartiers populaires, est un levier essentiel pour <strong>l\u2019inclusion, la paix sociale et l\u2019encadrement de la jeunesse<\/strong>.<\/p>\n<p>&nbsp;<\/p>\n<p>AMC<\/p>\n","protected":false},"excerpt":{"rendered":"<p>Lors d\u2019un point de presse tenu ce jeudi 9 octobre 2025 \u00e0 Nz\u00e9r\u00e9kor\u00e9, le Premier ministre Amadou Oury Bah est revenu sur l\u2019un des \u00e9v\u00e9nements les plus douloureux de l\u2019ann\u00e9e \u00e9coul\u00e9e : la bousculade mortelle du 1er d\u00e9cembre 2024 survenue au stade du 3 avril. Ce drame, qui a co\u00fbt\u00e9 la vie \u00e0 plusieurs jeunes [&hellip;]<\/p>\n","protected":false},"author":2,"featured_media":5496,"comment_status":"closed","ping_status":"closed","sticky":false,"template":"","format":"standard","meta":{"_jetpack_memberships_contains_paid_content":false,"footnotes":"","jetpack_publicize_message":"","jetpack_publicize_feature_enabled":true,"jetpack_social_post_already_shared":true,"jetpack_social_options":{"image_generator_settings":{"template":"highway","default_image_id":0,"font":"","enabled":false},"version":2}},"categories":[30,24,33],"tags":[503,778,51],"class_list":{"0":"post-5500","1":"post","2":"type-post","3":"status-publish","4":"format-standard","5":"has-post-thumbnail","7":"category-faits-divers","8":"category-news","9":"category-region","10":"tag-drame","11":"tag-stade","12":"tag-nzerekore"},"jetpack_publicize_connections":[],"jetpack_featured_media_url":"https:\/\/ledenonciateur224.com\/wp-content\/uploads\/2025\/10\/bah-oury-zeer.jpeg","jetpack_sharing_enabled":true,"_links":{"self":[{"href":"https:\/\/ledenonciateur224.com\/index.php\/wp-json\/wp\/v2\/posts\/5500","targetHints":{"allow":["GET"]}}],"collection":[{"href":"https:\/\/ledenonciateur224.com\/index.php\/wp-json\/wp\/v2\/posts"}],"about":[{"href":"https:\/\/ledenonciateur224.com\/index.php\/wp-json\/wp\/v2\/types\/post"}],"author":[{"embeddable":true,"href":"https:\/\/ledenonciateur224.com\/index.php\/wp-json\/wp\/v2\/users\/2"}],"replies":[{"embeddable":true,"href":"https:\/\/ledenonciateur224.com\/index.php\/wp-json\/wp\/v2\/comments?post=5500"}],"version-history":[{"count":0,"href":"https:\/\/ledenonciateur224.com\/index.php\/wp-json\/wp\/v2\/posts\/5500\/revisions"}],"wp:featuredmedia":[{"embeddable":true,"href":"https:\/\/ledenonciateur224.com\/index.php\/wp-json\/wp\/v2\/media\/5496"}],"wp:attachment":[{"href":"https:\/\/ledenonciateur224.com\/index.php\/wp-json\/wp\/v2\/media?parent=5500"}],"wp:term":[{"taxonomy":"category","embeddable":true,"href":"https:\/\/ledenonciateur224.com\/index.php\/wp-json\/wp\/v2\/categories?post=5500"},{"taxonomy":"post_tag","embeddable":true,"href":"https:\/\/ledenonciateur224.com\/index.php\/wp-json\/wp\/v2\/tags?post=5500"}],"curies":[{"name":"wp","href":"https:\/\/api.w.org\/{rel}","templated":true}]}}