{"id":5503,"date":"2025-10-10T14:13:38","date_gmt":"2025-10-10T14:13:38","guid":{"rendered":"https:\/\/ledenonciateur224.com\/?p=5503"},"modified":"2025-10-10T14:13:38","modified_gmt":"2025-10-10T14:13:38","slug":"le-forum-epg-plebiscite-general-doumbouya-et-reclame-des-sanctions-contre-les-candidats-fantomes","status":"publish","type":"post","link":"https:\/\/ledenonciateur224.com\/index.php\/le-forum-epg-plebiscite-general-doumbouya-et-reclame-des-sanctions-contre-les-candidats-fantomes\/","title":{"rendered":"Le Forum EPG pl\u00e9biscite G\u00e9n\u00e9ral Doumbouya et r\u00e9clame des sanctions contre les candidats fant\u00f4mes"},"content":{"rendered":"<p>Le Forum\u00a0<em>Ensemble Pour la Guin\u00e9e<\/em>\u00a0(EPG) a organis\u00e9 ce vendredi 10 octobre 2025 une conf\u00e9rence de presse marquante, au cours de laquelle son porte-parole, l\u2019honorable Oy\u00e9 B\u00e9avogui, a pr\u00e9sent\u00e9 un rapport d\u00e9taill\u00e9 sur le processus du scrutin r\u00e9f\u00e9rendaire ayant conduit \u00e0 l\u2019adoption de la nouvelle Constitution. L&rsquo;\u00e9v\u00e9nement a \u00e9galement \u00e9t\u00e9 l\u2019occasion de rendre hommage aux acteurs ayant contribu\u00e9 activement \u00e0 cette phase d\u00e9cisive de la transition guin\u00e9enne.<\/p>\n<p><img loading=\"lazy\" decoding=\"async\" class=\"alignnone size-full wp-image-5504\" src=\"https:\/\/ledenonciateur224.com\/wp-content\/uploads\/2025\/10\/img-20251010-wa0028.jpg\" alt=\"\" width=\"1280\" height=\"576\" srcset=\"https:\/\/ledenonciateur224.com\/wp-content\/uploads\/2025\/10\/img-20251010-wa0028.jpg 1280w, https:\/\/ledenonciateur224.com\/wp-content\/uploads\/2025\/10\/img-20251010-wa0028-300x135.jpg 300w, https:\/\/ledenonciateur224.com\/wp-content\/uploads\/2025\/10\/img-20251010-wa0028-1024x461.jpg 1024w, https:\/\/ledenonciateur224.com\/wp-content\/uploads\/2025\/10\/img-20251010-wa0028-768x346.jpg 768w, https:\/\/ledenonciateur224.com\/wp-content\/uploads\/2025\/10\/img-20251010-wa0028-150x68.jpg 150w, https:\/\/ledenonciateur224.com\/wp-content\/uploads\/2025\/10\/img-20251010-wa0028-696x313.jpg 696w, https:\/\/ledenonciateur224.com\/wp-content\/uploads\/2025\/10\/img-20251010-wa0028-1068x481.jpg 1068w, https:\/\/ledenonciateur224.com\/wp-content\/uploads\/2025\/10\/img-20251010-wa0028-933x420.jpg 933w\" sizes=\"auto, (max-width: 1280px) 100vw, 1280px\" \/><\/p>\n<p>Le coordinateur g\u00e9n\u00e9ral du Forum EPG, Ousmane Dady Camara, a tenu \u00e0 exprimer une profonde reconnaissance au peuple de Guin\u00e9e pour son soutien au CNRD (Comit\u00e9 National du Rassemblement pour le D\u00e9veloppement) et au pr\u00e9sident de la transition, le G\u00e9n\u00e9ral Mamadi Doumbouya. Il a \u00e9galement salu\u00e9 l\u2019engagement de plusieurs figures cl\u00e9s ayant jou\u00e9 un r\u00f4le dans la vulgarisation et la promotion du projet de Constitution dans les diff\u00e9rentes r\u00e9gions du pays.<\/p>\n<p>\u00ab Nous remercions le g\u00e9n\u00e9ral Mathurin Bangoura pour sa pr\u00e9sence aux c\u00f4t\u00e9s des leaders du forum en Basse-Guin\u00e9e, ainsi que les ministres et responsables politiques qui ont accompagn\u00e9 le forum en Haute-Guin\u00e9e, comme le ministre Djiba Djakit\u00e9, Ousmane Doumbouya ou encore le g\u00e9n\u00e9ral Amara, pr\u00e9sent en Guin\u00e9e foresti\u00e8re. Mention sp\u00e9ciale au ministre de la P\u00eache, Fassou Teha, pour son implication sans faille \u00bb, a d\u00e9clar\u00e9 Ousmane Dady Camara.<\/p>\n<p>Il a \u00e9galement rappel\u00e9 la participation active du Forum EPG \u00e0 l\u2019\u00e9laboration de la nouvelle Constitution, notamment lors des campagnes de vulgarisation organis\u00e9es en Guin\u00e9e au S\u00e9n\u00e9gal, au Mali, au Niger et au Burkina Faso. \u00ab Nous avons contribu\u00e9 \u00e0 la r\u00e9daction des 205 articles initiaux, qui ont \u00e9t\u00e9 ramen\u00e9s \u00e0 199, en y int\u00e9grant des innovations majeures \u00bb, a-t-il ajout\u00e9.<\/p>\n<p>Au-del\u00e0 des remerciements, le forum EPG a exprim\u00e9 une vive pr\u00e9occupation concernant certaines candidatures aux prochaines \u00e9lections. Ousmane Dady Camara a d\u00e9nonc\u00e9 les candidatures de convenance, motiv\u00e9es non pas par un v\u00e9ritable projet politique, mais par la volont\u00e9 de figurer dans les commissions \u00e9lectorales.<\/p>\n<p><img loading=\"lazy\" decoding=\"async\" class=\"alignnone size-full wp-image-5505\" src=\"https:\/\/ledenonciateur224.com\/wp-content\/uploads\/2025\/10\/20251010-112050-scaled.jpg\" alt=\"\" width=\"2560\" height=\"1152\" srcset=\"https:\/\/ledenonciateur224.com\/wp-content\/uploads\/2025\/10\/20251010-112050-scaled.jpg 2560w, https:\/\/ledenonciateur224.com\/wp-content\/uploads\/2025\/10\/20251010-112050-300x135.jpg 300w, https:\/\/ledenonciateur224.com\/wp-content\/uploads\/2025\/10\/20251010-112050-1024x461.jpg 1024w, https:\/\/ledenonciateur224.com\/wp-content\/uploads\/2025\/10\/20251010-112050-768x346.jpg 768w, https:\/\/ledenonciateur224.com\/wp-content\/uploads\/2025\/10\/20251010-112050-1536x691.jpg 1536w, https:\/\/ledenonciateur224.com\/wp-content\/uploads\/2025\/10\/20251010-112050-2048x922.jpg 2048w, https:\/\/ledenonciateur224.com\/wp-content\/uploads\/2025\/10\/20251010-112050-150x68.jpg 150w, https:\/\/ledenonciateur224.com\/wp-content\/uploads\/2025\/10\/20251010-112050-696x313.jpg 696w, https:\/\/ledenonciateur224.com\/wp-content\/uploads\/2025\/10\/20251010-112050-1068x481.jpg 1068w, https:\/\/ledenonciateur224.com\/wp-content\/uploads\/2025\/10\/20251010-112050-1920x864.jpg 1920w, https:\/\/ledenonciateur224.com\/wp-content\/uploads\/2025\/10\/20251010-112050-933x420.jpg 933w\" sizes=\"auto, (max-width: 2560px) 100vw, 2560px\" \/><\/p>\n<p>\u00ab Beaucoup se sont port\u00e9s candidats \u00ab\u00a0sur l\u2019honneur\u00a0\u00bb, mais il semble que certains ne ma\u00eetrisent pas le sens de ce mot. Il ne faut pas que l&rsquo;honneur devienne un pr\u00e9texte. Nous demandons \u00e0 la Direction G\u00e9n\u00e9rale des \u00c9lections de sanctionner ceux qui ne comptent pas r\u00e9ellement se pr\u00e9senter \u00e0 l\u2019\u00e9lection pr\u00e9sidentielle \u00bb, a-t-il martel\u00e9, d\u00e9non\u00e7ant ceux qui voient \u00ab l\u2019honneur comme du papier toilette \u00bb.<\/p>\n<p>Le forum appelle \u00e0 des sanctions fermes contre ceux qui s\u2019engagent sans volont\u00e9 r\u00e9elle, ni moyens, ni programme, uniquement pour tirer profit du syst\u00e8me.<\/p>\n<h3>Soutien assum\u00e9 au G\u00e9n\u00e9ral Mamadi Doumbouya<\/h3>\n<p>En filigrane de cette conf\u00e9rence, un message politique clair : le Forum EPG soutient sans ambigu\u00eft\u00e9 la candidature du G\u00e9n\u00e9ral Mamadi Doumbouya \u00e0 la prochaine pr\u00e9sidentielle.<\/p>\n<p>\u00ab Le peuple de Guin\u00e9e n\u2019est pas aveugle. Il sait qui a fait quoi et qui peut faire quoi. G\u00e9n\u00e9ral Mamadi Doumbouya a entam\u00e9 un travail que nous devons poursuivre ensemble. Nous avons attendu longtemps un dirigeant capable, aujourd\u2019hui, nous l\u2019avons. Il doit rester pour continuer ce d\u00e9veloppement \u00bb, a insist\u00e9 Ousmane Dady Camara.<\/p>\n<p><img loading=\"lazy\" decoding=\"async\" class=\"alignnone size-full wp-image-5506\" src=\"https:\/\/ledenonciateur224.com\/wp-content\/uploads\/2025\/10\/img-20251010-wa0025.jpg\" alt=\"\" width=\"1280\" height=\"576\" srcset=\"https:\/\/ledenonciateur224.com\/wp-content\/uploads\/2025\/10\/img-20251010-wa0025.jpg 1280w, https:\/\/ledenonciateur224.com\/wp-content\/uploads\/2025\/10\/img-20251010-wa0025-300x135.jpg 300w, https:\/\/ledenonciateur224.com\/wp-content\/uploads\/2025\/10\/img-20251010-wa0025-1024x461.jpg 1024w, https:\/\/ledenonciateur224.com\/wp-content\/uploads\/2025\/10\/img-20251010-wa0025-768x346.jpg 768w, https:\/\/ledenonciateur224.com\/wp-content\/uploads\/2025\/10\/img-20251010-wa0025-150x68.jpg 150w, https:\/\/ledenonciateur224.com\/wp-content\/uploads\/2025\/10\/img-20251010-wa0025-696x313.jpg 696w, https:\/\/ledenonciateur224.com\/wp-content\/uploads\/2025\/10\/img-20251010-wa0025-1068x481.jpg 1068w, https:\/\/ledenonciateur224.com\/wp-content\/uploads\/2025\/10\/img-20251010-wa0025-933x420.jpg 933w\" sizes=\"auto, (max-width: 1280px) 100vw, 1280px\" \/><\/p>\n<p>Il a cit\u00e9 les r\u00e9alisations majeures de la transition, comme la construction d\u2019une cit\u00e9 administrative \u00e0 Koloma (compos\u00e9e de 12 b\u00e2timents d\u00e9j\u00e0 achev\u00e9s \u00e0 plus de 80 %), le renforcement du budget du minist\u00e8re de la Sant\u00e9, ou encore la modernisation de l\u2019arm\u00e9e.<\/p>\n<p>\u00ab L\u2019arm\u00e9e est aujourd\u2019hui structur\u00e9e, organis\u00e9e et \u00e9quip\u00e9e. Le bitumage des routes avance, et les chantiers se concr\u00e9tisent dans tout le pays. Le pr\u00e9sident Doumbouya assure un v\u00e9ritable suivi, ce qui manquait auparavant. \u00bb<\/p>\n<p>Le Forum EPG se positionne ainsi comme un acteur politique engag\u00e9 en faveur de la continuit\u00e9 du pouvoir de transition sous la houlette du G\u00e9n\u00e9ral Mamadi Doumbouya. Il entend veiller \u00e0 la r\u00e9gularit\u00e9 des prochaines \u00e9ch\u00e9ances \u00e9lectorales et appelle \u00e0 une implication sinc\u00e8re et responsable des candidats.<\/p>\n<p>&nbsp;<\/p>\n<div dir=\"auto\">Aboubacar Moussa Camara<\/div>\n<div dir=\"auto\"><\/div>\n<div dir=\"auto\">\u00a0622 42 41 87<\/div>\n","protected":false},"excerpt":{"rendered":"<p>Le Forum\u00a0Ensemble Pour la Guin\u00e9e\u00a0(EPG) a organis\u00e9 ce vendredi 10 octobre 2025 une conf\u00e9rence de presse marquante, au cours de laquelle son porte-parole, l\u2019honorable Oy\u00e9 B\u00e9avogui, a pr\u00e9sent\u00e9 un rapport d\u00e9taill\u00e9 sur le processus du scrutin r\u00e9f\u00e9rendaire ayant conduit \u00e0 l\u2019adoption de la nouvelle Constitution. L&rsquo;\u00e9v\u00e9nement a \u00e9galement \u00e9t\u00e9 l\u2019occasion de rendre hommage aux acteurs [&hellip;]<\/p>\n","protected":false},"author":2,"featured_media":5507,"comment_status":"closed","ping_status":"closed","sticky":false,"template":"","format":"standard","meta":{"_jetpack_memberships_contains_paid_content":false,"footnotes":"","jetpack_publicize_message":"","jetpack_publicize_feature_enabled":true,"jetpack_social_post_already_shared":true,"jetpack_social_options":{"image_generator_settings":{"template":"highway","default_image_id":0,"font":"","enabled":false},"version":2}},"categories":[24,27],"tags":[1215,441,966],"class_list":{"0":"post-5503","1":"post","2":"type-post","3":"status-publish","4":"format-standard","5":"has-post-thumbnail","7":"category-news","8":"category-politique","9":"tag-epg","10":"tag-forum","11":"tag-presidentielle"},"jetpack_publicize_connections":[],"jetpack_featured_media_url":"https:\/\/ledenonciateur224.com\/wp-content\/uploads\/2025\/10\/img-20251010-wa0029.jpg","jetpack_sharing_enabled":true,"_links":{"self":[{"href":"https:\/\/ledenonciateur224.com\/index.php\/wp-json\/wp\/v2\/posts\/5503","targetHints":{"allow":["GET"]}}],"collection":[{"href":"https:\/\/ledenonciateur224.com\/index.php\/wp-json\/wp\/v2\/posts"}],"about":[{"href":"https:\/\/ledenonciateur224.com\/index.php\/wp-json\/wp\/v2\/types\/post"}],"author":[{"embeddable":true,"href":"https:\/\/ledenonciateur224.com\/index.php\/wp-json\/wp\/v2\/users\/2"}],"replies":[{"embeddable":true,"href":"https:\/\/ledenonciateur224.com\/index.php\/wp-json\/wp\/v2\/comments?post=5503"}],"version-history":[{"count":0,"href":"https:\/\/ledenonciateur224.com\/index.php\/wp-json\/wp\/v2\/posts\/5503\/revisions"}],"wp:featuredmedia":[{"embeddable":true,"href":"https:\/\/ledenonciateur224.com\/index.php\/wp-json\/wp\/v2\/media\/5507"}],"wp:attachment":[{"href":"https:\/\/ledenonciateur224.com\/index.php\/wp-json\/wp\/v2\/media?parent=5503"}],"wp:term":[{"taxonomy":"category","embeddable":true,"href":"https:\/\/ledenonciateur224.com\/index.php\/wp-json\/wp\/v2\/categories?post=5503"},{"taxonomy":"post_tag","embeddable":true,"href":"https:\/\/ledenonciateur224.com\/index.php\/wp-json\/wp\/v2\/tags?post=5503"}],"curies":[{"name":"wp","href":"https:\/\/api.w.org\/{rel}","templated":true}]}}