{"id":5509,"date":"2025-10-10T17:43:17","date_gmt":"2025-10-10T17:43:17","guid":{"rendered":"https:\/\/ledenonciateur224.com\/?p=5509"},"modified":"2025-10-10T17:59:41","modified_gmt":"2025-10-10T17:59:41","slug":"visite-de-remerciement-le-premier-ministre-rencontre-les-citoyens-et-les-representants-des-medias-a-kankan","status":"publish","type":"post","link":"https:\/\/ledenonciateur224.com\/index.php\/visite-de-remerciement-le-premier-ministre-rencontre-les-citoyens-et-les-representants-des-medias-a-kankan\/","title":{"rendered":"Visite de remerciement : le Premier Ministre rencontre les citoyens et les repr\u00e9sentants des m\u00e9dias \u00e0 Kankan"},"content":{"rendered":"<p>Ce vendredi, le Premier ministre Amadou Oury Bah, accompagn\u00e9 d&rsquo;une importante d\u00e9l\u00e9gation, s&rsquo;est rendu \u00e0 la Maison des Jeunes de Kankan. Cette visite s&rsquo;inscrit dans une d\u00e9marche de remerciement \u00e0 la suite du succ\u00e8s du scrutin r\u00e9f\u00e9rendaire. Lors de son allocution, le chef du gouvernement a expos\u00e9 les raisons qui ont motiv\u00e9 cette tourn\u00e9e de remerciement et a pr\u00e9cis\u00e9 son caract\u00e8re traditionnel.<br \/>\n&lt;&lt;C&rsquo;est avec un grand plaisir que nous instaurons une tradition de remerciements envers la population, ainsi qu&rsquo;envers tous les acteurs et les secteurs qui ont contribu\u00e9 au succ\u00e8s du scrutin r\u00e9f\u00e9rendaire en Guin\u00e9e. Nous tenons \u00e0 exprimer notre gratitude pour la discipline exemplaire qui a caract\u00e9ris\u00e9 cette \u00e9lection, car nous avons vis\u00e9 l&rsquo;inclusion de tous les fils et filles de la Guin\u00e9e. Cela nous offre l&rsquo;opportunit\u00e9 d&rsquo;affirmer que les \u00e9lections ont \u00e9t\u00e9 couronn\u00e9es de succ\u00e8s.&gt;&gt; a soulign\u00e9 le Premier Ministre Bah Oury.<\/p>\n<p><img loading=\"lazy\" decoding=\"async\" class=\"alignnone size-full wp-image-5511\" src=\"https:\/\/ledenonciateur224.com\/wp-content\/uploads\/2025\/10\/img-20251010-wa0048.jpg\" alt=\"\" width=\"1020\" height=\"574\" srcset=\"https:\/\/ledenonciateur224.com\/wp-content\/uploads\/2025\/10\/img-20251010-wa0048.jpg 1020w, https:\/\/ledenonciateur224.com\/wp-content\/uploads\/2025\/10\/img-20251010-wa0048-300x169.jpg 300w, https:\/\/ledenonciateur224.com\/wp-content\/uploads\/2025\/10\/img-20251010-wa0048-768x432.jpg 768w, https:\/\/ledenonciateur224.com\/wp-content\/uploads\/2025\/10\/img-20251010-wa0048-150x84.jpg 150w, https:\/\/ledenonciateur224.com\/wp-content\/uploads\/2025\/10\/img-20251010-wa0048-696x392.jpg 696w, https:\/\/ledenonciateur224.com\/wp-content\/uploads\/2025\/10\/img-20251010-wa0048-746x420.jpg 746w\" sizes=\"auto, (max-width: 1020px) 100vw, 1020px\" \/><br \/>\nLe patron de la primature a aussi visit\u00e9 la maison des journalistes, o\u00f9 il a fait un don de 100 millions lors de l&rsquo;impression gouvernementale le mois dernier. Il a \u00e9galement tenu \u00e0 s&rsquo;adresser aux professionnels, \u00e0 quelques mois seulement de l&rsquo;\u00e9lection pr\u00e9sidentielle.<br \/>\n\u00ab Le journalisme est un vecteur de paix. Vous devez travailler \u00e0 promouvoir la stabilit\u00e9 et instaurer la tranquillit\u00e9 sociale dans ce pays \u00bb, a d\u00e9clar\u00e9 Bah Oury.<\/p>\n<p>La visite de remerciement du Premier ministre a marqu\u00e9 un moment significatif, t\u00e9moignant d&rsquo;une forte mobilisation des citoyens ainsi que des autorit\u00e9s de la r\u00e9gion.<\/p>\n<p>&nbsp;<\/p>\n<p>Mamoudou Aim\u00e9 C\u00e9saire, correspondant \u00e0 Kankan.<\/p>\n","protected":false},"excerpt":{"rendered":"<p>Ce vendredi, le Premier ministre Amadou Oury Bah, accompagn\u00e9 d&rsquo;une importante d\u00e9l\u00e9gation, s&rsquo;est rendu \u00e0 la Maison des Jeunes de Kankan. Cette visite s&rsquo;inscrit dans une d\u00e9marche de remerciement \u00e0 la suite du succ\u00e8s du scrutin r\u00e9f\u00e9rendaire. Lors de son allocution, le chef du gouvernement a expos\u00e9 les raisons qui ont motiv\u00e9 cette tourn\u00e9e de [&hellip;]<\/p>\n","protected":false},"author":2,"featured_media":5510,"comment_status":"closed","ping_status":"closed","sticky":false,"template":"","format":"standard","meta":{"_jetpack_memberships_contains_paid_content":false,"footnotes":"","jetpack_publicize_message":"","jetpack_publicize_feature_enabled":true,"jetpack_social_post_already_shared":true,"jetpack_social_options":{"image_generator_settings":{"template":"highway","default_image_id":0,"font":"","enabled":false},"version":2}},"categories":[24,27,33],"tags":[1216,434],"class_list":{"0":"post-5509","1":"post","2":"type-post","3":"status-publish","4":"format-standard","5":"has-post-thumbnail","7":"category-news","8":"category-politique","9":"category-region","10":"tag-visite","11":"tag-premier-ministre"},"jetpack_publicize_connections":[],"jetpack_featured_media_url":"https:\/\/ledenonciateur224.com\/wp-content\/uploads\/2025\/10\/img-20251010-wa0047.jpg","jetpack_sharing_enabled":true,"_links":{"self":[{"href":"https:\/\/ledenonciateur224.com\/index.php\/wp-json\/wp\/v2\/posts\/5509","targetHints":{"allow":["GET"]}}],"collection":[{"href":"https:\/\/ledenonciateur224.com\/index.php\/wp-json\/wp\/v2\/posts"}],"about":[{"href":"https:\/\/ledenonciateur224.com\/index.php\/wp-json\/wp\/v2\/types\/post"}],"author":[{"embeddable":true,"href":"https:\/\/ledenonciateur224.com\/index.php\/wp-json\/wp\/v2\/users\/2"}],"replies":[{"embeddable":true,"href":"https:\/\/ledenonciateur224.com\/index.php\/wp-json\/wp\/v2\/comments?post=5509"}],"version-history":[{"count":0,"href":"https:\/\/ledenonciateur224.com\/index.php\/wp-json\/wp\/v2\/posts\/5509\/revisions"}],"wp:featuredmedia":[{"embeddable":true,"href":"https:\/\/ledenonciateur224.com\/index.php\/wp-json\/wp\/v2\/media\/5510"}],"wp:attachment":[{"href":"https:\/\/ledenonciateur224.com\/index.php\/wp-json\/wp\/v2\/media?parent=5509"}],"wp:term":[{"taxonomy":"category","embeddable":true,"href":"https:\/\/ledenonciateur224.com\/index.php\/wp-json\/wp\/v2\/categories?post=5509"},{"taxonomy":"post_tag","embeddable":true,"href":"https:\/\/ledenonciateur224.com\/index.php\/wp-json\/wp\/v2\/tags?post=5509"}],"curies":[{"name":"wp","href":"https:\/\/api.w.org\/{rel}","templated":true}]}}