{"id":5520,"date":"2025-10-11T18:58:46","date_gmt":"2025-10-11T18:58:46","guid":{"rendered":"https:\/\/ledenonciateur224.com\/?p=5520"},"modified":"2025-10-11T18:58:46","modified_gmt":"2025-10-11T18:58:46","slug":"ug-ped-de-mamadouba-sankhon-accelere-ses-activites-en-vue-des-echeances-electorales","status":"publish","type":"post","link":"https:\/\/ledenonciateur224.com\/index.php\/ug-ped-de-mamadouba-sankhon-accelere-ses-activites-en-vue-des-echeances-electorales\/","title":{"rendered":"UG-PED de Mamadouba Sankhon acc\u00e9l\u00e8re ses activit\u00e9s en vue des \u00e9ch\u00e9ances \u00e9lectorales"},"content":{"rendered":"<p>La R\u00e9publique de Guin\u00e9e s&rsquo;appr\u00eate \u00e0 tourner une nouvelle page de son histoire politique. Apr\u00e8s une longue p\u00e9riode de transition, marqu\u00e9e par des r\u00e9formes institutionnelles et un retour progressif \u00e0 la stabilit\u00e9, le pays se pr\u00e9pare d\u00e9sormais \u00e0 renouer avec l\u2019ordre constitutionnel. La fixation de la date de l&rsquo;\u00e9lection pr\u00e9sidentielle\u00a0 marque une \u00e9tape d\u00e9cisive dans ce processus, pr\u00e9lude aux \u00e9lections l\u00e9gislatives et communales tr\u00e8s attendues. Dans ce contexte \u00e9lectoral en gestation, les partis politiques redoublent d\u2019efforts pour affirmer leur pr\u00e9sence sur le terrain.<\/p>\n<p><img loading=\"lazy\" decoding=\"async\" class=\"alignnone size-full wp-image-5521\" src=\"https:\/\/ledenonciateur224.com\/wp-content\/uploads\/2025\/10\/20251011-111217-scaled.jpg\" alt=\"\" width=\"2560\" height=\"1152\" srcset=\"https:\/\/ledenonciateur224.com\/wp-content\/uploads\/2025\/10\/20251011-111217-scaled.jpg 2560w, https:\/\/ledenonciateur224.com\/wp-content\/uploads\/2025\/10\/20251011-111217-300x135.jpg 300w, https:\/\/ledenonciateur224.com\/wp-content\/uploads\/2025\/10\/20251011-111217-1024x461.jpg 1024w, https:\/\/ledenonciateur224.com\/wp-content\/uploads\/2025\/10\/20251011-111217-768x346.jpg 768w, https:\/\/ledenonciateur224.com\/wp-content\/uploads\/2025\/10\/20251011-111217-1536x691.jpg 1536w, https:\/\/ledenonciateur224.com\/wp-content\/uploads\/2025\/10\/20251011-111217-2048x922.jpg 2048w, https:\/\/ledenonciateur224.com\/wp-content\/uploads\/2025\/10\/20251011-111217-150x68.jpg 150w, https:\/\/ledenonciateur224.com\/wp-content\/uploads\/2025\/10\/20251011-111217-696x313.jpg 696w, https:\/\/ledenonciateur224.com\/wp-content\/uploads\/2025\/10\/20251011-111217-1068x481.jpg 1068w, https:\/\/ledenonciateur224.com\/wp-content\/uploads\/2025\/10\/20251011-111217-1920x864.jpg 1920w, https:\/\/ledenonciateur224.com\/wp-content\/uploads\/2025\/10\/20251011-111217-933x420.jpg 933w\" sizes=\"auto, (max-width: 2560px) 100vw, 2560px\" \/><\/p>\n<p>Parmi les formations les plus dynamiques du moment figure l\u2019<strong>Union des Guin\u00e9ens pour la Promotion des Jeunes et le D\u00e9veloppement (UG-PED)<\/strong>, dirig\u00e9e par\u00a0<strong>Elhadj Mamadouba Sankhon<\/strong>. Homme de paix, de dialogue et de consensus, l\u2019ancien Directeur G\u00e9n\u00e9ral du Port Autonome de Conakry a su laisser une empreinte positive dans la gestion publique. Aujourd\u2019hui, il s\u2019investit pleinement dans le champ politique national \u00e0 travers l\u2019UG-PED, un parti r\u00e9solument tourn\u00e9 vers la jeunesse et le d\u00e9veloppement. Membre influent de l\u2019<strong>Alliance des Forces Patriotiques (AFP)<\/strong>, une coalition qui milite notamment pour la candidature du G\u00e9n\u00e9ral\u00a0<strong>Mamadi Doumbouya<\/strong>, Elhadj Sankhon incarne une nouvelle g\u00e9n\u00e9ration de leaders politiques ancr\u00e9s dans les r\u00e9alit\u00e9s du pays.<\/p>\n<p>Ce\u00a0<strong>samedi 11 octobre 2025<\/strong>, l\u2019ambiance \u00e9tait particuli\u00e8rement anim\u00e9e au si\u00e8ge du parti, situ\u00e9 derri\u00e8re la piste de l\u2019a\u00e9roport international Ahmed S\u00e9kou Tour\u00e9, dans le quartier Faban, commune de Gbessia. \u00c0 l\u2019initiative du\u00a0<strong>vice-pr\u00e9sident Cheick Ahmed Tidiane Cont\u00e9<\/strong>, une importante c\u00e9r\u00e9monie de remise de documents administratifs a \u00e9t\u00e9 organis\u00e9e. Les\u00a0<strong>cartes d\u2019adh\u00e9sion<\/strong>\u00a0ainsi que d&rsquo;autres pi\u00e8ces de structuration ont \u00e9t\u00e9 distribu\u00e9es aux responsables des comit\u00e9s de base et aux coordinateurs f\u00e9d\u00e9raux venus de diff\u00e9rentes localit\u00e9s. Cette d\u00e9marche vise \u00e0\u00a0<strong>redynamiser les structures du parti<\/strong>\u00a0\u00e0 la base, en vue de pr\u00e9parer efficacement les prochaines \u00e9ch\u00e9ances \u00e9lectorales.<\/p>\n<p><img loading=\"lazy\" decoding=\"async\" class=\"alignnone size-full wp-image-5522\" src=\"https:\/\/ledenonciateur224.com\/wp-content\/uploads\/2025\/10\/20251011-111225-scaled.jpg\" alt=\"\" width=\"2560\" height=\"1152\" srcset=\"https:\/\/ledenonciateur224.com\/wp-content\/uploads\/2025\/10\/20251011-111225-scaled.jpg 2560w, https:\/\/ledenonciateur224.com\/wp-content\/uploads\/2025\/10\/20251011-111225-300x135.jpg 300w, https:\/\/ledenonciateur224.com\/wp-content\/uploads\/2025\/10\/20251011-111225-1024x461.jpg 1024w, https:\/\/ledenonciateur224.com\/wp-content\/uploads\/2025\/10\/20251011-111225-768x346.jpg 768w, https:\/\/ledenonciateur224.com\/wp-content\/uploads\/2025\/10\/20251011-111225-1536x691.jpg 1536w, https:\/\/ledenonciateur224.com\/wp-content\/uploads\/2025\/10\/20251011-111225-2048x922.jpg 2048w, https:\/\/ledenonciateur224.com\/wp-content\/uploads\/2025\/10\/20251011-111225-150x68.jpg 150w, https:\/\/ledenonciateur224.com\/wp-content\/uploads\/2025\/10\/20251011-111225-696x313.jpg 696w, https:\/\/ledenonciateur224.com\/wp-content\/uploads\/2025\/10\/20251011-111225-1068x481.jpg 1068w, https:\/\/ledenonciateur224.com\/wp-content\/uploads\/2025\/10\/20251011-111225-1920x864.jpg 1920w, https:\/\/ledenonciateur224.com\/wp-content\/uploads\/2025\/10\/20251011-111225-933x420.jpg 933w\" sizes=\"auto, (max-width: 2560px) 100vw, 2560px\" \/><\/p>\n<p>Sous la direction \u00e9clair\u00e9e d\u2019Elhadj Mamadouba Sankhon, l\u2019UG-PED affiche une pr\u00e9sence de plus en plus affirm\u00e9e sur l\u2019ensemble du territoire national. Aujourd\u2019hui, le parti est repr\u00e9sent\u00e9\u00a0<strong>dans toutes les pr\u00e9fectures et r\u00e9gions administratives de la Guin\u00e9e<\/strong>, un maillage territorial qui t\u00e9moigne de sa volont\u00e9 de s\u2019enraciner durablement dans le paysage politique guin\u00e9en.<\/p>\n<p>\u00c0 l\u2019approche des scrutins, l\u2019UG-PED entend jouer un r\u00f4le de premier plan, en mobilisant les jeunes, en valorisant les comp\u00e9tences locales et en promouvant une gouvernance participative et inclusive.<\/p>\n<p>&nbsp;<\/p>\n<p>&nbsp;<\/p>\n<p>Aboubacar Moussa Camara<\/p>\n","protected":false},"excerpt":{"rendered":"<p>La R\u00e9publique de Guin\u00e9e s&rsquo;appr\u00eate \u00e0 tourner une nouvelle page de son histoire politique. Apr\u00e8s une longue p\u00e9riode de transition, marqu\u00e9e par des r\u00e9formes institutionnelles et un retour progressif \u00e0 la stabilit\u00e9, le pays se pr\u00e9pare d\u00e9sormais \u00e0 renouer avec l\u2019ordre constitutionnel. La fixation de la date de l&rsquo;\u00e9lection pr\u00e9sidentielle\u00a0 marque une \u00e9tape d\u00e9cisive dans [&hellip;]<\/p>\n","protected":false},"author":2,"featured_media":5523,"comment_status":"closed","ping_status":"closed","sticky":false,"template":"","format":"standard","meta":{"_jetpack_memberships_contains_paid_content":false,"footnotes":"","jetpack_publicize_message":"","jetpack_publicize_feature_enabled":true,"jetpack_social_post_already_shared":true,"jetpack_social_options":{"image_generator_settings":{"template":"highway","default_image_id":0,"font":"","enabled":false},"version":2}},"categories":[24,27],"tags":[801,449,1206],"class_list":{"0":"post-5520","1":"post","2":"type-post","3":"status-publish","4":"format-standard","5":"has-post-thumbnail","7":"category-news","8":"category-politique","9":"tag-electorale","10":"tag-mamadouba-sankhon","11":"tag-ug-ped"},"jetpack_publicize_connections":[],"jetpack_featured_media_url":"https:\/\/ledenonciateur224.com\/wp-content\/uploads\/2025\/10\/20251011-185706-scaled.jpg","jetpack_sharing_enabled":true,"_links":{"self":[{"href":"https:\/\/ledenonciateur224.com\/index.php\/wp-json\/wp\/v2\/posts\/5520","targetHints":{"allow":["GET"]}}],"collection":[{"href":"https:\/\/ledenonciateur224.com\/index.php\/wp-json\/wp\/v2\/posts"}],"about":[{"href":"https:\/\/ledenonciateur224.com\/index.php\/wp-json\/wp\/v2\/types\/post"}],"author":[{"embeddable":true,"href":"https:\/\/ledenonciateur224.com\/index.php\/wp-json\/wp\/v2\/users\/2"}],"replies":[{"embeddable":true,"href":"https:\/\/ledenonciateur224.com\/index.php\/wp-json\/wp\/v2\/comments?post=5520"}],"version-history":[{"count":0,"href":"https:\/\/ledenonciateur224.com\/index.php\/wp-json\/wp\/v2\/posts\/5520\/revisions"}],"wp:featuredmedia":[{"embeddable":true,"href":"https:\/\/ledenonciateur224.com\/index.php\/wp-json\/wp\/v2\/media\/5523"}],"wp:attachment":[{"href":"https:\/\/ledenonciateur224.com\/index.php\/wp-json\/wp\/v2\/media?parent=5520"}],"wp:term":[{"taxonomy":"category","embeddable":true,"href":"https:\/\/ledenonciateur224.com\/index.php\/wp-json\/wp\/v2\/categories?post=5520"},{"taxonomy":"post_tag","embeddable":true,"href":"https:\/\/ledenonciateur224.com\/index.php\/wp-json\/wp\/v2\/tags?post=5520"}],"curies":[{"name":"wp","href":"https:\/\/api.w.org\/{rel}","templated":true}]}}