{"id":5525,"date":"2025-10-11T20:44:27","date_gmt":"2025-10-11T20:44:27","guid":{"rendered":"https:\/\/ledenonciateur224.com\/?p=5525"},"modified":"2025-10-11T20:45:16","modified_gmt":"2025-10-11T20:45:16","slug":"madagascar-les-militaires-sont-dans-les-rues","status":"publish","type":"post","link":"https:\/\/ledenonciateur224.com\/index.php\/madagascar-les-militaires-sont-dans-les-rues\/","title":{"rendered":"Madagascar : Des militaires sont dans les rues&#8230;"},"content":{"rendered":"<p>\u00c0 Madagascar, la journ\u00e9e de ce samedi 11 octobre 2025 a \u00e9t\u00e9 particuli\u00e8rement mouvement\u00e9e dans la capitale, Antananarivo, o\u00f9 des manifestants hostiles au r\u00e9gime exigent depuis plusieurs jours le d\u00e9part du pr\u00e9sident Andry Rajoelina.<\/p>\n<p>Ce matin, le chef du CAPSAT (Corps d\u2019arm\u00e9e des personnels et des services administratifs et techniques), le colonel Micka\u00ebl Randrinirina, entour\u00e9 de plusieurs officiers sup\u00e9rieurs de l\u2019arm\u00e9e malgache et de son unit\u00e9, a pris position en appelant leurs fr\u00e8res d\u2019arme \u00e0 \u00ab prendre leurs responsabilit\u00e9s \u00bb.<\/p>\n<div id=\"afric-2076939934\" class=\"afric-contenu-2\">\n<p>&nbsp;<\/p>\n<div id=\"aswift_2_host\"><\/div>\n<p>&nbsp;<\/p>\n<\/div>\n<p>\u00ab\u00a0<em>Nos militaires sont concentr\u00e9s dans la capitale pour prot\u00e9ger une minorit\u00e9 et non le peuple. Pendant ce temps, les maux persistent dans les r\u00e9gions et nos camarades en meurent. Il est regrettable que nos sup\u00e9rieurs ne se soucient pas de nous, les militaires, mais soient pr\u00e9occup\u00e9s par la protection de leur pouvoir.<\/em><\/p>\n<p><em>Plusieurs d\u2019entre nous ont \u00e9t\u00e9 emprisonn\u00e9s et leurs carri\u00e8res bris\u00e9es. Actuellement, le lieutenant-colonel Gerv\u00e9, travaillant \u00e0 la pr\u00e9sidence, est d\u00e9tenu par la gendarmerie sans explication. Lib\u00e9rez nos confr\u00e8res ! Ils n\u2019ont ni vol\u00e9 ni assassin\u00e9.<\/em><\/p>\n<p><em>Ce conflit sociopolitique a commenc\u00e9 d\u00e8s 2023, \u00e0 l\u2019\u00e9poque du collectif des onze candidats. Mais, parce que nous n\u2019avons pas pris nos responsabilit\u00e9s, nos sup\u00e9rieurs ont pr\u00e9f\u00e9r\u00e9 prot\u00e9ger les dirigeants et emprisonner ceux qui osaient parler. Il n\u2019est donc pas surprenant que nous en soyons arriv\u00e9s \u00e0 la situation actuelle.<\/em><\/p>\n<p><em>Rappelons-nous, gendarmes, militaires et policiers : nous venons de la soci\u00e9t\u00e9, et nous y retournerons. Nos enfants et nos familles en font partie. Il est temps de prendre nos responsabilit\u00e9s pour sauver le pays. Unissons-nous et refusons d\u2019\u00eatre manipul\u00e9s ou de tirer sur nos fr\u00e8res et s\u0153urs<\/em>\u00a0\u00bb, a-t-il lanc\u00e9.<\/p>\n<p>\u00c0 la suite de cette prise de position, des citoyens ont \u00e0 leur tour \u00e9rig\u00e9 des barrages \u00e0 l\u2019entr\u00e9e du camp CAPSAT Soanierana afin de s\u00e9curiser les lieux et de contr\u00f4ler les alentours, rapporte une t\u00e9l\u00e9vision locale.<\/p>\n<p>Dans l\u2019apr\u00e8s-midi, l\u2019\u00e9tat-major des forces arm\u00e9es a convoqu\u00e9 une r\u00e9union d\u2019urgence. Les leaders du CAPSAT ont r\u00e9pondu \u00e0 l\u2019appel, et une rencontre s\u2019est tenue entre les deux parties. Selon la m\u00eame source, il en est ressorti que tout affrontement entre forces de l\u2019ordre devait \u00eatre \u00e9vit\u00e9 et que l\u2019arm\u00e9e malgache marche aux c\u00f4t\u00e9s du peuple.<\/p>\n<p>\u00ab\u00a0<em>Nous avons r\u00e9pondu \u00e0 l\u2019appel de la population qui subit des violences. Ce n\u2019est pas une action politique, mais un acte d\u2019amour pour la patrie face aux souffrances v\u00e9cues (\u2026). Nous avons appris que d\u2019autres se pr\u00e9parent \u00e0 attaquer cette nuit. Nous leur disons de ne pas ob\u00e9ir \u00e0 des ordres ill\u00e9gaux<\/em>\u00a0\u00bb, a pr\u00e9cis\u00e9 le colonel Randrinirina \u00e0 la sortie de la r\u00e9union.<\/p>\n<p>De son c\u00f4t\u00e9, le g\u00e9n\u00e9ral Jocelyn Rakotoson a appel\u00e9 les militaires \u00e0 rester dans les casernes et \u00e0 \u00e9viter toute fusillade, rapporte un m\u00e9dia local. Une d\u00e9claration du Premier ministre Fortunat Ruphin Zafisambo est annonc\u00e9e ce samedi soir, nous apprend-on.<\/p>\n<p>&nbsp;<\/p>\n<p>Ledenonciateur224.com<\/p>\n","protected":false},"excerpt":{"rendered":"<p>\u00c0 Madagascar, la journ\u00e9e de ce samedi 11 octobre 2025 a \u00e9t\u00e9 particuli\u00e8rement mouvement\u00e9e dans la capitale, Antananarivo, o\u00f9 des manifestants hostiles au r\u00e9gime exigent depuis plusieurs jours le d\u00e9part du pr\u00e9sident Andry Rajoelina. Ce matin, le chef du CAPSAT (Corps d\u2019arm\u00e9e des personnels et des services administratifs et techniques), le colonel Micka\u00ebl Randrinirina, entour\u00e9 [&hellip;]<\/p>\n","protected":false},"author":2,"featured_media":5526,"comment_status":"closed","ping_status":"closed","sticky":false,"template":"","format":"standard","meta":{"_jetpack_memberships_contains_paid_content":false,"footnotes":"","jetpack_publicize_message":"","jetpack_publicize_feature_enabled":true,"jetpack_social_post_already_shared":true,"jetpack_social_options":{"image_generator_settings":{"template":"highway","default_image_id":0,"font":"","enabled":false},"version":2}},"categories":[38,24,27],"tags":[1219,1218],"class_list":{"0":"post-5525","1":"post","2":"type-post","3":"status-publish","4":"format-standard","5":"has-post-thumbnail","7":"category-international","8":"category-news","9":"category-politique","10":"tag-madagascar","11":"tag-militaires"},"jetpack_publicize_connections":[],"jetpack_featured_media_url":"https:\/\/ledenonciateur224.com\/wp-content\/uploads\/2025\/10\/armee-malgache.jpeg","jetpack_sharing_enabled":true,"_links":{"self":[{"href":"https:\/\/ledenonciateur224.com\/index.php\/wp-json\/wp\/v2\/posts\/5525","targetHints":{"allow":["GET"]}}],"collection":[{"href":"https:\/\/ledenonciateur224.com\/index.php\/wp-json\/wp\/v2\/posts"}],"about":[{"href":"https:\/\/ledenonciateur224.com\/index.php\/wp-json\/wp\/v2\/types\/post"}],"author":[{"embeddable":true,"href":"https:\/\/ledenonciateur224.com\/index.php\/wp-json\/wp\/v2\/users\/2"}],"replies":[{"embeddable":true,"href":"https:\/\/ledenonciateur224.com\/index.php\/wp-json\/wp\/v2\/comments?post=5525"}],"version-history":[{"count":0,"href":"https:\/\/ledenonciateur224.com\/index.php\/wp-json\/wp\/v2\/posts\/5525\/revisions"}],"wp:featuredmedia":[{"embeddable":true,"href":"https:\/\/ledenonciateur224.com\/index.php\/wp-json\/wp\/v2\/media\/5526"}],"wp:attachment":[{"href":"https:\/\/ledenonciateur224.com\/index.php\/wp-json\/wp\/v2\/media?parent=5525"}],"wp:term":[{"taxonomy":"category","embeddable":true,"href":"https:\/\/ledenonciateur224.com\/index.php\/wp-json\/wp\/v2\/categories?post=5525"},{"taxonomy":"post_tag","embeddable":true,"href":"https:\/\/ledenonciateur224.com\/index.php\/wp-json\/wp\/v2\/tags?post=5525"}],"curies":[{"name":"wp","href":"https:\/\/api.w.org\/{rel}","templated":true}]}}