{"id":5534,"date":"2025-10-13T15:21:52","date_gmt":"2025-10-13T15:21:52","guid":{"rendered":"https:\/\/ledenonciateur224.com\/?p=5534"},"modified":"2025-10-13T15:21:52","modified_gmt":"2025-10-13T15:21:52","slug":"madagascar-le-president-andry-rajoelina-exfiltre-par-un-avion-militaire-francais","status":"publish","type":"post","link":"https:\/\/ledenonciateur224.com\/index.php\/madagascar-le-president-andry-rajoelina-exfiltre-par-un-avion-militaire-francais\/","title":{"rendered":"Madagascar : Le pr\u00e9sident Andry Rajoelina exfiltr\u00e9 par un avion militaire fran\u00e7ais"},"content":{"rendered":"<p>Selon RFI, le pr\u00e9sident malgache Andry Rajoelina a \u00e9t\u00e9 discr\u00e8tement \u00ab\u00a0exfiltr\u00e9\u00a0\u00bb du territoire de la Grande \u00cele ce dimanche 12 octobre 2025 par un avion militaire fran\u00e7ais. Sa destination finale reste incertaine, mais des sources indiquent qu\u2019il ne se trouve plus \u00e0 Madagascar.<\/p>\n<p>Ce d\u00e9part pr\u00e9cipit\u00e9 est le fruit d\u2019un accord de \u00ab\u00a0pr\u00e9sident \u00e0 pr\u00e9sident\u00a0\u00bb, rapporte radio France internationale. Des sources proches du dossier indiquent que le pr\u00e9sident fran\u00e7ais Emmanuel Macron aurait personnellement autoris\u00e9 cette exfiltration, ajoute la m\u00eame source.<\/p>\n<div dir=\"auto\"><ins><\/p>\n<div><\/div>\n<p><\/ins><\/div>\n<p>Dans la journ\u00e9e de samedi, le pr\u00e9sident Rajoelina aurait \u00e9t\u00e9 conduit par h\u00e9licopt\u00e8re jusqu\u2019\u00e0 l\u2019\u00cele Sainte-Marie, situ\u00e9e sur la c\u00f4te est de Madagascar. De l\u00e0, il aurait embarqu\u00e9 \u00e0 bord d\u2019un avion militaire fran\u00e7ais.<\/p>\n<p>Apr\u00e8s un possible transit par l\u2019\u00cele Maurice, Andry Rajoelina aurait pris la direction de Duba\u00ef, aux \u00c9mirats arabes unis. Une chose est certaine : selon les sources de RFI, il n\u2019est pas \u00e0 La R\u00e9union.<\/p>\n<p>Ce d\u00e9part a \u00e9t\u00e9 autoris\u00e9 par Paris pour faciliter une transition pacifique \u00e0 Madagascar, explique le m\u00e9dia qui ajoute n\u00e9anmoins, que la France a tenu \u00e0 rappeler fermement qu\u2019elle n\u2019interviendra en aucun cas militairement sur la Grande \u00cele.<\/p>\n<p>Le Madagascar est secou\u00e9 par des manifestations in\u00e9dites durement r\u00e9prim\u00e9es depuis environ trois semaine. Mais\u00a0 samedi dernier, le mouvement a connu un virage spectaculaire quand des militaires ont pris position en rejoignant les manifestants, et refuser d\u2019ob\u00e9ir aux ordres de tirer sur la jeunesse. Depuis ce jour le pr\u00e9sident qui avait d\u00e9nonc\u00e9 une tentative de coup d\u2019\u00c9tat restait \u201cintrouvable\u201d.<\/p>\n<p>&nbsp;<\/p>\n<p>RFI<\/p>\n","protected":false},"excerpt":{"rendered":"<p>Selon RFI, le pr\u00e9sident malgache Andry Rajoelina a \u00e9t\u00e9 discr\u00e8tement \u00ab\u00a0exfiltr\u00e9\u00a0\u00bb du territoire de la Grande \u00cele ce dimanche 12 octobre 2025 par un avion militaire fran\u00e7ais. Sa destination finale reste incertaine, mais des sources indiquent qu\u2019il ne se trouve plus \u00e0 Madagascar. Ce d\u00e9part pr\u00e9cipit\u00e9 est le fruit d\u2019un accord de \u00ab\u00a0pr\u00e9sident \u00e0 pr\u00e9sident\u00a0\u00bb, [&hellip;]<\/p>\n","protected":false},"author":2,"featured_media":5535,"comment_status":"closed","ping_status":"closed","sticky":false,"template":"","format":"standard","meta":{"_jetpack_memberships_contains_paid_content":false,"footnotes":"","jetpack_publicize_message":"","jetpack_publicize_feature_enabled":true,"jetpack_social_post_already_shared":true,"jetpack_social_options":{"image_generator_settings":{"template":"highway","default_image_id":0,"font":"","enabled":false},"version":2}},"categories":[38,24,27],"tags":[611,1219],"class_list":{"0":"post-5534","1":"post","2":"type-post","3":"status-publish","4":"format-standard","5":"has-post-thumbnail","7":"category-international","8":"category-news","9":"category-politique","10":"tag-crise","11":"tag-madagascar"},"jetpack_publicize_connections":[],"jetpack_featured_media_url":"https:\/\/ledenonciateur224.com\/wp-content\/uploads\/2025\/10\/andry-rajoelina.jpeg","jetpack_sharing_enabled":true,"_links":{"self":[{"href":"https:\/\/ledenonciateur224.com\/index.php\/wp-json\/wp\/v2\/posts\/5534","targetHints":{"allow":["GET"]}}],"collection":[{"href":"https:\/\/ledenonciateur224.com\/index.php\/wp-json\/wp\/v2\/posts"}],"about":[{"href":"https:\/\/ledenonciateur224.com\/index.php\/wp-json\/wp\/v2\/types\/post"}],"author":[{"embeddable":true,"href":"https:\/\/ledenonciateur224.com\/index.php\/wp-json\/wp\/v2\/users\/2"}],"replies":[{"embeddable":true,"href":"https:\/\/ledenonciateur224.com\/index.php\/wp-json\/wp\/v2\/comments?post=5534"}],"version-history":[{"count":0,"href":"https:\/\/ledenonciateur224.com\/index.php\/wp-json\/wp\/v2\/posts\/5534\/revisions"}],"wp:featuredmedia":[{"embeddable":true,"href":"https:\/\/ledenonciateur224.com\/index.php\/wp-json\/wp\/v2\/media\/5535"}],"wp:attachment":[{"href":"https:\/\/ledenonciateur224.com\/index.php\/wp-json\/wp\/v2\/media?parent=5534"}],"wp:term":[{"taxonomy":"category","embeddable":true,"href":"https:\/\/ledenonciateur224.com\/index.php\/wp-json\/wp\/v2\/categories?post=5534"},{"taxonomy":"post_tag","embeddable":true,"href":"https:\/\/ledenonciateur224.com\/index.php\/wp-json\/wp\/v2\/tags?post=5534"}],"curies":[{"name":"wp","href":"https:\/\/api.w.org\/{rel}","templated":true}]}}