{"id":5537,"date":"2025-10-13T19:51:16","date_gmt":"2025-10-13T19:51:16","guid":{"rendered":"https:\/\/ledenonciateur224.com\/?p=5537"},"modified":"2025-10-13T19:51:16","modified_gmt":"2025-10-13T19:51:16","slug":"dubreka-environnement-lancement-officiel-du-projet-des-solutions-locales-durables-pour-sauver-lecosysteme-vital-de-kabitai","status":"publish","type":"post","link":"https:\/\/ledenonciateur224.com\/index.php\/dubreka-environnement-lancement-officiel-du-projet-des-solutions-locales-durables-pour-sauver-lecosysteme-vital-de-kabitai\/","title":{"rendered":"Dubreka\/Environnement: Lancement officiel du projet \u00a0\u00bb Des solutions locales durables pour sauver l\u2019\u00e9cosyst\u00e8me vital de \u00ab\u00a0Kabitai\u00a0\u00bb"},"content":{"rendered":"<p>Dans le cadre de sauvegarder l\u2019\u00e9cosyst\u00e8me de Kabitai, dans la pr\u00e9fecture de Dubreka, l\u2019ONG Carbone Guin\u00e9e a organis\u00e9 ce mardi 07 Octobre 2025 dans la maison des jeunes de Dubreka, un atelier de renforcement de capacit\u00e9 des acteurs, qui doivent s&rsquo;impliquer dans la protection de l&rsquo;environnement.<br \/>\nCette rencontre d\u2019\u00e9change et de sensibilisation d\u2019une seule journ\u00e9e, permet \u00e0 ces acteurs concern\u00e9s dans la sauvegarde de l&rsquo;environnement, d\u2019\u00eatre outill\u00e9s afin de jouer pleinement leur r\u00f4le sur le terrain, qui est d\u2019agir et prot\u00e9ger la biodiversit\u00e9 de la localit\u00e9 concern\u00e9e par ce projet.<\/p>\n<p><img loading=\"lazy\" decoding=\"async\" class=\"alignnone size-full wp-image-5539\" src=\"https:\/\/ledenonciateur224.com\/wp-content\/uploads\/2025\/10\/img-20251013-wa0101.jpg\" alt=\"\" width=\"1020\" height=\"377\" srcset=\"https:\/\/ledenonciateur224.com\/wp-content\/uploads\/2025\/10\/img-20251013-wa0101.jpg 1020w, https:\/\/ledenonciateur224.com\/wp-content\/uploads\/2025\/10\/img-20251013-wa0101-300x111.jpg 300w, https:\/\/ledenonciateur224.com\/wp-content\/uploads\/2025\/10\/img-20251013-wa0101-768x284.jpg 768w, https:\/\/ledenonciateur224.com\/wp-content\/uploads\/2025\/10\/img-20251013-wa0101-150x55.jpg 150w, https:\/\/ledenonciateur224.com\/wp-content\/uploads\/2025\/10\/img-20251013-wa0101-696x257.jpg 696w\" sizes=\"auto, (max-width: 1020px) 100vw, 1020px\" \/><\/p>\n<p>&nbsp;<\/p>\n<p>Ibrahima Traor\u00e9, charg\u00e9 du projet \u00e0 l\u2019ONG Carbone Guin\u00e9e, qui pilote le projet, a rappel\u00e9 le but de cette formation<\/p>\n<p><img loading=\"lazy\" decoding=\"async\" class=\"alignnone size-full wp-image-5538\" src=\"https:\/\/ledenonciateur224.com\/wp-content\/uploads\/2025\/10\/img-20251013-wa0099.jpg\" alt=\"\" width=\"905\" height=\"458\" srcset=\"https:\/\/ledenonciateur224.com\/wp-content\/uploads\/2025\/10\/img-20251013-wa0099.jpg 905w, https:\/\/ledenonciateur224.com\/wp-content\/uploads\/2025\/10\/img-20251013-wa0099-300x152.jpg 300w, https:\/\/ledenonciateur224.com\/wp-content\/uploads\/2025\/10\/img-20251013-wa0099-768x389.jpg 768w, https:\/\/ledenonciateur224.com\/wp-content\/uploads\/2025\/10\/img-20251013-wa0099-150x76.jpg 150w, https:\/\/ledenonciateur224.com\/wp-content\/uploads\/2025\/10\/img-20251013-wa0099-696x352.jpg 696w, https:\/\/ledenonciateur224.com\/wp-content\/uploads\/2025\/10\/img-20251013-wa0099-830x420.jpg 830w\" sizes=\"auto, (max-width: 905px) 100vw, 905px\" \/><br \/>\n\u00ab C\u2019est un projet, qui vise la protection durable de l&rsquo;Environnement sur le site de Khabitat, \u00e0 travers un financement d&rsquo;une ONG internationale. Vous savez, cela fait un bon moment, nous travaillons ensemble, et beaucoup \u00e9volue dans l&rsquo;accompagnement des organisations au niveau de la protection de l&rsquo;Environnement. Nous avons mis en place ce projet dans le cadre de la conservation du site de Khabitat, parce que d&rsquo;apr\u00e8s nos constats, nous nous sommes rendu compte, qu&rsquo;il n&rsquo;y a pas eu quand m\u00eame une \u00e9tude pouss\u00e9e au niveau du site de Khabitat, malgr\u00e9 que ce soit d\u00e9clar\u00e9 comme un site prot\u00e9g\u00e9. Mais, il n&rsquo;y a pas aujourd&rsquo;hui quand m\u00eame une \u00e9tude dans ce sens-l\u00e0. C&rsquo;est pour cela, que nous avons souhait\u00e9 faire cette proposition \u00e0 notre ONG, pour avoir ce financement et contribuer \u00e0 la conservation durable du site \u00e9cosyst\u00e8me\u00a0\u00bb.<\/p>\n<p>Posant la question sur leur attente apr\u00e8s cette formation, le chef du projet M. Traor\u00e9 a fait savoir \u00ab\u00a0nous avons organis\u00e9, cet atelier de lancement dont il s&rsquo;agit, c&rsquo;est une priorit\u00e9. Il faut bien expliquer aux b\u00e9n\u00e9ficiaires, voici le projet, voici ce que nous comptons faire pour qu&rsquo;au sortir de cet atelier maintenant, chacun puisse s&rsquo;approprier de la d\u00e9marche \u00e0 suivre maintenant pendant la mise en \u0153uvre du projet. Donc, il s&rsquo;agit quand m\u00eame d&rsquo;amener un terme d&rsquo;attente fort. C&rsquo;est vraiment l&rsquo;implication dans la mise en \u0153uvre du projet. Ce projet, c&rsquo;est pour la communaut\u00e9, toutes les communaut\u00e9s riveraines du site de Khabita. Donc au sortir de cet atelier, nous aimerions que les participants se sentent vraiment impliqu\u00e9s dans la mise en \u0153uvre de ce projet\u00a0\u00bb, a-t-il conclut.<\/p>\n<p>Quant au formateur de cet atelier, le capitaine Mamadou Saliou Diallo, \u00e9galement le conservateur, est revenu sur les diff\u00e9rents th\u00e8mes d\u00e9battus lors de la rencontre.<\/p>\n<p><img loading=\"lazy\" decoding=\"async\" class=\"alignnone size-full wp-image-5540\" src=\"https:\/\/ledenonciateur224.com\/wp-content\/uploads\/2025\/10\/img-20251013-wa0097.jpg\" alt=\"\" width=\"925\" height=\"438\" srcset=\"https:\/\/ledenonciateur224.com\/wp-content\/uploads\/2025\/10\/img-20251013-wa0097.jpg 925w, https:\/\/ledenonciateur224.com\/wp-content\/uploads\/2025\/10\/img-20251013-wa0097-300x142.jpg 300w, https:\/\/ledenonciateur224.com\/wp-content\/uploads\/2025\/10\/img-20251013-wa0097-768x364.jpg 768w, https:\/\/ledenonciateur224.com\/wp-content\/uploads\/2025\/10\/img-20251013-wa0097-150x71.jpg 150w, https:\/\/ledenonciateur224.com\/wp-content\/uploads\/2025\/10\/img-20251013-wa0097-696x330.jpg 696w, https:\/\/ledenonciateur224.com\/wp-content\/uploads\/2025\/10\/img-20251013-wa0097-887x420.jpg 887w\" sizes=\"auto, (max-width: 925px) 100vw, 925px\" \/><\/p>\n<p>\u00ab\u00a0On a pr\u00e9sent\u00e9 d&rsquo;abord le projet aux participants pour les impliquer dans le projet et essayer de les expliquer la mani\u00e8re dont le projet sera mis en \u0153uvre. Et dans ce sens, \u00e7a a \u00e9t\u00e9 expliqu\u00e9 et en m\u00eame temps, on les a dit ce qui est concern\u00e9 dans ce projet. Et les t\u00e2ches ont \u00e9t\u00e9 r\u00e9parties en fonction de la r\u00e9partition des t\u00e2ches\u00a0\u00bb<br \/>\nConcernant le constat sur le terrain en termes de la protection de l&rsquo;environnement, le capitaine a fait savoir que le constat est alarmant.<br \/>\n\u00ab\u00a0Nos constats sont vraiment tr\u00e8s amers parce qu&rsquo;il faut reconna\u00eetre, si vous prenez, regardez, vous comprendrez que, l&rsquo;Environnement est tr\u00e8s menac\u00e9, et surtout la c\u00f4te. Et si vous prenez actuellement le long de Koncour\u00e9, vraiment, c&rsquo;est un site qui est tr\u00e8s menac\u00e9 par plusieurs soci\u00e9t\u00e9s, il faut dire des carri\u00e8res d&rsquo;abord, si vous prenez les carri\u00e8res, et puis c&rsquo;est des zones qui sont convoit\u00e9es par beaucoup de bailleurs, \u00e0 travers non seulement la proximit\u00e9 du site de Conakry, Donc, vraiment, c&rsquo;est un site qui est tr\u00e8s menac\u00e9. Donc c&rsquo;est ce qui fait que moi, personnellement, j&rsquo;ai tr\u00e8s salu\u00e9 l&rsquo;arriv\u00e9e de ce projet-l\u00e0 parce que \u00e7a pourra nous aider peut-\u00eatre \u00e0 avoir un impact, positif sur la pr\u00e9servation de cet \u00e9cosyst\u00e8me \u00e0 travers des sensibilisations, \u00e0 travers des accompagnements, essayer de les organiser et essayer de cr\u00e9er des AGR, en les accompagnant pour pouvoir r\u00e9duire la pression sur cet \u00e9cosyst\u00e8me\u00a0\u00bb, a r\u00e9it\u00e9r\u00e9 cet environnementaliste<\/p>\n<p>Par ailleurs, c&rsquo;est le chef du cabinet de la pr\u00e9fecture de Dubr\u00e9ka qui a pr\u00e9sid\u00e9 la c\u00e9r\u00e9monie, en compagnie du pr\u00e9sident de la d\u00e9l\u00e9gation sp\u00e9ciale de la commune rurale de Khorira. On note \u00e9galement la pr\u00e9sence des conservateurs de la nature, sans oublier des membres de l\u2019ONG organisatrice, Carbone Guin\u00e9e.<br \/>\nAu nom du pr\u00e9fet de Dubr\u00e9ka, YAhouba Tour\u00e9 a salu\u00e9 cette initiative.<\/p>\n<p><img loading=\"lazy\" decoding=\"async\" class=\"alignnone size-full wp-image-5541\" src=\"https:\/\/ledenonciateur224.com\/wp-content\/uploads\/2025\/10\/img-20251013-wa0098.jpg\" alt=\"\" width=\"913\" height=\"458\" srcset=\"https:\/\/ledenonciateur224.com\/wp-content\/uploads\/2025\/10\/img-20251013-wa0098.jpg 913w, https:\/\/ledenonciateur224.com\/wp-content\/uploads\/2025\/10\/img-20251013-wa0098-300x150.jpg 300w, https:\/\/ledenonciateur224.com\/wp-content\/uploads\/2025\/10\/img-20251013-wa0098-768x385.jpg 768w, https:\/\/ledenonciateur224.com\/wp-content\/uploads\/2025\/10\/img-20251013-wa0098-150x75.jpg 150w, https:\/\/ledenonciateur224.com\/wp-content\/uploads\/2025\/10\/img-20251013-wa0098-696x349.jpg 696w, https:\/\/ledenonciateur224.com\/wp-content\/uploads\/2025\/10\/img-20251013-wa0098-837x420.jpg 837w\" sizes=\"auto, (max-width: 913px) 100vw, 913px\" \/><br \/>\n\u00ab\u00a0C&rsquo;est une grande joie qui m&rsquo;anime ce matin pour le lancement de ce projet. Vous savez, l&rsquo;homme ne peut pas vivre sans les arbres. Quand les arbres sont prot\u00e9g\u00e9s, l&rsquo;homme est prot\u00e9g\u00e9. Quand les hommes sont prot\u00e9g\u00e9s, les animaux sont prot\u00e9g\u00e9s. Alors, dans ce cas, on doit prot\u00e9ger l&rsquo;ensemble des arbres chez nous, pour ne pas que \u00e7a soit des calvaires. Sans arbres, c&rsquo;est le d\u00e9sert qui va nous envahir. Donc nous saluons cette initiative a plus d\u2019un titre. Car, nous sommes tr\u00e8s contents et on doit les soutenir. On sera avec eux, le d\u00e9but jusqu&rsquo;\u00e0 la fin de continuer encore \u00e0 les soutenir\u00a0\u00bb, s\u2019est-il engag\u00e9.<\/p>\n<p><img loading=\"lazy\" decoding=\"async\" class=\"alignnone size-full wp-image-5539\" src=\"https:\/\/ledenonciateur224.com\/wp-content\/uploads\/2025\/10\/img-20251013-wa0101.jpg\" alt=\"\" width=\"1020\" height=\"377\" srcset=\"https:\/\/ledenonciateur224.com\/wp-content\/uploads\/2025\/10\/img-20251013-wa0101.jpg 1020w, https:\/\/ledenonciateur224.com\/wp-content\/uploads\/2025\/10\/img-20251013-wa0101-300x111.jpg 300w, https:\/\/ledenonciateur224.com\/wp-content\/uploads\/2025\/10\/img-20251013-wa0101-768x284.jpg 768w, https:\/\/ledenonciateur224.com\/wp-content\/uploads\/2025\/10\/img-20251013-wa0101-150x55.jpg 150w, https:\/\/ledenonciateur224.com\/wp-content\/uploads\/2025\/10\/img-20251013-wa0101-696x257.jpg 696w\" sizes=\"auto, (max-width: 1020px) 100vw, 1020px\" \/><br \/>\nFinanc\u00e9 par Birdlife International, ce projet Des solutions locales durables pour sauver l\u2019\u00e9cosyst\u00e8me vital de Kabitai qui a d\u00e9marr\u00e9 au mois d\u2019ao\u00fbt 2025, va durer pendant un an, selon les initiateurs.<\/p>\n<p>M L K<\/p>\n","protected":false},"excerpt":{"rendered":"<p>Dans le cadre de sauvegarder l\u2019\u00e9cosyst\u00e8me de Kabitai, dans la pr\u00e9fecture de Dubreka, l\u2019ONG Carbone Guin\u00e9e a organis\u00e9 ce mardi 07 Octobre 2025 dans la maison des jeunes de Dubreka, un atelier de renforcement de capacit\u00e9 des acteurs, qui doivent s&rsquo;impliquer dans la protection de l&rsquo;environnement. Cette rencontre d\u2019\u00e9change et de sensibilisation d\u2019une seule journ\u00e9e, [&hellip;]<\/p>\n","protected":false},"author":2,"featured_media":5542,"comment_status":"closed","ping_status":"closed","sticky":false,"template":"","format":"standard","meta":{"_jetpack_memberships_contains_paid_content":false,"footnotes":"","jetpack_publicize_message":"","jetpack_publicize_feature_enabled":true,"jetpack_social_post_already_shared":true,"jetpack_social_options":{"image_generator_settings":{"template":"highway","default_image_id":0,"font":"","enabled":false},"version":2}},"categories":[30,24],"tags":[604,1080],"class_list":{"0":"post-5537","1":"post","2":"type-post","3":"status-publish","4":"format-standard","5":"has-post-thumbnail","7":"category-faits-divers","8":"category-news","9":"tag-actualite-de-guinee","10":"tag-environnement"},"jetpack_publicize_connections":[],"jetpack_featured_media_url":"https:\/\/ledenonciateur224.com\/wp-content\/uploads\/2025\/10\/img-20251013-wa0100.jpg","jetpack_sharing_enabled":true,"_links":{"self":[{"href":"https:\/\/ledenonciateur224.com\/index.php\/wp-json\/wp\/v2\/posts\/5537","targetHints":{"allow":["GET"]}}],"collection":[{"href":"https:\/\/ledenonciateur224.com\/index.php\/wp-json\/wp\/v2\/posts"}],"about":[{"href":"https:\/\/ledenonciateur224.com\/index.php\/wp-json\/wp\/v2\/types\/post"}],"author":[{"embeddable":true,"href":"https:\/\/ledenonciateur224.com\/index.php\/wp-json\/wp\/v2\/users\/2"}],"replies":[{"embeddable":true,"href":"https:\/\/ledenonciateur224.com\/index.php\/wp-json\/wp\/v2\/comments?post=5537"}],"version-history":[{"count":0,"href":"https:\/\/ledenonciateur224.com\/index.php\/wp-json\/wp\/v2\/posts\/5537\/revisions"}],"wp:featuredmedia":[{"embeddable":true,"href":"https:\/\/ledenonciateur224.com\/index.php\/wp-json\/wp\/v2\/media\/5542"}],"wp:attachment":[{"href":"https:\/\/ledenonciateur224.com\/index.php\/wp-json\/wp\/v2\/media?parent=5537"}],"wp:term":[{"taxonomy":"category","embeddable":true,"href":"https:\/\/ledenonciateur224.com\/index.php\/wp-json\/wp\/v2\/categories?post=5537"},{"taxonomy":"post_tag","embeddable":true,"href":"https:\/\/ledenonciateur224.com\/index.php\/wp-json\/wp\/v2\/tags?post=5537"}],"curies":[{"name":"wp","href":"https:\/\/api.w.org\/{rel}","templated":true}]}}