{"id":5547,"date":"2025-10-13T20:31:58","date_gmt":"2025-10-13T20:31:58","guid":{"rendered":"https:\/\/ledenonciateur224.com\/?p=5547"},"modified":"2025-10-13T20:31:58","modified_gmt":"2025-10-13T20:31:58","slug":"enseignants-contractuels-non-retenus-jean-paul-cedy-mise-sur-le-dialogue-face-a-une-grogne-persistante","status":"publish","type":"post","link":"https:\/\/ledenonciateur224.com\/index.php\/enseignants-contractuels-non-retenus-jean-paul-cedy-mise-sur-le-dialogue-face-a-une-grogne-persistante\/","title":{"rendered":"Enseignants contractuels non retenus : Jean Paul C\u00e9dy mise sur le dialogue face \u00e0 une grogne persistante"},"content":{"rendered":"<p>Le lundi 13 octobre 2025, le collectif des enseignants contractuels non retenus a de nouveau manifest\u00e9 son m\u00e9contentement \u00e0 Conakry, exigeant leur int\u00e9gration \u00e0 la fonction publique. Ce mouvement, organis\u00e9 au si\u00e8ge de l\u2019Institut national de recherche et d\u2019action p\u00e9dagogique (INRAP), fait suite \u00e0 une longue s\u00e9rie de mobilisations similaires.<\/p>\n<p>Face \u00e0 cette nouvelle grogne, le ministre de l\u2019Enseignement pr\u00e9-universitaire et de l\u2019Alphab\u00e9tisation, Jean Paul C\u00e9dy, a choisi de privil\u00e9gier le dialogue. Lors d\u2019un \u00e9change direct avec les manifestants, il a rappel\u00e9 que le processus de recrutement est encadr\u00e9 par des r\u00e8gles \u00e9tablies en concertation avec les repr\u00e9sentants des enseignants et qu\u2019il n\u2019est pas possible de modifier ces crit\u00e8res en cours de route. Le ministre a toutefois assur\u00e9 que l\u2019\u00c9tat recrute en fonction des moyens disponibles et qu\u2019il favorise les jeunes enseignants qualifi\u00e9s, en soulignant que l\u2019exp\u00e9rience professionnelle reste un atout dans les recrutements futurs.<\/p>\n<p>Les enseignants contractuels ont remis un m\u00e9morandum au ministre, insistant sur la validit\u00e9 de leurs notes d\u2019\u00e9valuation, parfois \u00e9lev\u00e9es, sans pour autant avoir \u00e9t\u00e9 retenus. Ils demandent une reconnaissance officielle de leur engagement et un effort suppl\u00e9mentaire de l\u2019\u00c9tat, apr\u00e8s plus de 10 000 recrutements d\u00e9j\u00e0 effectu\u00e9s.<\/p>\n<p>Malgr\u00e9 les assurances et la disponibilit\u00e9 affich\u00e9es par Jean Paul C\u00e9dy, une partie des enseignants reste sceptique, estimant que les promesses manquent de concr\u00e9tisation. Apr\u00e8s huit ans de lutte souvent infructueuse, leur d\u00e9termination reste intacte, promettant de poursuivre le combat pour leur int\u00e9gration.<\/p>\n<p>&nbsp;<\/p>\n<p>AMC<\/p>\n","protected":false},"excerpt":{"rendered":"<p>Le lundi 13 octobre 2025, le collectif des enseignants contractuels non retenus a de nouveau manifest\u00e9 son m\u00e9contentement \u00e0 Conakry, exigeant leur int\u00e9gration \u00e0 la fonction publique. Ce mouvement, organis\u00e9 au si\u00e8ge de l\u2019Institut national de recherche et d\u2019action p\u00e9dagogique (INRAP), fait suite \u00e0 une longue s\u00e9rie de mobilisations similaires. Face \u00e0 cette nouvelle grogne, [&hellip;]<\/p>\n","protected":false},"author":2,"featured_media":5548,"comment_status":"closed","ping_status":"closed","sticky":false,"template":"","format":"standard","meta":{"_jetpack_memberships_contains_paid_content":false,"footnotes":"","jetpack_publicize_message":"","jetpack_publicize_feature_enabled":true,"jetpack_social_post_already_shared":true,"jetpack_social_options":{"image_generator_settings":{"template":"highway","default_image_id":0,"font":"","enabled":false},"version":2}},"categories":[30,24],"tags":[1224,1223],"class_list":{"0":"post-5547","1":"post","2":"type-post","3":"status-publish","4":"format-standard","5":"has-post-thumbnail","7":"category-faits-divers","8":"category-news","9":"tag-contractuels","10":"tag-enseignants"},"jetpack_publicize_connections":[],"jetpack_featured_media_url":"https:\/\/ledenonciateur224.com\/wp-content\/uploads\/2025\/10\/img-20251013-wa0102.jpg","jetpack_sharing_enabled":true,"_links":{"self":[{"href":"https:\/\/ledenonciateur224.com\/index.php\/wp-json\/wp\/v2\/posts\/5547","targetHints":{"allow":["GET"]}}],"collection":[{"href":"https:\/\/ledenonciateur224.com\/index.php\/wp-json\/wp\/v2\/posts"}],"about":[{"href":"https:\/\/ledenonciateur224.com\/index.php\/wp-json\/wp\/v2\/types\/post"}],"author":[{"embeddable":true,"href":"https:\/\/ledenonciateur224.com\/index.php\/wp-json\/wp\/v2\/users\/2"}],"replies":[{"embeddable":true,"href":"https:\/\/ledenonciateur224.com\/index.php\/wp-json\/wp\/v2\/comments?post=5547"}],"version-history":[{"count":0,"href":"https:\/\/ledenonciateur224.com\/index.php\/wp-json\/wp\/v2\/posts\/5547\/revisions"}],"wp:featuredmedia":[{"embeddable":true,"href":"https:\/\/ledenonciateur224.com\/index.php\/wp-json\/wp\/v2\/media\/5548"}],"wp:attachment":[{"href":"https:\/\/ledenonciateur224.com\/index.php\/wp-json\/wp\/v2\/media?parent=5547"}],"wp:term":[{"taxonomy":"category","embeddable":true,"href":"https:\/\/ledenonciateur224.com\/index.php\/wp-json\/wp\/v2\/categories?post=5547"},{"taxonomy":"post_tag","embeddable":true,"href":"https:\/\/ledenonciateur224.com\/index.php\/wp-json\/wp\/v2\/tags?post=5547"}],"curies":[{"name":"wp","href":"https:\/\/api.w.org\/{rel}","templated":true}]}}