{"id":5550,"date":"2025-10-13T21:20:18","date_gmt":"2025-10-13T21:20:18","guid":{"rendered":"https:\/\/ledenonciateur224.com\/?p=5550"},"modified":"2025-10-13T21:20:18","modified_gmt":"2025-10-13T21:20:18","slug":"decret-les-secretaires-generaux-nommes-par-le-chef-de-letat","status":"publish","type":"post","link":"https:\/\/ledenonciateur224.com\/index.php\/decret-les-secretaires-generaux-nommes-par-le-chef-de-letat\/","title":{"rendered":"D\u00e9cret : Les secr\u00e9taires g\u00e9n\u00e9raux nomm\u00e9s par le chef de l&rsquo;\u00c9tat\u00a0"},"content":{"rendered":"<p>&nbsp;<\/p>\n<p>Le G\u00e9n\u00e9ral Mamadi Doumbouya a nomm\u00e9 ce lundi 13 octobre 2025 des Secr\u00e9taires G\u00e9n\u00e9raux au sein des D\u00e9partements minist\u00e9riels. Ledenonciateur224.com vous propose ci-dessous la liste des hauts cadres promus.<\/p>\n<table>\n<thead>\n<tr>\n<td>Num\u00e9ro<\/td>\n<td>\u00a0\u00a0\u00a0\u00a0\u00a0 Minist\u00e8res<\/td>\n<td>Titulaire Nomm\u00e9(e)<\/td>\n<td><\/td>\n<\/tr>\n<\/thead>\n<tbody>\n<tr>\n<td>1.<\/td>\n<td>Justice et des Droits de l\u2019Homme<\/td>\n<td>Mme Irene Marie Adjimalis<\/td>\n<td><\/td>\n<\/tr>\n<tr>\n<td>2.<\/td>\n<td>Administration du Territoire et de la D\u00e9centralisation<\/td>\n<td>M. Mohamed Sik\u00e9 Camara<\/td>\n<td><\/td>\n<\/tr>\n<tr>\n<td>3.<\/td>\n<td>S\u00e9curit\u00e9 et de la Protection Civile<\/td>\n<td>M. Moustapha Kob\u00e9l\u00e9 Ke\u00efta<\/td>\n<td><\/td>\n<\/tr>\n<tr>\n<td>4.<\/td>\n<td>Affaires \u00c9trang\u00e8res, de l\u2019Int\u00e9gration Africaine et des Guin\u00e9ens \u00e9tablis \u00e0 l\u2019\u00e9tranger<\/td>\n<td>M. Abdoulaye Youla<\/td>\n<td><\/td>\n<\/tr>\n<tr>\n<td>5.<\/td>\n<td>\u00c9conomie et des Finances<\/td>\n<td>Dr. Mahmoudou Tour\u00e9<\/td>\n<td><\/td>\n<\/tr>\n<tr>\n<td>6.<\/td>\n<td>Budget<\/td>\n<td>M. Thierno Amadou Bah<\/td>\n<td><\/td>\n<\/tr>\n<tr>\n<td>7.<\/td>\n<td>Plan et de la Coop\u00e9ration Internationale<\/td>\n<td>M. Kabele Soumah<\/td>\n<td><\/td>\n<\/tr>\n<tr>\n<td>8.<\/td>\n<td>Travail et de la Fonction Publique<\/td>\n<td>M. Aboubacar Kourouma<\/td>\n<td><\/td>\n<\/tr>\n<tr>\n<td>9.<\/td>\n<td>Mines et de la G\u00e9ologie<\/td>\n<td>M. Aboubacar Kourouma<\/td>\n<td><\/td>\n<\/tr>\n<tr>\n<td>10.<\/td>\n<td>Industrie et des Petites et Moines Entreprises<\/td>\n<td>Mme Bintou Douno<\/td>\n<td>Anciennement conseill\u00e8re charg\u00e9e des Questions Industrielles et des Petites et Moyennes Entreprises au Minist\u00e8re du Commerce, de l\u2019Industrie et des Petites et Moyennes Entreprises.<\/td>\n<\/tr>\n<tr>\n<td>11.<\/td>\n<td>Agriculture<\/td>\n<td>M. Omar Barry<\/td>\n<td>Anciennement secr\u00e9taire g\u00e9n\u00e9ral du Minist\u00e8re de l\u2019Agriculture et de l\u2019\u00c9levage.<\/td>\n<\/tr>\n<tr>\n<td>12.<\/td>\n<td>Culture et de l\u2019Artisanat<\/td>\n<td>Mme Ramatoulaye Camara<\/td>\n<td>Anciennement cheffe de cabinet du Minist\u00e8re du Travail et de la Fonction Publique.<\/td>\n<\/tr>\n<tr>\n<td>13.<\/td>\n<td>Enseignement Sup\u00e9rieur, de la Recherche Scientifique et de l\u2019Innovation<\/td>\n<td>Dr. Facinet Cont\u00e9<\/td>\n<td><\/td>\n<\/tr>\n<tr>\n<td>14.<\/td>\n<td>Enseignement Pr\u00e9-universitaire et de l\u2019Alphab\u00e9tisation<\/td>\n<td>M. Youssouf Boundou Sylla<\/td>\n<td><\/td>\n<\/tr>\n<tr>\n<td>15.<\/td>\n<td>Enseignement Technique, de la Formation Professionnelle et de l\u2019Emploi<\/td>\n<td>M. Julien Bongono<\/td>\n<td><\/td>\n<\/tr>\n<tr>\n<td>16.<\/td>\n<td>Commerce<\/td>\n<td>M. Bamba Oliano<\/td>\n<td>Anciennement chef de cabinet du Minist\u00e8re de la P\u00eache et de l\u2019\u00c9conomie Maritime.<\/td>\n<\/tr>\n<tr>\n<td>17.<\/td>\n<td>Sant\u00e9 et de l\u2019Hygi\u00e8ne Publique<\/td>\n<td>Dr. Mandjou Djakit\u00e9<\/td>\n<td>Anciennement directeur national des Laboratoires de Guin\u00e9e.<\/td>\n<\/tr>\n<tr>\n<td>18.<\/td>\n<td>Environnement et du D\u00e9veloppement Durable<\/td>\n<td>M. Karim Samoura<\/td>\n<td><\/td>\n<\/tr>\n<tr>\n<td>19.<\/td>\n<td>P\u00eache et de l\u2019\u00c9conomie Maritime<\/td>\n<td>M. Morla\u00efye Soumah<\/td>\n<td>Anciennement chef de cabinet du Minist\u00e8re de l\u2019\u00c9conomie et des Finances.<\/td>\n<\/tr>\n<tr>\n<td>20.<\/td>\n<td>Infrastructures et des Travaux Publics<\/td>\n<td>M. Ibrahima Camara<\/td>\n<td><\/td>\n<\/tr>\n<tr>\n<td>21.<\/td>\n<td>\u00c9nergie<\/td>\n<td>M. Moussa Koulibaly<\/td>\n<td>Ing\u00e9nieur, \u00e9lectricien, consultant.<\/td>\n<\/tr>\n<tr>\n<td>22.<\/td>\n<td>Hydraulique et des Hydrocarbures<\/td>\n<td>M. Bachir Camara<\/td>\n<td>Anciennement secr\u00e9taire g\u00e9n\u00e9ral du Minist\u00e8re de l\u2019\u00c9nergie, de l\u2019Hydraulique et des Hydrocarbures.<\/td>\n<\/tr>\n<tr>\n<td>23.<\/td>\n<td>Urbanisme, de l\u2019Habitat et de l\u2019Am\u00e9nagement du Territoire, charg\u00e9 de la r\u00e9cup\u00e9ration des domaines spoli\u00e9s de l\u2019\u00c9tat<\/td>\n<td>M. Mamadou Saliou Sylla<\/td>\n<td><\/td>\n<\/tr>\n<tr>\n<td>24.<\/td>\n<td>Transports<\/td>\n<td>M. Mohamed Bakayoko<\/td>\n<td><\/td>\n<\/tr>\n<tr>\n<td>25.<\/td>\n<td>Postes de la T\u00e9l\u00e9communications et de l\u2019\u00c9conomie Num\u00e9rique<\/td>\n<td>M. Nouan Traor\u00e9<\/td>\n<td><\/td>\n<\/tr>\n<tr>\n<td>26.<\/td>\n<td>Information et de la Communication<\/td>\n<td>M. Souleymane Ba<\/td>\n<td><\/td>\n<\/tr>\n<tr>\n<td>27.<\/td>\n<td>Jeunesse<\/td>\n<td>Mme Ka\u00eft\u00e9 Sall<\/td>\n<td>Anciennement secr\u00e9taire g\u00e9n\u00e9ral du Minist\u00e8re de la Sant\u00e9 et de l\u2019Hygi\u00e8ne Publique.<\/td>\n<\/tr>\n<tr>\n<td>28.<\/td>\n<td>Sports<\/td>\n<td>M. Mohamed Bily Kaba<\/td>\n<td>Anciennement secr\u00e9taire g\u00e9n\u00e9ral du Minist\u00e8re de la Jeunesse et des Sports.<\/td>\n<\/tr>\n<tr>\n<td>29.<\/td>\n<td>Promotion F\u00e9minine de l\u2019Enfance et des Personnes Vuln\u00e9rables<\/td>\n<td>M. Roger Yassi Clonan<\/td>\n<td><\/td>\n<\/tr>\n<tr>\n<td>30.<\/td>\n<td>Tourisme et de l\u2019H\u00f4tellerie<\/td>\n<td>M. Souleymane Ke\u00efta<\/td>\n<td>Anciennement d\u00e9put\u00e9 \u00e0 l\u2019Assembl\u00e9e Nationale de Guin\u00e9e.<\/td>\n<\/tr>\n<tr>\n<td>31.<\/td>\n<td>\u00c9levage<\/td>\n<td>Mme Alimatou Sirandou Diallo<\/td>\n<td>Anciennement directrice nationale de l\u2019Alimentation et des Productions Animales.<\/td>\n<\/tr>\n<\/tbody>\n<\/table>\n<ol start=\"32\">\n<li>Secr\u00e9tariat g\u00e9n\u00e9ral Adjoint du Gouvernement. M.\u00a0Fayimba Mara<\/li>\n<li>Secr\u00e9tariat g\u00e9n\u00e9ral Adjoint des Affaires religieuses :\u00a0Elhadj Ibrahima Ousmane Bah<\/li>\n<\/ol>\n","protected":false},"excerpt":{"rendered":"<p>&nbsp; Le G\u00e9n\u00e9ral Mamadi Doumbouya a nomm\u00e9 ce lundi 13 octobre 2025 des Secr\u00e9taires G\u00e9n\u00e9raux au sein des D\u00e9partements minist\u00e9riels. Ledenonciateur224.com vous propose ci-dessous la liste des hauts cadres promus. Num\u00e9ro \u00a0\u00a0\u00a0\u00a0\u00a0 Minist\u00e8res Titulaire Nomm\u00e9(e) 1. Justice et des Droits de l\u2019Homme Mme Irene Marie Adjimalis 2. Administration du Territoire et de la D\u00e9centralisation M. [&hellip;]<\/p>\n","protected":false},"author":2,"featured_media":4261,"comment_status":"closed","ping_status":"closed","sticky":false,"template":"","format":"standard","meta":{"_jetpack_memberships_contains_paid_content":false,"footnotes":"","jetpack_publicize_message":"","jetpack_publicize_feature_enabled":true,"jetpack_social_post_already_shared":true,"jetpack_social_options":{"image_generator_settings":{"template":"highway","default_image_id":0,"font":"","enabled":false},"version":2}},"categories":[24,27],"tags":[579],"class_list":{"0":"post-5550","1":"post","2":"type-post","3":"status-publish","4":"format-standard","5":"has-post-thumbnail","7":"category-news","8":"category-politique","9":"tag-decrets-du-chef-de-letat"},"jetpack_publicize_connections":[],"jetpack_featured_media_url":"https:\/\/ledenonciateur224.com\/wp-content\/uploads\/2025\/08\/fb-img-1754008360094.jpg","jetpack_sharing_enabled":true,"_links":{"self":[{"href":"https:\/\/ledenonciateur224.com\/index.php\/wp-json\/wp\/v2\/posts\/5550","targetHints":{"allow":["GET"]}}],"collection":[{"href":"https:\/\/ledenonciateur224.com\/index.php\/wp-json\/wp\/v2\/posts"}],"about":[{"href":"https:\/\/ledenonciateur224.com\/index.php\/wp-json\/wp\/v2\/types\/post"}],"author":[{"embeddable":true,"href":"https:\/\/ledenonciateur224.com\/index.php\/wp-json\/wp\/v2\/users\/2"}],"replies":[{"embeddable":true,"href":"https:\/\/ledenonciateur224.com\/index.php\/wp-json\/wp\/v2\/comments?post=5550"}],"version-history":[{"count":0,"href":"https:\/\/ledenonciateur224.com\/index.php\/wp-json\/wp\/v2\/posts\/5550\/revisions"}],"wp:featuredmedia":[{"embeddable":true,"href":"https:\/\/ledenonciateur224.com\/index.php\/wp-json\/wp\/v2\/media\/4261"}],"wp:attachment":[{"href":"https:\/\/ledenonciateur224.com\/index.php\/wp-json\/wp\/v2\/media?parent=5550"}],"wp:term":[{"taxonomy":"category","embeddable":true,"href":"https:\/\/ledenonciateur224.com\/index.php\/wp-json\/wp\/v2\/categories?post=5550"},{"taxonomy":"post_tag","embeddable":true,"href":"https:\/\/ledenonciateur224.com\/index.php\/wp-json\/wp\/v2\/tags?post=5550"}],"curies":[{"name":"wp","href":"https:\/\/api.w.org\/{rel}","templated":true}]}}