{"id":5562,"date":"2025-10-16T10:32:22","date_gmt":"2025-10-16T10:32:22","guid":{"rendered":"https:\/\/ledenonciateur224.com\/?p=5562"},"modified":"2025-10-16T10:32:22","modified_gmt":"2025-10-16T10:32:22","slug":"le-ministre-de-lenergie-sur-le-site-du-barrage-hydroelectrique-damaria-un-projet-strategique-a-mi-parcours","status":"publish","type":"post","link":"https:\/\/ledenonciateur224.com\/index.php\/le-ministre-de-lenergie-sur-le-site-du-barrage-hydroelectrique-damaria-un-projet-strategique-a-mi-parcours\/","title":{"rendered":"Le Ministre de l\u2019\u00c9nergie sur le site du barrage hydro\u00e9lectrique d\u2019Amaria : un projet strat\u00e9gique \u00e0 mi-parcours"},"content":{"rendered":"<p>Le Ministre de l\u2019\u00c9nergie, Monsieur Namory Camara, a effectu\u00e9 une mission de terrain sur le chantier du barrage hydro\u00e9lectrique d\u2019Amaria, en construction par la soci\u00e9t\u00e9 TBEA.<\/p>\n<p><img loading=\"lazy\" decoding=\"async\" class=\"alignnone size-full wp-image-5563\" src=\"https:\/\/ledenonciateur224.com\/wp-content\/uploads\/2025\/10\/img-20251016-wa0014.jpg\" alt=\"\" width=\"1080\" height=\"720\" srcset=\"https:\/\/ledenonciateur224.com\/wp-content\/uploads\/2025\/10\/img-20251016-wa0014.jpg 1080w, https:\/\/ledenonciateur224.com\/wp-content\/uploads\/2025\/10\/img-20251016-wa0014-300x200.jpg 300w, https:\/\/ledenonciateur224.com\/wp-content\/uploads\/2025\/10\/img-20251016-wa0014-1024x683.jpg 1024w, https:\/\/ledenonciateur224.com\/wp-content\/uploads\/2025\/10\/img-20251016-wa0014-768x512.jpg 768w, https:\/\/ledenonciateur224.com\/wp-content\/uploads\/2025\/10\/img-20251016-wa0014-150x100.jpg 150w, https:\/\/ledenonciateur224.com\/wp-content\/uploads\/2025\/10\/img-20251016-wa0014-696x464.jpg 696w, https:\/\/ledenonciateur224.com\/wp-content\/uploads\/2025\/10\/img-20251016-wa0014-1068x712.jpg 1068w, https:\/\/ledenonciateur224.com\/wp-content\/uploads\/2025\/10\/img-20251016-wa0014-630x420.jpg 630w\" sizes=\"auto, (max-width: 1080px) 100vw, 1080px\" \/><\/p>\n<p>\u00c0 ce jour, les travaux sont r\u00e9alis\u00e9s \u00e0 hauteur de 50 %, marquant une \u00e9tape d\u00e9cisive dans la mise en \u0153uvre de cet ouvrage majeur dont la capacit\u00e9 install\u00e9e de 300 MW et la production annuelle estim\u00e9e \u00e0 1,42 milliard de kWh feront d\u2019Amaria un pilier de l\u2019autonomie \u00e9nerg\u00e9tique nationale.<\/p>\n<p><img loading=\"lazy\" decoding=\"async\" class=\"alignnone size-full wp-image-5564\" src=\"https:\/\/ledenonciateur224.com\/wp-content\/uploads\/2025\/10\/img-20251016-wa0015.jpg\" alt=\"\" width=\"1080\" height=\"692\" srcset=\"https:\/\/ledenonciateur224.com\/wp-content\/uploads\/2025\/10\/img-20251016-wa0015.jpg 1080w, https:\/\/ledenonciateur224.com\/wp-content\/uploads\/2025\/10\/img-20251016-wa0015-300x192.jpg 300w, https:\/\/ledenonciateur224.com\/wp-content\/uploads\/2025\/10\/img-20251016-wa0015-1024x656.jpg 1024w, https:\/\/ledenonciateur224.com\/wp-content\/uploads\/2025\/10\/img-20251016-wa0015-768x492.jpg 768w, https:\/\/ledenonciateur224.com\/wp-content\/uploads\/2025\/10\/img-20251016-wa0015-150x96.jpg 150w, https:\/\/ledenonciateur224.com\/wp-content\/uploads\/2025\/10\/img-20251016-wa0015-696x446.jpg 696w, https:\/\/ledenonciateur224.com\/wp-content\/uploads\/2025\/10\/img-20251016-wa0015-1068x684.jpg 1068w, https:\/\/ledenonciateur224.com\/wp-content\/uploads\/2025\/10\/img-20251016-wa0015-655x420.jpg 655w\" sizes=\"auto, (max-width: 1080px) 100vw, 1080px\" \/><\/p>\n<p>Le Ministre a salu\u00e9 les progr\u00e8s enregistr\u00e9s et encourag\u00e9 les \u00e9quipes \u00e0 maintenir le cap dans le respect des standards techniques et environnementaux. Il a r\u00e9affirm\u00e9 l\u2019engagement du Gouvernement, sous le leadership du G\u00e9n\u00e9ral du corps d\u2019arm\u00e9e Mamadi Doumbouya, \u00e0 acc\u00e9l\u00e9rer la transformation \u00e9nerg\u00e9tique du pays pour soutenir la croissance et am\u00e9liorer les conditions de vie des populations.<\/p>\n<p><img loading=\"lazy\" decoding=\"async\" class=\"alignnone size-full wp-image-5565\" src=\"https:\/\/ledenonciateur224.com\/wp-content\/uploads\/2025\/10\/img-20251016-wa0006.jpg\" alt=\"\" width=\"1080\" height=\"720\" srcset=\"https:\/\/ledenonciateur224.com\/wp-content\/uploads\/2025\/10\/img-20251016-wa0006.jpg 1080w, https:\/\/ledenonciateur224.com\/wp-content\/uploads\/2025\/10\/img-20251016-wa0006-300x200.jpg 300w, https:\/\/ledenonciateur224.com\/wp-content\/uploads\/2025\/10\/img-20251016-wa0006-1024x683.jpg 1024w, https:\/\/ledenonciateur224.com\/wp-content\/uploads\/2025\/10\/img-20251016-wa0006-768x512.jpg 768w, https:\/\/ledenonciateur224.com\/wp-content\/uploads\/2025\/10\/img-20251016-wa0006-150x100.jpg 150w, https:\/\/ledenonciateur224.com\/wp-content\/uploads\/2025\/10\/img-20251016-wa0006-696x464.jpg 696w, https:\/\/ledenonciateur224.com\/wp-content\/uploads\/2025\/10\/img-20251016-wa0006-1068x712.jpg 1068w, https:\/\/ledenonciateur224.com\/wp-content\/uploads\/2025\/10\/img-20251016-wa0006-630x420.jpg 630w\" sizes=\"auto, (max-width: 1080px) 100vw, 1080px\" \/><\/p>\n<p>Le barrage d\u2019Amaria s\u2019inscrit pleinement dans la vision du Minist\u00e8re de l\u2019\u00c9nergie, qui fait de la production, de la fiabilit\u00e9 et de l\u2019acc\u00e8s \u00e9quitable \u00e0 l\u2019\u00e9lectricit\u00e9 les priorit\u00e9s de son action.<\/p>\n<p><img loading=\"lazy\" decoding=\"async\" class=\"alignnone size-full wp-image-5566\" src=\"https:\/\/ledenonciateur224.com\/wp-content\/uploads\/2025\/10\/img-20251016-wa0012.jpg\" alt=\"\" width=\"1080\" height=\"720\" srcset=\"https:\/\/ledenonciateur224.com\/wp-content\/uploads\/2025\/10\/img-20251016-wa0012.jpg 1080w, https:\/\/ledenonciateur224.com\/wp-content\/uploads\/2025\/10\/img-20251016-wa0012-300x200.jpg 300w, https:\/\/ledenonciateur224.com\/wp-content\/uploads\/2025\/10\/img-20251016-wa0012-1024x683.jpg 1024w, https:\/\/ledenonciateur224.com\/wp-content\/uploads\/2025\/10\/img-20251016-wa0012-768x512.jpg 768w, https:\/\/ledenonciateur224.com\/wp-content\/uploads\/2025\/10\/img-20251016-wa0012-150x100.jpg 150w, https:\/\/ledenonciateur224.com\/wp-content\/uploads\/2025\/10\/img-20251016-wa0012-696x464.jpg 696w, https:\/\/ledenonciateur224.com\/wp-content\/uploads\/2025\/10\/img-20251016-wa0012-1068x712.jpg 1068w, https:\/\/ledenonciateur224.com\/wp-content\/uploads\/2025\/10\/img-20251016-wa0012-630x420.jpg 630w\" sizes=\"auto, (max-width: 1080px) 100vw, 1080px\" \/> <img loading=\"lazy\" decoding=\"async\" class=\"alignnone size-full wp-image-5567\" src=\"https:\/\/ledenonciateur224.com\/wp-content\/uploads\/2025\/10\/img-20251016-wa0008.jpg\" alt=\"\" width=\"1080\" height=\"720\" srcset=\"https:\/\/ledenonciateur224.com\/wp-content\/uploads\/2025\/10\/img-20251016-wa0008.jpg 1080w, https:\/\/ledenonciateur224.com\/wp-content\/uploads\/2025\/10\/img-20251016-wa0008-300x200.jpg 300w, https:\/\/ledenonciateur224.com\/wp-content\/uploads\/2025\/10\/img-20251016-wa0008-1024x683.jpg 1024w, https:\/\/ledenonciateur224.com\/wp-content\/uploads\/2025\/10\/img-20251016-wa0008-768x512.jpg 768w, https:\/\/ledenonciateur224.com\/wp-content\/uploads\/2025\/10\/img-20251016-wa0008-150x100.jpg 150w, https:\/\/ledenonciateur224.com\/wp-content\/uploads\/2025\/10\/img-20251016-wa0008-696x464.jpg 696w, https:\/\/ledenonciateur224.com\/wp-content\/uploads\/2025\/10\/img-20251016-wa0008-1068x712.jpg 1068w, https:\/\/ledenonciateur224.com\/wp-content\/uploads\/2025\/10\/img-20251016-wa0008-630x420.jpg 630w\" sizes=\"auto, (max-width: 1080px) 100vw, 1080px\" \/><\/p>\n<p>Transmis par le Service de Communication du Minist\u00e8re<\/p>\n","protected":false},"excerpt":{"rendered":"<p>Le Ministre de l\u2019\u00c9nergie, Monsieur Namory Camara, a effectu\u00e9 une mission de terrain sur le chantier du barrage hydro\u00e9lectrique d\u2019Amaria, en construction par la soci\u00e9t\u00e9 TBEA. \u00c0 ce jour, les travaux sont r\u00e9alis\u00e9s \u00e0 hauteur de 50 %, marquant une \u00e9tape d\u00e9cisive dans la mise en \u0153uvre de cet ouvrage majeur dont la capacit\u00e9 install\u00e9e [&hellip;]<\/p>\n","protected":false},"author":2,"featured_media":5565,"comment_status":"closed","ping_status":"closed","sticky":false,"template":"","format":"standard","meta":{"_jetpack_memberships_contains_paid_content":false,"footnotes":"","jetpack_publicize_message":"","jetpack_publicize_feature_enabled":true,"jetpack_social_post_already_shared":true,"jetpack_social_options":{"image_generator_settings":{"template":"highway","default_image_id":0,"font":"","enabled":false},"version":2}},"categories":[29,24],"tags":[1228,1229,1227],"class_list":{"0":"post-5562","1":"post","2":"type-post","3":"status-publish","4":"format-standard","5":"has-post-thumbnail","7":"category-economie","8":"category-news","9":"tag-amaria","10":"tag-ministre-energie","11":"tag-projet-electrique"},"jetpack_publicize_connections":[],"jetpack_featured_media_url":"https:\/\/ledenonciateur224.com\/wp-content\/uploads\/2025\/10\/img-20251016-wa0006.jpg","jetpack_sharing_enabled":true,"_links":{"self":[{"href":"https:\/\/ledenonciateur224.com\/index.php\/wp-json\/wp\/v2\/posts\/5562","targetHints":{"allow":["GET"]}}],"collection":[{"href":"https:\/\/ledenonciateur224.com\/index.php\/wp-json\/wp\/v2\/posts"}],"about":[{"href":"https:\/\/ledenonciateur224.com\/index.php\/wp-json\/wp\/v2\/types\/post"}],"author":[{"embeddable":true,"href":"https:\/\/ledenonciateur224.com\/index.php\/wp-json\/wp\/v2\/users\/2"}],"replies":[{"embeddable":true,"href":"https:\/\/ledenonciateur224.com\/index.php\/wp-json\/wp\/v2\/comments?post=5562"}],"version-history":[{"count":0,"href":"https:\/\/ledenonciateur224.com\/index.php\/wp-json\/wp\/v2\/posts\/5562\/revisions"}],"wp:featuredmedia":[{"embeddable":true,"href":"https:\/\/ledenonciateur224.com\/index.php\/wp-json\/wp\/v2\/media\/5565"}],"wp:attachment":[{"href":"https:\/\/ledenonciateur224.com\/index.php\/wp-json\/wp\/v2\/media?parent=5562"}],"wp:term":[{"taxonomy":"category","embeddable":true,"href":"https:\/\/ledenonciateur224.com\/index.php\/wp-json\/wp\/v2\/categories?post=5562"},{"taxonomy":"post_tag","embeddable":true,"href":"https:\/\/ledenonciateur224.com\/index.php\/wp-json\/wp\/v2\/tags?post=5562"}],"curies":[{"name":"wp","href":"https:\/\/api.w.org\/{rel}","templated":true}]}}