{"id":5580,"date":"2025-10-16T15:22:40","date_gmt":"2025-10-16T15:22:40","guid":{"rendered":"https:\/\/ledenonciateur224.com\/?p=5580"},"modified":"2025-10-16T15:22:40","modified_gmt":"2025-10-16T15:22:40","slug":"tribunal-militaire-un-gendarme-accuse-davoir-tue-par-amour-et-vengeance","status":"publish","type":"post","link":"https:\/\/ledenonciateur224.com\/index.php\/tribunal-militaire-un-gendarme-accuse-davoir-tue-par-amour-et-vengeance\/","title":{"rendered":"Tribunal militaire : un gendarme accus\u00e9 d\u2019avoir tu\u00e9 par amour et vengeance"},"content":{"rendered":"<p>Le proc\u00e8s du margi-chef Thierno Abdoulaye Bald\u00e9, gendarme accus\u00e9 du meurtre de madame Koumba Keita, s\u2019est poursuivi ce mercredi 16 octobre 2025 devant le Tribunal militaire de premi\u00e8re instance permanent de Conakry. Les faits remontent au 26 septembre dernier dans le quartier Ansoumania, situ\u00e9 dans la commune urbaine de Kagb\u00e9l\u00e9n, o\u00f9 la victime aurait \u00e9t\u00e9 mortellement touch\u00e9e par balle.<\/p>\n<p>Selon les d\u00e9clarations de la partie civile, repr\u00e9sent\u00e9e par Me Abdoulaye Keita, les circonstances du drame soul\u00e8vent de nombreuses zones d\u2019ombre. L\u2019avocat \u00e9voque un acte pr\u00e9m\u00e9dit\u00e9 camoufl\u00e9 sous un pr\u00e9tendu accident.<\/p>\n<p><img loading=\"lazy\" decoding=\"async\" class=\"alignnone size-full wp-image-5582\" src=\"https:\/\/ledenonciateur224.com\/wp-content\/uploads\/2025\/10\/20251016-115903-scaled.jpg\" alt=\"\" width=\"2560\" height=\"1152\" srcset=\"https:\/\/ledenonciateur224.com\/wp-content\/uploads\/2025\/10\/20251016-115903-scaled.jpg 2560w, https:\/\/ledenonciateur224.com\/wp-content\/uploads\/2025\/10\/20251016-115903-300x135.jpg 300w, https:\/\/ledenonciateur224.com\/wp-content\/uploads\/2025\/10\/20251016-115903-1024x461.jpg 1024w, https:\/\/ledenonciateur224.com\/wp-content\/uploads\/2025\/10\/20251016-115903-768x346.jpg 768w, https:\/\/ledenonciateur224.com\/wp-content\/uploads\/2025\/10\/20251016-115903-1536x691.jpg 1536w, https:\/\/ledenonciateur224.com\/wp-content\/uploads\/2025\/10\/20251016-115903-2048x922.jpg 2048w, https:\/\/ledenonciateur224.com\/wp-content\/uploads\/2025\/10\/20251016-115903-150x68.jpg 150w, https:\/\/ledenonciateur224.com\/wp-content\/uploads\/2025\/10\/20251016-115903-696x313.jpg 696w, https:\/\/ledenonciateur224.com\/wp-content\/uploads\/2025\/10\/20251016-115903-1068x481.jpg 1068w, https:\/\/ledenonciateur224.com\/wp-content\/uploads\/2025\/10\/20251016-115903-1920x864.jpg 1920w, https:\/\/ledenonciateur224.com\/wp-content\/uploads\/2025\/10\/20251016-115903-933x420.jpg 933w\" sizes=\"auto, (max-width: 2560px) 100vw, 2560px\" \/><\/p>\n<p><em>\u00ab Oui, vous savez, Mme Koumba Keita a \u00e9t\u00e9 tu\u00e9e par balle le 26 septembre 2025 par le margi-chef Thierno Abdoulaye Bald\u00e9. Il s\u2019est rendu \u00e0 son domicile, mais avant m\u00eame d\u2019entrer, un premier coup de feu a \u00e9t\u00e9 tir\u00e9. Une fois dans le salon, la d\u00e9funte lui aurait propos\u00e9 de partager un repas, ce qu\u2019il aurait refus\u00e9, pr\u00e9textant ne pas manger le matin. Elle a alors demand\u00e9 \u00e0 sa fille d\u2019aller lui acheter du jus. C\u2019est \u00e0 ce moment-l\u00e0 que, selon la version du pr\u00e9venu, son pistolet serait accidentellement tomb\u00e9, atteignant Mme Koumba Keita \u00e0 l\u2019\u00e9paule. Malheureusement, elle a succomb\u00e9 \u00e0 sa blessure malgr\u00e9 son \u00e9vacuation \u00e0 l\u2019h\u00f4pital. \u00bb<\/em><\/p>\n<p>Mais pour Me Keita, cette version des faits ne tient pas la route. Il s\u2019interroge sur la direction de la balle et remet en cause la nature \u00ab\u00a0accidentelle\u00a0\u00bb de ce tir :<\/p>\n<p><em>\u00ab Regardez la direction du tir : madame se trouvait \u00e0 gauche, alors que le pistolet est tomb\u00e9 \u00e0 droite. Comment l\u2019arme aurait-elle pu se retourner et tirer dans cette direction ? C\u2019est un montage. \u00bb<\/em><\/p>\n<p>L\u2019avocat ne cache pas sa frustration face \u00e0 la mani\u00e8re dont la justice militaire traite ce dossier. Il d\u00e9nonce une proc\u00e9dure pr\u00e9cipit\u00e9e et influenc\u00e9e :<\/p>\n<p><em>\u00ab Ce dossier est criminel et m\u00e9rite d\u2019\u00eatre confi\u00e9 \u00e0 un cabinet d\u2019instruction. Or, il a \u00e9t\u00e9 curieusement retenu en flagrant d\u00e9lit. C\u2019est extr\u00eamement grave. Pire, un transport judiciaire a \u00e9t\u00e9 ordonn\u00e9 sans la pr\u00e9sence de la partie civile. Cela montre clairement qu\u2019on tente d\u2019\u00e9touffer certains \u00e9l\u00e9ments. \u00bb<\/em><\/p>\n<p>Il pointe du doigt une ing\u00e9rence qu\u2019il juge \u00e9vidente de la part du g\u00e9n\u00e9ral Bald\u00e9, ancien haut-commandant de la gendarmerie nationale :<\/p>\n<p><em>\u00ab Le g\u00e9n\u00e9ral Bald\u00e9 est \u00e0 la man\u0153uvre. Il est le v\u00e9ritable architecte de ce dossier. Le pr\u00e9venu est son prot\u00e9g\u00e9, un proche parent. C\u2019est gr\u00e2ce \u00e0 son intervention que ce dossier a \u00e9t\u00e9 trait\u00e9 en flagrance. \u00bb<\/em><\/p>\n<p>Revenant sur le mobile probable du drame, Me Keita \u00e9voque un conflit familial autour d\u2019un projet de mariage :<\/p>\n<p><em>\u00ab Le 28 octobre, je vous exposerai les raisons profondes du conflit entre les deux familles. Le gendarme entretenait une relation avec la fille de la d\u00e9funte. Or, des membres de la famille de Mme Keita s&rsquo;opposaient fermement \u00e0 cette union. La victime, per\u00e7ue comme un obstacle, aurait donc \u00e9t\u00e9 d\u00e9lib\u00e9r\u00e9ment \u00e9limin\u00e9e pour que le mariage puisse se faire. C\u2019est notre hypoth\u00e8se. \u00bb<\/em><\/p>\n<h3><strong>La d\u00e9fense reconna\u00eet une erreur, mais d\u00e9nonce des n\u00e9gligences m\u00e9dicales<\/strong><\/h3>\n<p><img loading=\"lazy\" decoding=\"async\" class=\"alignnone size-full wp-image-5583\" src=\"https:\/\/ledenonciateur224.com\/wp-content\/uploads\/2025\/10\/20251016-120812-scaled.jpg\" alt=\"\" width=\"2560\" height=\"1152\" srcset=\"https:\/\/ledenonciateur224.com\/wp-content\/uploads\/2025\/10\/20251016-120812-scaled.jpg 2560w, https:\/\/ledenonciateur224.com\/wp-content\/uploads\/2025\/10\/20251016-120812-300x135.jpg 300w, https:\/\/ledenonciateur224.com\/wp-content\/uploads\/2025\/10\/20251016-120812-1024x461.jpg 1024w, https:\/\/ledenonciateur224.com\/wp-content\/uploads\/2025\/10\/20251016-120812-768x346.jpg 768w, https:\/\/ledenonciateur224.com\/wp-content\/uploads\/2025\/10\/20251016-120812-1536x691.jpg 1536w, https:\/\/ledenonciateur224.com\/wp-content\/uploads\/2025\/10\/20251016-120812-2048x922.jpg 2048w, https:\/\/ledenonciateur224.com\/wp-content\/uploads\/2025\/10\/20251016-120812-150x68.jpg 150w, https:\/\/ledenonciateur224.com\/wp-content\/uploads\/2025\/10\/20251016-120812-696x313.jpg 696w, https:\/\/ledenonciateur224.com\/wp-content\/uploads\/2025\/10\/20251016-120812-1068x481.jpg 1068w, https:\/\/ledenonciateur224.com\/wp-content\/uploads\/2025\/10\/20251016-120812-1920x864.jpg 1920w, https:\/\/ledenonciateur224.com\/wp-content\/uploads\/2025\/10\/20251016-120812-933x420.jpg 933w\" sizes=\"auto, (max-width: 2560px) 100vw, 2560px\" \/><\/p>\n<p>En face, Me Amadou Oury Diallo, avocat de la d\u00e9fense, reconna\u00eet certaines fautes de son client, mais conteste vigoureusement la th\u00e8se de l\u2019assassinat. Il tente de d\u00e9placer une partie de la responsabilit\u00e9 sur le personnel m\u00e9dical :<\/p>\n<p><em>\u00ab Je le reconnais, en tant qu\u2019avocat, mon client n\u2019aurait pas d\u00fb porter une arme charg\u00e9e. Mais une fois la femme bless\u00e9e, il a tout fait pour la sauver. Il l\u2019a lui-m\u00eame conduite \u00e0 l\u2019h\u00f4pital. Malheureusement, c\u2019est au niveau m\u00e9dical que les choses ont mal tourn\u00e9. On aurait d\u00fb d\u2019abord arr\u00eater l\u2019h\u00e9morragie et organiser un transfert rapide par ambulance. Ce manquement a co\u00fbt\u00e9 la vie \u00e0 la victime. \u00bb<\/em><\/p>\n<h3><\/h3>\n<p>Le tribunal a d\u00e9cid\u00e9 de renvoyer l\u2019affaire au mardi 28 octobre prochain. Cette prochaine audience permettra d\u2019entendre les t\u00e9moins, \u00e9l\u00e9ment cl\u00e9 pour \u00e9clairer davantage les zones d\u2019ombre qui planent sur cette affaire.<\/p>\n<p>&nbsp;<\/p>\n<p>&nbsp;<\/p>\n<p>Aboubacar Moussa Camara<\/p>\n<p>611 70 39 84<\/p>\n","protected":false},"excerpt":{"rendered":"<p>Le proc\u00e8s du margi-chef Thierno Abdoulaye Bald\u00e9, gendarme accus\u00e9 du meurtre de madame Koumba Keita, s\u2019est poursuivi ce mercredi 16 octobre 2025 devant le Tribunal militaire de premi\u00e8re instance permanent de Conakry. Les faits remontent au 26 septembre dernier dans le quartier Ansoumania, situ\u00e9 dans la commune urbaine de Kagb\u00e9l\u00e9n, o\u00f9 la victime aurait \u00e9t\u00e9 [&hellip;]<\/p>\n","protected":false},"author":2,"featured_media":5581,"comment_status":"closed","ping_status":"closed","sticky":false,"template":"","format":"standard","meta":{"_jetpack_memberships_contains_paid_content":false,"footnotes":"","jetpack_publicize_message":"","jetpack_publicize_feature_enabled":true,"jetpack_social_post_already_shared":true,"jetpack_social_options":{"image_generator_settings":{"template":"highway","default_image_id":0,"font":"","enabled":false},"version":2}},"categories":[30,24],"tags":[1231,1232,375],"class_list":{"0":"post-5580","1":"post","2":"type-post","3":"status-publish","4":"format-standard","5":"has-post-thumbnail","7":"category-faits-divers","8":"category-news","9":"tag-gendarme","10":"tag-militaire","11":"tag-meurtre"},"jetpack_publicize_connections":[],"jetpack_featured_media_url":"https:\/\/ledenonciateur224.com\/wp-content\/uploads\/2025\/10\/20251016-120056-scaled.jpg","jetpack_sharing_enabled":true,"_links":{"self":[{"href":"https:\/\/ledenonciateur224.com\/index.php\/wp-json\/wp\/v2\/posts\/5580","targetHints":{"allow":["GET"]}}],"collection":[{"href":"https:\/\/ledenonciateur224.com\/index.php\/wp-json\/wp\/v2\/posts"}],"about":[{"href":"https:\/\/ledenonciateur224.com\/index.php\/wp-json\/wp\/v2\/types\/post"}],"author":[{"embeddable":true,"href":"https:\/\/ledenonciateur224.com\/index.php\/wp-json\/wp\/v2\/users\/2"}],"replies":[{"embeddable":true,"href":"https:\/\/ledenonciateur224.com\/index.php\/wp-json\/wp\/v2\/comments?post=5580"}],"version-history":[{"count":0,"href":"https:\/\/ledenonciateur224.com\/index.php\/wp-json\/wp\/v2\/posts\/5580\/revisions"}],"wp:featuredmedia":[{"embeddable":true,"href":"https:\/\/ledenonciateur224.com\/index.php\/wp-json\/wp\/v2\/media\/5581"}],"wp:attachment":[{"href":"https:\/\/ledenonciateur224.com\/index.php\/wp-json\/wp\/v2\/media?parent=5580"}],"wp:term":[{"taxonomy":"category","embeddable":true,"href":"https:\/\/ledenonciateur224.com\/index.php\/wp-json\/wp\/v2\/categories?post=5580"},{"taxonomy":"post_tag","embeddable":true,"href":"https:\/\/ledenonciateur224.com\/index.php\/wp-json\/wp\/v2\/tags?post=5580"}],"curies":[{"name":"wp","href":"https:\/\/api.w.org\/{rel}","templated":true}]}}