{"id":5589,"date":"2025-10-17T08:58:41","date_gmt":"2025-10-17T08:58:41","guid":{"rendered":"https:\/\/ledenonciateur224.com\/?p=5589"},"modified":"2025-10-17T08:58:41","modified_gmt":"2025-10-17T08:58:41","slug":"retour-en-politique-sidya-toure-candidat-incontournable-de-lufr-pour-2025-malgre-les-doutes-sur-son-eligibilite","status":"publish","type":"post","link":"https:\/\/ledenonciateur224.com\/index.php\/retour-en-politique-sidya-toure-candidat-incontournable-de-lufr-pour-2025-malgre-les-doutes-sur-son-eligibilite\/","title":{"rendered":"Retour en politique : Sidya Tour\u00e9, candidat incontournable de l\u2019UFR pour 2025, malgr\u00e9 les doutes sur son \u00e9ligibilit\u00e9"},"content":{"rendered":"<p>Apr\u00e8s avoir obtenu sa certification officielle aupr\u00e8s du minist\u00e8re de l\u2019Administration du Territoire et de la D\u00e9centralisation (MATD), l\u2019Union des Forces R\u00e9publicaines (UFR) marque son retour sur la sc\u00e8ne politique guin\u00e9enne, avec un objectif clair : la pr\u00e9sidentielle du 28 d\u00e9cembre 2025.<\/p>\n<p>Le parti a imm\u00e9diatement d\u00e9sign\u00e9 son leader historique, Sidya Tour\u00e9, comme unique candidat. Malgr\u00e9 son exil depuis 2022, l\u2019ancien Premier ministre reste, selon les responsables du parti, la figure incontournable et irrempla\u00e7able de l\u2019UFR. \u201cS\u2019il ne se pr\u00e9sente pas, il n\u2019y aura pas d\u2019autre candidat\u201d, affirme avec insistance Mouctar Khalissa, secr\u00e9taire national du Conseil national des jeunes du parti.<\/p>\n<p>Cette r\u00e9habilitation politique est per\u00e7ue comme le r\u00e9sultat des efforts de l\u2019UFR pour r\u00e9pondre aux exigences administratives. Le parti entend d\u00e9sormais redynamiser ses structures de base, organiser des r\u00e9unions et se pr\u00e9parer activement \u00e0 la campagne pr\u00e9sidentielle.<\/p>\n<p>Cependant, un obstacle de taille pourrait contrarier ces ambitions : Sidya Tour\u00e9, octog\u00e9naire et non inscrit sur la liste \u00e9lectorale, pourrait \u00eatre jug\u00e9 in\u00e9ligible selon certaines dispositions constitutionnelles. Une situation qui pourrait ouvrir une p\u00e9riode d\u2019incertitude pour l\u2019UFR, malgr\u00e9 sa volont\u00e9 affich\u00e9e de revenir en force.<\/p>\n<p>&nbsp;<\/p>\n<p>&nbsp;<\/p>\n<p>Ledenonciateur224.com<\/p>\n","protected":false},"excerpt":{"rendered":"<p>Apr\u00e8s avoir obtenu sa certification officielle aupr\u00e8s du minist\u00e8re de l\u2019Administration du Territoire et de la D\u00e9centralisation (MATD), l\u2019Union des Forces R\u00e9publicaines (UFR) marque son retour sur la sc\u00e8ne politique guin\u00e9enne, avec un objectif clair : la pr\u00e9sidentielle du 28 d\u00e9cembre 2025. Le parti a imm\u00e9diatement d\u00e9sign\u00e9 son leader historique, Sidya Tour\u00e9, comme unique candidat. [&hellip;]<\/p>\n","protected":false},"author":2,"featured_media":5590,"comment_status":"closed","ping_status":"closed","sticky":false,"template":"","format":"standard","meta":{"_jetpack_memberships_contains_paid_content":false,"footnotes":"","jetpack_publicize_message":"","jetpack_publicize_feature_enabled":true,"jetpack_social_post_already_shared":true,"jetpack_social_options":{"image_generator_settings":{"template":"highway","default_image_id":0,"font":"","enabled":false},"version":2}},"categories":[24,27],"tags":[966,170],"class_list":{"0":"post-5589","1":"post","2":"type-post","3":"status-publish","4":"format-standard","5":"has-post-thumbnail","7":"category-news","8":"category-politique","9":"tag-presidentielle","10":"tag-sidya-toure"},"jetpack_publicize_connections":[],"jetpack_featured_media_url":"https:\/\/ledenonciateur224.com\/wp-content\/uploads\/2025\/10\/sidya-toure-0.jpg","jetpack_sharing_enabled":true,"_links":{"self":[{"href":"https:\/\/ledenonciateur224.com\/index.php\/wp-json\/wp\/v2\/posts\/5589","targetHints":{"allow":["GET"]}}],"collection":[{"href":"https:\/\/ledenonciateur224.com\/index.php\/wp-json\/wp\/v2\/posts"}],"about":[{"href":"https:\/\/ledenonciateur224.com\/index.php\/wp-json\/wp\/v2\/types\/post"}],"author":[{"embeddable":true,"href":"https:\/\/ledenonciateur224.com\/index.php\/wp-json\/wp\/v2\/users\/2"}],"replies":[{"embeddable":true,"href":"https:\/\/ledenonciateur224.com\/index.php\/wp-json\/wp\/v2\/comments?post=5589"}],"version-history":[{"count":0,"href":"https:\/\/ledenonciateur224.com\/index.php\/wp-json\/wp\/v2\/posts\/5589\/revisions"}],"wp:featuredmedia":[{"embeddable":true,"href":"https:\/\/ledenonciateur224.com\/index.php\/wp-json\/wp\/v2\/media\/5590"}],"wp:attachment":[{"href":"https:\/\/ledenonciateur224.com\/index.php\/wp-json\/wp\/v2\/media?parent=5589"}],"wp:term":[{"taxonomy":"category","embeddable":true,"href":"https:\/\/ledenonciateur224.com\/index.php\/wp-json\/wp\/v2\/categories?post=5589"},{"taxonomy":"post_tag","embeddable":true,"href":"https:\/\/ledenonciateur224.com\/index.php\/wp-json\/wp\/v2\/tags?post=5589"}],"curies":[{"name":"wp","href":"https:\/\/api.w.org\/{rel}","templated":true}]}}