{"id":5615,"date":"2025-10-20T07:18:21","date_gmt":"2025-10-20T07:18:21","guid":{"rendered":"https:\/\/ledenonciateur224.com\/?p=5615"},"modified":"2025-10-20T07:18:21","modified_gmt":"2025-10-20T07:18:21","slug":"justice-plusieurs-hauts-cadres-nommes-par-le-chef-de-letat","status":"publish","type":"post","link":"https:\/\/ledenonciateur224.com\/index.php\/justice-plusieurs-hauts-cadres-nommes-par-le-chef-de-letat\/","title":{"rendered":"Justice : Plusieurs hauts cadres nomm\u00e9s par le chef de l&rsquo;\u00c9tat"},"content":{"rendered":"<p>Le Pr\u00e9sident Mamadi Doumbouya a proc\u00e9d\u00e9 ce dimanche 19 octobre 2025, un vaste remaniement au Minist\u00e8re de la Justice et des Droits de l\u2019Homme. Aussi bien au sein du cabinet du ministre Yaya Kairaba Kaba qu\u2019au niveau des services d\u00e9centralis\u00e9s, le Chef de l\u2019Etat a effectu\u00e9 des changements. Ledenonciateur224.com vous propose ci-dessous la liste des cadres nomm\u00e9s et leurs fonctions.1.\u2060 \u2060<strong>Conseiller principal:<\/strong>\u00a0M. Abdoulaye Bald\u00e9,<\/p>\n<p><strong>2. Conseiller juridique:<\/strong>\u00a0M. Mamadi Diawara.<\/p>\n<p>3.\u2060 \u2060<strong>Conseiller charg\u00e9 des questions institutionnelles:<\/strong>\u00a0M. Nfamara Camara,<\/p>\n<p>4.\u2060 \u2060<strong>Conseiller charg\u00e9 des questions d\u2019\u00e9ducation surveill\u00e9e et de la protection judiciaire de la jeunesse<\/strong>: M. Ali Bader Kaba, pr\u00e9c\u00e9demment Conseiller charg\u00e9 du suivi et de la capitalisation des r\u00e9formes.<\/p>\n<p><strong>5. Conseiller charg\u00e9 du suivi et de la capitalisation des r\u00e9formes<\/strong>: M. Aim\u00e9 Rapha\u00ebl Haba, pr\u00e9c\u00e9demment, Conseiller charg\u00e9 des questions d\u2019\u00e9ducation surveill\u00e9e et de la protection judiciaire de la jeunesse.<\/p>\n<p><strong>6. Conseill\u00e8re charg\u00e9e de mission<\/strong>: Mme Ma\u00efmouna Dioubat\u00e9, pr\u00e9c\u00e9demment Assistante particuli\u00e8re du garde des Sceaux.<\/p>\n<p><strong>Magistrats et cadres<\/strong><\/p>\n<div id=\"afric-2827912809\" class=\"afric-contenu-2\"><ins class=\"adsbygoogle\" data-ad-layout=\"in-article\" data-ad-format=\"fluid\" data-ad-client=\"ca-pub-3296166907956863\" data-ad-slot=\"6042000791\" data-adsbygoogle-status=\"done\" data-ad-status=\"unfilled\"><\/p>\n<div id=\"aswift_2_host\"><\/div>\n<p><\/ins><\/div>\n<blockquote><p>1.\u2060 \u2060<strong>Inspecteur g\u00e9n\u00e9ral des services judiciaires et p\u00e9nitentiaires:<\/strong>\u00a0M. S\u00e9kou Ibrahima Soumah pr\u00e9c\u00e9demment, Pr\u00e9sident de section au tribunal de premi\u00e8re instance de Dixinn,<\/p>\n<p>2.\u2060 \u2060<strong>Inspectrice g\u00e9n\u00e9rale adjointe des services judiciaires et p\u00e9nitentiaires<\/strong>: Mme Th\u00e9r\u00e8se Yawa Tolno, pr\u00e9c\u00e9demment, Inspectrice des services judiciaires.<\/p>\n<p>3.\u2060 \u2060<strong>Inspecteurs:<\/strong>\u00a0M. Makan Oular\u00e9, M. Balak\u00e9 Fofana, Mme Fanta Toya Cond\u00e9, M. Boubacar Bah, M. Nyakoro Camara, M. Samba Sidib\u00e9, pr\u00e9c\u00e9demment Conseiller \u00e0 la cour d\u2019appel de Conakry, M. Seinkoun Kant\u00e9, pr\u00e9c\u00e9demment, Conseiller \u00e0 la cour d\u2019appel de Kankan, M. Mory Diallo, pr\u00e9c\u00e9demment, Conseiller \u00e0 la cour d\u2019appel de Conakry.<\/p>\n<p>4.\u2060 \u2060<strong>Directeur g\u00e9n\u00e9ral du bureau de strat\u00e9gie et de d\u00e9veloppement<\/strong>: M. Mohamed Lamine Samak\u00e9.<\/p>\n<p>5.\u2060 \u2060<strong>Directeur g\u00e9n\u00e9ral adjoint du bureau de strat\u00e9gie et de d\u00e9veloppement<\/strong>: M. S\u00e9kou Diaka Kaba, ing\u00e9nieur g\u00e9nie civil.<\/p>\n<p>6.\u2060 \u2060<strong>Directeur national de la justice de proximit\u00e9 et de la promotion de l\u2019acc\u00e8s aux droits<\/strong>: M. Ousmane Fofana, pr\u00e9c\u00e9demment Directeur national adjoint de la r\u00e9conciliation et de la solidarit\u00e9.<\/p>\n<p>7.\u2060 \u2060<strong>Directeur national adjoint de la justice de proximit\u00e9 et de la promotion de l\u2019acc\u00e8s aux droits<\/strong>: M. Robert 2 Kamano, pr\u00e9c\u00e9demment Directeur national adjoint des droits de l\u2019homme.<\/p>\n<p>8.\u2060 \u2060<strong>Directeur national des affaires criminelles et des gr\u00e2ces:<\/strong>\u00a0M. Amadou Oury Diallo, pr\u00e9c\u00e9demment, Procureur de la R\u00e9publique pr\u00e8s le TPI de Bok\u00e9.<\/p>\n<p><strong>9. Directeur national adjoint des affaires criminelles et des gr\u00e2ces<\/strong>: M. Abdoulaye Bintia Bangoura pr\u00e9c\u00e9demment, Juge de paix \u00e0 Guek\u00e9dou.<\/p>\n<p>10.\u2060 \u2060<strong>Directeur national des affaires civiles et du Sceau:<\/strong>\u00a0M. Als\u00e9ny Bah.<\/p>\n<p>11.<strong>Directeur national adjoint des affaires civiles et du Sceau:<\/strong>\u00a0\u00a0M. Souleymane Souar\u00e9.<\/p>\n<p><strong>12. Directeur national de la l\u00e9gislation:<\/strong>\u00a0M. Jean Tamba Kabadouno.<\/p>\n<p>13.\u2060 \u2060<strong>Directeur national adjoint de la l\u00e9gislation<\/strong>: M. Mamadi Nab\u00e9, juriste.<\/p>\n<p>14.\u2060 \u2060<strong>Directeur national de l\u2019administration p\u00e9nitentiaire et de la r\u00e9insertion<\/strong>: M. Mamadou Gandho Bah,<\/p>\n<p>15.\u2060 \u2060<strong>Directeur national adjoint de l\u2019administration p\u00e9nitentiaire et de la r\u00e9insertion<\/strong>: lieutenant-colonel Mamadi Cond\u00e9.<\/p>\n<p>16.\u2060 \u2060<strong>Directeur national de l\u2019\u00e9ducation surveill\u00e9e et de la protection judiciaire de la jeunesse<\/strong>: M. Sanoussy Beret\u00e9.<\/p>\n<p>17.<strong>Directeur national adjoint de l\u2019\u00e9ducation surveill\u00e9e et de la protection judiciaire de la jeunesse<\/strong>: M. Ansoumane Aminata Fofana.<\/p>\n<p><strong>18. Directeur national des droits de l\u2019homme<\/strong>: M. Abdoulaye Yattara, juriste.<\/p>\n<p>19.\u2060 \u2060<strong>Directrice nationale adjointe des droits de l\u2019homme:<\/strong>\u00a0Mme Noun Koumba Sy, pr\u00e9c\u00e9demment enseignante-chercheuse \u00e0 l\u2019Institut sup\u00e9rieur des sciences de l\u2019\u00e9ducation de Guin\u00e9e, ISSEG.<\/p>\n<p><strong>20. Directeur national de la r\u00e9conciliation et de la solidarit\u00e9<\/strong>: M. Souleymane Cissoko.<\/p>\n<p><strong>21. Directeur national des infrastructures judiciaires et p\u00e9nitentiaires<\/strong>: M. Alpha Kabinet Kaba, pr\u00e9c\u00e9demment chef du d\u00e9partement construction et r\u00e9novation au service national des infrastructures et \u00e9quipements scolaires.<\/p>\n<p>22.\u2060 \u2060<strong>Directeur national adjoint des infrastructures judiciaires et p\u00e9nitentiaires<\/strong>: \u00a0M. Ibrahima Sory Ali Camara, ing\u00e9nieur statisticien.<\/p>\n<p>23<strong>. Secr\u00e9taire ex\u00e9cutif de la chambre d\u2019arbitrage<\/strong>: Ali Badra Ahou, juriste, pr\u00e9c\u00e9demment conseiller charg\u00e9 de mission au minist\u00e8re de la justice.<\/p>\n<p>24.\u2060 \u2060<strong>Directeur g\u00e9n\u00e9ral du centre de formation judiciaire:<\/strong>\u00a0M. Alhassane Naby Camara.<\/p>\n<p>25.\u2060 \u2060<strong>Directeur g\u00e9n\u00e9ral adjoint du centre de formation judiciaire<\/strong>: M. Boubacar Afia Bah, pr\u00e9c\u00e9demment pr\u00e9sident de chambre \u00e0 la cour d\u2019appel de Kancan.<\/p>\n<p>26.<strong>Directeur g\u00e9n\u00e9ral du service du casier judiciaire central:<\/strong>\u00a0M. Boubacar Bald\u00e9.<\/p>\n<p>27<strong>.<\/strong><strong>\u2060<\/strong>\u00a0<strong>\u2060<\/strong><strong>Directrice g\u00e9n\u00e9rale adjointe du service du casier judiciaire central<\/strong>: Mme Sarata Djogo Bald\u00e9, pr\u00e9c\u00e9demment cheffe de la division administration p\u00e9nitentiaire et de la r\u00e9insertion.<\/p>\n<p>28.\u2060 \u2060<strong>Directeur g\u00e9n\u00e9ral du fonds d\u2019Aide \u00a0juridictionnel<\/strong>: M. Yamoussa Cont\u00e9, pr\u00e9c\u00e9demment secr\u00e9taire ex\u00e9cutive de la chambre d\u2019arbitrage de Guin\u00e9e.<\/p>\n<p>29.<strong>Directeur g\u00e9n\u00e9ral adjoint du Fonds d\u2019Aide juridictionnel<\/strong>: M. Lamine Kaba, pr\u00e9c\u00e9demment directeur g\u00e9n\u00e9ral adjoint du CFJ.<\/p>\n<p>30.\u2060 \u2060<strong>Directeur g\u00e9n\u00e9ral de l\u2019agence de gestion et de recouvrement des avoirs saisis et confisqu\u00e9s<\/strong>: M. Mohamed Diawara, pr\u00e9c\u00e9demment pr\u00e9sident du tribunal du travail de Conakry.<\/p>\n<p>31.\u2060 \u2060<strong>Directeur g\u00e9n\u00e9ral adjoint de l\u2019agence de gestion et de recouvrement des avoirs saisis et confisqu\u00e9s<\/strong>: M. Ch\u00e9rif Diallo.<\/p>\n<p><strong>32. Pr\u00e9sident de la commission nationale de l\u2019organisation pour l\u2019harmonisation en Afrique du droit des affaires<\/strong>: M. Sekou Kand\u00e9, pr\u00e9sident du tribunal du commerce.<\/p>\n<p>33.\u2060 \u2060<strong>Secr\u00e9taire ex\u00e9cutif du conseil sup\u00e9rieur de la magistrature<\/strong>: M. Alpha Saliou Barry.<\/p>\n<p>&nbsp;<\/p><\/blockquote>\n<p>Ledenonciateur224.com<\/p>\n","protected":false},"excerpt":{"rendered":"<p>Le Pr\u00e9sident Mamadi Doumbouya a proc\u00e9d\u00e9 ce dimanche 19 octobre 2025, un vaste remaniement au Minist\u00e8re de la Justice et des Droits de l\u2019Homme. Aussi bien au sein du cabinet du ministre Yaya Kairaba Kaba qu\u2019au niveau des services d\u00e9centralis\u00e9s, le Chef de l\u2019Etat a effectu\u00e9 des changements. Ledenonciateur224.com vous propose ci-dessous la liste des [&hellip;]<\/p>\n","protected":false},"author":2,"featured_media":5616,"comment_status":"closed","ping_status":"closed","sticky":false,"template":"","format":"standard","meta":{"_jetpack_memberships_contains_paid_content":false,"footnotes":"","jetpack_publicize_message":"","jetpack_publicize_feature_enabled":true,"jetpack_social_post_already_shared":true,"jetpack_social_options":{"image_generator_settings":{"template":"highway","default_image_id":0,"font":"","enabled":false},"version":2}},"categories":[30,24],"tags":[],"class_list":{"0":"post-5615","1":"post","2":"type-post","3":"status-publish","4":"format-standard","5":"has-post-thumbnail","7":"category-faits-divers","8":"category-news"},"jetpack_publicize_connections":[],"jetpack_featured_media_url":"https:\/\/ledenonciateur224.com\/wp-content\/uploads\/2025\/10\/97fb7ad0-0f28-49f9-a7f6-2032e796e98e.webp","jetpack_sharing_enabled":true,"_links":{"self":[{"href":"https:\/\/ledenonciateur224.com\/index.php\/wp-json\/wp\/v2\/posts\/5615","targetHints":{"allow":["GET"]}}],"collection":[{"href":"https:\/\/ledenonciateur224.com\/index.php\/wp-json\/wp\/v2\/posts"}],"about":[{"href":"https:\/\/ledenonciateur224.com\/index.php\/wp-json\/wp\/v2\/types\/post"}],"author":[{"embeddable":true,"href":"https:\/\/ledenonciateur224.com\/index.php\/wp-json\/wp\/v2\/users\/2"}],"replies":[{"embeddable":true,"href":"https:\/\/ledenonciateur224.com\/index.php\/wp-json\/wp\/v2\/comments?post=5615"}],"version-history":[{"count":0,"href":"https:\/\/ledenonciateur224.com\/index.php\/wp-json\/wp\/v2\/posts\/5615\/revisions"}],"wp:featuredmedia":[{"embeddable":true,"href":"https:\/\/ledenonciateur224.com\/index.php\/wp-json\/wp\/v2\/media\/5616"}],"wp:attachment":[{"href":"https:\/\/ledenonciateur224.com\/index.php\/wp-json\/wp\/v2\/media?parent=5615"}],"wp:term":[{"taxonomy":"category","embeddable":true,"href":"https:\/\/ledenonciateur224.com\/index.php\/wp-json\/wp\/v2\/categories?post=5615"},{"taxonomy":"post_tag","embeddable":true,"href":"https:\/\/ledenonciateur224.com\/index.php\/wp-json\/wp\/v2\/tags?post=5615"}],"curies":[{"name":"wp","href":"https:\/\/api.w.org\/{rel}","templated":true}]}}