{"id":5635,"date":"2025-10-21T20:34:42","date_gmt":"2025-10-21T20:34:42","guid":{"rendered":"https:\/\/ledenonciateur224.com\/?p=5635"},"modified":"2025-10-21T20:34:42","modified_gmt":"2025-10-21T20:34:42","slug":"fierte-nationale-lananas-baronne-et-le-lepis-de-guinee-officiellement-labellises-par-loapi","status":"publish","type":"post","link":"https:\/\/ledenonciateur224.com\/index.php\/fierte-nationale-lananas-baronne-et-le-lepis-de-guinee-officiellement-labellises-par-loapi\/","title":{"rendered":"Fiert\u00e9 nationale : l\u2019ananas Baronne et le l\u00e9pis de Guin\u00e9e officiellement labellis\u00e9s par l\u2019OAPI"},"content":{"rendered":"<p><strong>Conakry, le 21 octobre 2025<\/strong>\u00a0\u2013 Une \u00e9tape majeure vient d\u2019\u00eatre franchie pour la valorisation des produits du terroir guin\u00e9en. Le Premier ministre\u00a0<strong>Amadou Oury Bah<\/strong>\u00a0a re\u00e7u en audience une d\u00e9l\u00e9gation de l\u2019<strong>Organisation Africaine de la Propri\u00e9t\u00e9 Intellectuelle (OAPI)<\/strong>, conduite par son Directeur g\u00e9n\u00e9ral,\u00a0<strong>M. Denis L. Bohoussou<\/strong>, venue remettre officiellement les\u00a0<strong>certificats d\u2019indications g\u00e9ographiques<\/strong>\u00a0pour deux produits embl\u00e9matiques de la Guin\u00e9e :\u00a0<strong>l\u2019ananas Baronne de Guin\u00e9e<\/strong>\u00a0et le\u00a0<strong>l\u00e9pis de Guin\u00e9e<\/strong>.<\/p>\n<p><img loading=\"lazy\" decoding=\"async\" class=\"alignnone size-full wp-image-5636\" src=\"https:\/\/ledenonciateur224.com\/wp-content\/uploads\/2025\/10\/fb-img-1761078197732.jpg\" alt=\"\" width=\"1440\" height=\"1258\" srcset=\"https:\/\/ledenonciateur224.com\/wp-content\/uploads\/2025\/10\/fb-img-1761078197732.jpg 1440w, https:\/\/ledenonciateur224.com\/wp-content\/uploads\/2025\/10\/fb-img-1761078197732-300x262.jpg 300w, https:\/\/ledenonciateur224.com\/wp-content\/uploads\/2025\/10\/fb-img-1761078197732-1024x895.jpg 1024w, https:\/\/ledenonciateur224.com\/wp-content\/uploads\/2025\/10\/fb-img-1761078197732-768x671.jpg 768w, https:\/\/ledenonciateur224.com\/wp-content\/uploads\/2025\/10\/fb-img-1761078197732-150x131.jpg 150w, https:\/\/ledenonciateur224.com\/wp-content\/uploads\/2025\/10\/fb-img-1761078197732-696x608.jpg 696w, https:\/\/ledenonciateur224.com\/wp-content\/uploads\/2025\/10\/fb-img-1761078197732-1068x933.jpg 1068w, https:\/\/ledenonciateur224.com\/wp-content\/uploads\/2025\/10\/fb-img-1761078197732-481x420.jpg 481w\" sizes=\"auto, (max-width: 1440px) 100vw, 1440px\" \/><\/p>\n<p>Introduite par\u00a0<strong>Madame la Ministre de l\u2019Industrie et des PME<\/strong>, la d\u00e9l\u00e9gation a expos\u00e9 au Chef du Gouvernement les diff\u00e9rentes \u00e9tapes ayant conduit \u00e0 cette labellisation. Ce processus rigoureux vise \u00e0\u00a0<strong>prot\u00e9ger l\u2019origine, la qualit\u00e9 et la renomm\u00e9e<\/strong>\u00a0de ces produits, tout en leur offrant un\u00a0<strong>acc\u00e8s privil\u00e9gi\u00e9 aux march\u00e9s r\u00e9gionaux et internationaux<\/strong>.<\/p>\n<p><img loading=\"lazy\" decoding=\"async\" class=\"alignnone size-full wp-image-5637\" src=\"https:\/\/ledenonciateur224.com\/wp-content\/uploads\/2025\/10\/fb-img-1761078230933.jpg\" alt=\"\" width=\"1440\" height=\"736\" srcset=\"https:\/\/ledenonciateur224.com\/wp-content\/uploads\/2025\/10\/fb-img-1761078230933.jpg 1440w, https:\/\/ledenonciateur224.com\/wp-content\/uploads\/2025\/10\/fb-img-1761078230933-300x153.jpg 300w, https:\/\/ledenonciateur224.com\/wp-content\/uploads\/2025\/10\/fb-img-1761078230933-1024x523.jpg 1024w, https:\/\/ledenonciateur224.com\/wp-content\/uploads\/2025\/10\/fb-img-1761078230933-768x393.jpg 768w, https:\/\/ledenonciateur224.com\/wp-content\/uploads\/2025\/10\/fb-img-1761078230933-150x77.jpg 150w, https:\/\/ledenonciateur224.com\/wp-content\/uploads\/2025\/10\/fb-img-1761078230933-696x356.jpg 696w, https:\/\/ledenonciateur224.com\/wp-content\/uploads\/2025\/10\/fb-img-1761078230933-1068x546.jpg 1068w, https:\/\/ledenonciateur224.com\/wp-content\/uploads\/2025\/10\/fb-img-1761078230933-822x420.jpg 822w\" sizes=\"auto, (max-width: 1440px) 100vw, 1440px\" \/> <img loading=\"lazy\" decoding=\"async\" class=\"alignnone size-full wp-image-5638\" src=\"https:\/\/ledenonciateur224.com\/wp-content\/uploads\/2025\/10\/fb-img-1761078217943.jpg\" alt=\"\" width=\"1156\" height=\"1440\" srcset=\"https:\/\/ledenonciateur224.com\/wp-content\/uploads\/2025\/10\/fb-img-1761078217943.jpg 1156w, https:\/\/ledenonciateur224.com\/wp-content\/uploads\/2025\/10\/fb-img-1761078217943-241x300.jpg 241w, https:\/\/ledenonciateur224.com\/wp-content\/uploads\/2025\/10\/fb-img-1761078217943-822x1024.jpg 822w, https:\/\/ledenonciateur224.com\/wp-content\/uploads\/2025\/10\/fb-img-1761078217943-768x957.jpg 768w, https:\/\/ledenonciateur224.com\/wp-content\/uploads\/2025\/10\/fb-img-1761078217943-150x187.jpg 150w, https:\/\/ledenonciateur224.com\/wp-content\/uploads\/2025\/10\/fb-img-1761078217943-300x374.jpg 300w, https:\/\/ledenonciateur224.com\/wp-content\/uploads\/2025\/10\/fb-img-1761078217943-696x867.jpg 696w, https:\/\/ledenonciateur224.com\/wp-content\/uploads\/2025\/10\/fb-img-1761078217943-1068x1330.jpg 1068w, https:\/\/ledenonciateur224.com\/wp-content\/uploads\/2025\/10\/fb-img-1761078217943-337x420.jpg 337w\" sizes=\"auto, (max-width: 1156px) 100vw, 1156px\" \/><\/p>\n<p>Au-del\u00e0 de cette reconnaissance, l\u2019OAPI a plaid\u00e9 pour l\u2019<strong>\u00e9largissement de cette d\u00e9marche \u00e0 d\u2019autres fili\u00e8res locales<\/strong>, porteuses d\u2019un fort potentiel \u00e9conomique et identitaire. Cette initiative s\u2019inscrit dans une vision plus large de\u00a0<strong>promotion de la propri\u00e9t\u00e9 intellectuelle comme levier de d\u00e9veloppement<\/strong>, de valorisation du savoir-faire traditionnel, et de lutte contre la contrefa\u00e7on.<\/p>\n<p>Avec cette double labellisation, la Guin\u00e9e affirme son engagement en faveur de la\u00a0<strong>protection de son patrimoine agricole et culturel<\/strong>, tout en offrant \u00e0 ses producteurs de nouvelles perspectives de croissance et de comp\u00e9titivit\u00e9.<\/p>\n<p>&nbsp;<\/p>\n<p>Cellule de Communication<\/p>\n","protected":false},"excerpt":{"rendered":"<p>Conakry, le 21 octobre 2025\u00a0\u2013 Une \u00e9tape majeure vient d\u2019\u00eatre franchie pour la valorisation des produits du terroir guin\u00e9en. Le Premier ministre\u00a0Amadou Oury Bah\u00a0a re\u00e7u en audience une d\u00e9l\u00e9gation de l\u2019Organisation Africaine de la Propri\u00e9t\u00e9 Intellectuelle (OAPI), conduite par son Directeur g\u00e9n\u00e9ral,\u00a0M. Denis L. Bohoussou, venue remettre officiellement les\u00a0certificats d\u2019indications g\u00e9ographiques\u00a0pour deux produits embl\u00e9matiques de [&hellip;]<\/p>\n","protected":false},"author":2,"featured_media":5637,"comment_status":"closed","ping_status":"closed","sticky":false,"template":"","format":"standard","meta":{"_jetpack_memberships_contains_paid_content":false,"footnotes":"","jetpack_publicize_message":"","jetpack_publicize_feature_enabled":true,"jetpack_social_post_already_shared":true,"jetpack_social_options":{"image_generator_settings":{"template":"highway","default_image_id":0,"font":"","enabled":false},"version":2}},"categories":[29,24],"tags":[556],"class_list":{"0":"post-5635","1":"post","2":"type-post","3":"status-publish","4":"format-standard","5":"has-post-thumbnail","7":"category-economie","8":"category-news","9":"tag-industrie"},"jetpack_publicize_connections":[],"jetpack_featured_media_url":"https:\/\/ledenonciateur224.com\/wp-content\/uploads\/2025\/10\/fb-img-1761078230933.jpg","jetpack_sharing_enabled":true,"_links":{"self":[{"href":"https:\/\/ledenonciateur224.com\/index.php\/wp-json\/wp\/v2\/posts\/5635","targetHints":{"allow":["GET"]}}],"collection":[{"href":"https:\/\/ledenonciateur224.com\/index.php\/wp-json\/wp\/v2\/posts"}],"about":[{"href":"https:\/\/ledenonciateur224.com\/index.php\/wp-json\/wp\/v2\/types\/post"}],"author":[{"embeddable":true,"href":"https:\/\/ledenonciateur224.com\/index.php\/wp-json\/wp\/v2\/users\/2"}],"replies":[{"embeddable":true,"href":"https:\/\/ledenonciateur224.com\/index.php\/wp-json\/wp\/v2\/comments?post=5635"}],"version-history":[{"count":0,"href":"https:\/\/ledenonciateur224.com\/index.php\/wp-json\/wp\/v2\/posts\/5635\/revisions"}],"wp:featuredmedia":[{"embeddable":true,"href":"https:\/\/ledenonciateur224.com\/index.php\/wp-json\/wp\/v2\/media\/5637"}],"wp:attachment":[{"href":"https:\/\/ledenonciateur224.com\/index.php\/wp-json\/wp\/v2\/media?parent=5635"}],"wp:term":[{"taxonomy":"category","embeddable":true,"href":"https:\/\/ledenonciateur224.com\/index.php\/wp-json\/wp\/v2\/categories?post=5635"},{"taxonomy":"post_tag","embeddable":true,"href":"https:\/\/ledenonciateur224.com\/index.php\/wp-json\/wp\/v2\/tags?post=5635"}],"curies":[{"name":"wp","href":"https:\/\/api.w.org\/{rel}","templated":true}]}}