{"id":5643,"date":"2025-10-22T14:15:15","date_gmt":"2025-10-22T14:15:15","guid":{"rendered":"https:\/\/ledenonciateur224.com\/?p=5643"},"modified":"2025-10-22T14:15:15","modified_gmt":"2025-10-22T14:15:15","slug":"fierte-nationale-lananas-baronne-de-friguiagbe-et-le-leppi-de-guinee-desormais-proteges-par-une-indication-geographique","status":"publish","type":"post","link":"https:\/\/ledenonciateur224.com\/index.php\/fierte-nationale-lananas-baronne-de-friguiagbe-et-le-leppi-de-guinee-desormais-proteges-par-une-indication-geographique\/","title":{"rendered":"Fiert\u00e9 nationale : l\u2019ananas Baronne de Friguiagb\u00e9 et le l\u00e9ppi de Guin\u00e9e d\u00e9sormais prot\u00e9g\u00e9s par une Indication G\u00e9ographique"},"content":{"rendered":"<p><strong>Conakry, 22 octobre 2025<\/strong>\u00a0\u2013 La R\u00e9publique de Guin\u00e9e vient de franchir un tournant historique dans la valorisation de son patrimoine agricole et artisanal. Deux produits embl\u00e9matiques du terroir guin\u00e9en \u2013 l\u2019ananas Baronne de Friguiagb\u00e9 et le l\u00e9ppi de Guin\u00e9e \u2013 viennent d\u2019obtenir officiellement leur enregistrement en tant qu\u2019<strong>Indications G\u00e9ographiques Prot\u00e9g\u00e9es (IGP)<\/strong>, lors d\u2019une c\u00e9r\u00e9monie solennelle tenue ce mercredi \u00e0 Conakry.<\/p>\n<p>Cet \u00e9v\u00e9nement marque une \u00e9tape cruciale dans la strat\u00e9gie de d\u00e9veloppement \u00e9conomique durable de la Guin\u00e9e, ax\u00e9e sur la transformation locale, l\u2019identit\u00e9 culturelle et la comp\u00e9titivit\u00e9 internationale.<\/p>\n<p><img loading=\"lazy\" decoding=\"async\" class=\"alignnone size-full wp-image-5644\" src=\"https:\/\/ledenonciateur224.com\/wp-content\/uploads\/2025\/10\/fb-img-1761141989309.jpg\" alt=\"\" width=\"2048\" height=\"1364\" srcset=\"https:\/\/ledenonciateur224.com\/wp-content\/uploads\/2025\/10\/fb-img-1761141989309.jpg 2048w, https:\/\/ledenonciateur224.com\/wp-content\/uploads\/2025\/10\/fb-img-1761141989309-300x200.jpg 300w, https:\/\/ledenonciateur224.com\/wp-content\/uploads\/2025\/10\/fb-img-1761141989309-1024x682.jpg 1024w, https:\/\/ledenonciateur224.com\/wp-content\/uploads\/2025\/10\/fb-img-1761141989309-768x512.jpg 768w, https:\/\/ledenonciateur224.com\/wp-content\/uploads\/2025\/10\/fb-img-1761141989309-1536x1023.jpg 1536w, https:\/\/ledenonciateur224.com\/wp-content\/uploads\/2025\/10\/fb-img-1761141989309-150x100.jpg 150w, https:\/\/ledenonciateur224.com\/wp-content\/uploads\/2025\/10\/fb-img-1761141989309-696x464.jpg 696w, https:\/\/ledenonciateur224.com\/wp-content\/uploads\/2025\/10\/fb-img-1761141989309-1068x711.jpg 1068w, https:\/\/ledenonciateur224.com\/wp-content\/uploads\/2025\/10\/fb-img-1761141989309-1920x1279.jpg 1920w, https:\/\/ledenonciateur224.com\/wp-content\/uploads\/2025\/10\/fb-img-1761141989309-631x420.jpg 631w\" sizes=\"auto, (max-width: 2048px) 100vw, 2048px\" \/><\/p>\n<p>L\u2019<strong>Organisation Africaine de la Propri\u00e9t\u00e9 Intellectuelle (OAPI)<\/strong>\u00a0a proc\u00e9d\u00e9 \u00e0 la remise officielle des certificats d\u2019enregistrement de ces deux IGP au gouvernement guin\u00e9en, repr\u00e9sent\u00e9 par le\u00a0<strong>minist\u00e8re de l\u2019Industrie et des Petites et Moyennes Entreprises<\/strong>. La c\u00e9r\u00e9monie s\u2019est tenue en pr\u00e9sence de plusieurs membres du gouvernement, dont la ministre du Commerce, le ministre de la Culture et de l\u2019Artisanat, ainsi que de nombreux acteurs impliqu\u00e9s dans le processus.<\/p>\n<p>Dans un discours vibrant, empreint de fiert\u00e9 et de solennit\u00e9, la\u00a0<strong>ministre de l\u2019Industrie et des PME<\/strong>, \u00e9galement\u00a0<strong>administratrice de l\u2019OAPI pour la Guin\u00e9e<\/strong>,\u00a0<strong>Dre Diaka Sidib\u00e9<\/strong>, a salu\u00e9 cette avanc\u00e9e comme une victoire strat\u00e9gique pour l\u2019\u00e9conomie nationale :<\/p>\n<p><img loading=\"lazy\" decoding=\"async\" class=\"alignnone size-full wp-image-5645\" src=\"https:\/\/ledenonciateur224.com\/wp-content\/uploads\/2025\/10\/fb-img-1761141981702.jpg\" alt=\"\" width=\"2048\" height=\"1364\" srcset=\"https:\/\/ledenonciateur224.com\/wp-content\/uploads\/2025\/10\/fb-img-1761141981702.jpg 2048w, https:\/\/ledenonciateur224.com\/wp-content\/uploads\/2025\/10\/fb-img-1761141981702-300x200.jpg 300w, https:\/\/ledenonciateur224.com\/wp-content\/uploads\/2025\/10\/fb-img-1761141981702-1024x682.jpg 1024w, https:\/\/ledenonciateur224.com\/wp-content\/uploads\/2025\/10\/fb-img-1761141981702-768x512.jpg 768w, https:\/\/ledenonciateur224.com\/wp-content\/uploads\/2025\/10\/fb-img-1761141981702-1536x1023.jpg 1536w, https:\/\/ledenonciateur224.com\/wp-content\/uploads\/2025\/10\/fb-img-1761141981702-150x100.jpg 150w, https:\/\/ledenonciateur224.com\/wp-content\/uploads\/2025\/10\/fb-img-1761141981702-696x464.jpg 696w, https:\/\/ledenonciateur224.com\/wp-content\/uploads\/2025\/10\/fb-img-1761141981702-1068x711.jpg 1068w, https:\/\/ledenonciateur224.com\/wp-content\/uploads\/2025\/10\/fb-img-1761141981702-1920x1279.jpg 1920w, https:\/\/ledenonciateur224.com\/wp-content\/uploads\/2025\/10\/fb-img-1761141981702-631x420.jpg 631w\" sizes=\"auto, (max-width: 2048px) 100vw, 2048px\" \/><\/p>\n<p><em>\u00ab La R\u00e9publique de Guin\u00e9e franchit aujourd\u2019hui une \u00e9tape majeure de son histoire \u00e9conomique et identitaire. (\u2026) L\u2019ananas Baronne de Friguiagb\u00e9 et le l\u00e9ppi de Guin\u00e9e ne sont pas de simples produits, ce sont des fili\u00e8res porteuses d\u2019identit\u00e9 nationale, de valeur ajout\u00e9e et d\u2019opportunit\u00e9s \u00e9conomiques. \u00bb<\/em><\/p>\n<p>Elle a soulign\u00e9 que cette labellisation IGP offre d\u00e9sormais\u00a0<strong>des garanties d\u2019authenticit\u00e9, de qualit\u00e9 et de tra\u00e7abilit\u00e9<\/strong>\u00a0aux consommateurs, tout en\u00a0<strong>prot\u00e9geant les savoir-faire traditionnels<\/strong>\u00a0et en renfor\u00e7ant la comp\u00e9titivit\u00e9 des produits guin\u00e9ens sur les march\u00e9s internationaux.<\/p>\n<p>La ministre a tenu \u00e0 inscrire cette reconnaissance dans la vision globale du Pr\u00e9sident de la R\u00e9publique,\u00a0<strong>G\u00e9n\u00e9ral Mamadi Doumbouya<\/strong>, et de son Premier ministre,\u00a0<strong>Amadou Oury Bah<\/strong>, ax\u00e9e sur la construction de cha\u00eenes de valeur industrielles solides et souveraines :<\/p>\n<p><img loading=\"lazy\" decoding=\"async\" class=\"alignnone size-full wp-image-5646\" src=\"https:\/\/ledenonciateur224.com\/wp-content\/uploads\/2025\/10\/fb-img-1761141975117.jpg\" alt=\"\" width=\"1364\" height=\"2048\" srcset=\"https:\/\/ledenonciateur224.com\/wp-content\/uploads\/2025\/10\/fb-img-1761141975117.jpg 1364w, https:\/\/ledenonciateur224.com\/wp-content\/uploads\/2025\/10\/fb-img-1761141975117-200x300.jpg 200w, https:\/\/ledenonciateur224.com\/wp-content\/uploads\/2025\/10\/fb-img-1761141975117-682x1024.jpg 682w, https:\/\/ledenonciateur224.com\/wp-content\/uploads\/2025\/10\/fb-img-1761141975117-768x1153.jpg 768w, https:\/\/ledenonciateur224.com\/wp-content\/uploads\/2025\/10\/fb-img-1761141975117-1023x1536.jpg 1023w, https:\/\/ledenonciateur224.com\/wp-content\/uploads\/2025\/10\/fb-img-1761141975117-150x225.jpg 150w, https:\/\/ledenonciateur224.com\/wp-content\/uploads\/2025\/10\/fb-img-1761141975117-300x450.jpg 300w, https:\/\/ledenonciateur224.com\/wp-content\/uploads\/2025\/10\/fb-img-1761141975117-696x1045.jpg 696w, https:\/\/ledenonciateur224.com\/wp-content\/uploads\/2025\/10\/fb-img-1761141975117-1068x1604.jpg 1068w, https:\/\/ledenonciateur224.com\/wp-content\/uploads\/2025\/10\/fb-img-1761141975117-280x420.jpg 280w\" sizes=\"auto, (max-width: 1364px) 100vw, 1364px\" \/><\/p>\n<p><em>\u00ab Gr\u00e2ce \u00e0 ce partenariat strat\u00e9gique avec l\u2019OAPI, la Guin\u00e9e a pu franchir toutes les \u00e9tapes n\u00e9cessaires \u00e0 l\u2019enregistrement international de ses indications g\u00e9ographiques, ouvrant la voie \u00e0 une nouvelle comp\u00e9titivit\u00e9. \u00bb<\/em><\/p>\n<p>Elle a \u00e9galement salu\u00e9 l\u2019appui d\u00e9terminant de la\u00a0<strong>Direction g\u00e9n\u00e9rale du Service national de la propri\u00e9t\u00e9 industrielle et de l\u2019innovation technologique<\/strong>, ainsi que l\u2019implication active des producteurs, des autorit\u00e9s locales et des partenaires techniques.<\/p>\n<h3><\/h3>\n<p>Prenant la parole \u00e0 son tour,\u00a0<strong>le Directeur G\u00e9n\u00e9ral de l\u2019OAPI<\/strong>,\u00a0<strong>M. Denis Loukou Bohoussou<\/strong>, a f\u00e9licit\u00e9 la Guin\u00e9e pour son engagement constant dans la valorisation de ses produits du terroir. Il a rappel\u00e9 l\u2019importance strat\u00e9gique de ces d\u00e9marches de labellisation pour les \u00e9conomies africaines, soulignant que la Guin\u00e9e est pionni\u00e8re dans ce domaine :<\/p>\n<p><em>\u00ab Le Caf\u00e9 Ziama Macenta a \u00e9t\u00e9 la premi\u00e8re IGP enregistr\u00e9e en Afrique subsaharienne en 2013. Aujourd\u2019hui, l\u2019ananas Baronne de Friguiagb\u00e9 et le l\u00e9ppi de Guin\u00e9e viennent renforcer cette dynamique, positionnant la Guin\u00e9e parmi les leaders africains de la protection des produits locaux \u00e0 forte valeur ajout\u00e9e. \u00bb<\/em><\/p>\n<p>M. Bohoussou a salu\u00e9 les\u00a0<strong>sacrifices consentis par les producteurs<\/strong>, qui ont adh\u00e9r\u00e9 \u00e0 une d\u00e9marche exigeante de qualit\u00e9 et de conformit\u00e9, en d\u00e9pit des nombreuses contraintes :<\/p>\n<p><em>\u00ab \u00c0 compter de ce jour, ces producteurs d\u00e9tiennent un outil pr\u00e9cieux de d\u00e9veloppement. Ils doivent se l\u2019approprier pleinement pour b\u00e2tir une fili\u00e8re durable. \u00bb<\/em><\/p>\n<h3><\/h3>\n<p>Au-del\u00e0 de la reconnaissance formelle, cette labellisation repr\u00e9sente un v\u00e9ritable levier de\u00a0<strong>cr\u00e9ation d\u2019emplois non d\u00e9localisables<\/strong>, de\u00a0<strong>coh\u00e9sion sociale en zones rurales<\/strong>, mais aussi de\u00a0<strong>rayonnement culturel<\/strong>\u00a0pour la Guin\u00e9e, d\u00e9sormais dot\u00e9e d\u2019une\u00a0<strong>vitrine d\u2019excellence dans les \u00e9changes commerciaux r\u00e9gionaux et internationaux<\/strong>.<\/p>\n<p>La ministre a conclu en renouvelant ses remerciements \u00e0 tous les acteurs impliqu\u00e9s dans ce processus long mais fructueux, et en r\u00e9affirmant l\u2019engagement de l\u2019\u00c9tat \u00e0 soutenir les fili\u00e8res locales strat\u00e9giques.<\/p>\n<p><em>\u00ab Vive la coop\u00e9ration entre la Guin\u00e9e et l\u2019OAPI. Vive la R\u00e9publique de Guin\u00e9e ! \u00bb<\/em><\/p>\n<p>&nbsp;<\/p>\n<p>Aboubacar Moussa Camara<\/p>\n<p>611 70 39 84<\/p>\n","protected":false},"excerpt":{"rendered":"<p>Conakry, 22 octobre 2025\u00a0\u2013 La R\u00e9publique de Guin\u00e9e vient de franchir un tournant historique dans la valorisation de son patrimoine agricole et artisanal. Deux produits embl\u00e9matiques du terroir guin\u00e9en \u2013 l\u2019ananas Baronne de Friguiagb\u00e9 et le l\u00e9ppi de Guin\u00e9e \u2013 viennent d\u2019obtenir officiellement leur enregistrement en tant qu\u2019Indications G\u00e9ographiques Prot\u00e9g\u00e9es (IGP), lors d\u2019une c\u00e9r\u00e9monie solennelle [&hellip;]<\/p>\n","protected":false},"author":2,"featured_media":5647,"comment_status":"closed","ping_status":"closed","sticky":false,"template":"","format":"standard","meta":{"_jetpack_memberships_contains_paid_content":false,"footnotes":"","jetpack_publicize_message":"","jetpack_publicize_feature_enabled":true,"jetpack_social_post_already_shared":true,"jetpack_social_options":{"image_generator_settings":{"template":"highway","default_image_id":0,"font":"","enabled":false},"version":2}},"categories":[29,24],"tags":[1242,1241,1243],"class_list":{"0":"post-5643","1":"post","2":"type-post","3":"status-publish","4":"format-standard","5":"has-post-thumbnail","7":"category-economie","8":"category-news","9":"tag-ananas","10":"tag-leppi","11":"tag-oapi"},"jetpack_publicize_connections":[],"jetpack_featured_media_url":"https:\/\/ledenonciateur224.com\/wp-content\/uploads\/2025\/10\/fb-img-1761141968606.jpg","jetpack_sharing_enabled":true,"_links":{"self":[{"href":"https:\/\/ledenonciateur224.com\/index.php\/wp-json\/wp\/v2\/posts\/5643","targetHints":{"allow":["GET"]}}],"collection":[{"href":"https:\/\/ledenonciateur224.com\/index.php\/wp-json\/wp\/v2\/posts"}],"about":[{"href":"https:\/\/ledenonciateur224.com\/index.php\/wp-json\/wp\/v2\/types\/post"}],"author":[{"embeddable":true,"href":"https:\/\/ledenonciateur224.com\/index.php\/wp-json\/wp\/v2\/users\/2"}],"replies":[{"embeddable":true,"href":"https:\/\/ledenonciateur224.com\/index.php\/wp-json\/wp\/v2\/comments?post=5643"}],"version-history":[{"count":0,"href":"https:\/\/ledenonciateur224.com\/index.php\/wp-json\/wp\/v2\/posts\/5643\/revisions"}],"wp:featuredmedia":[{"embeddable":true,"href":"https:\/\/ledenonciateur224.com\/index.php\/wp-json\/wp\/v2\/media\/5647"}],"wp:attachment":[{"href":"https:\/\/ledenonciateur224.com\/index.php\/wp-json\/wp\/v2\/media?parent=5643"}],"wp:term":[{"taxonomy":"category","embeddable":true,"href":"https:\/\/ledenonciateur224.com\/index.php\/wp-json\/wp\/v2\/categories?post=5643"},{"taxonomy":"post_tag","embeddable":true,"href":"https:\/\/ledenonciateur224.com\/index.php\/wp-json\/wp\/v2\/tags?post=5643"}],"curies":[{"name":"wp","href":"https:\/\/api.w.org\/{rel}","templated":true}]}}