{"id":5660,"date":"2025-10-23T21:15:51","date_gmt":"2025-10-23T21:15:51","guid":{"rendered":"https:\/\/ledenonciateur224.com\/?p=5660"},"modified":"2025-10-23T21:22:15","modified_gmt":"2025-10-23T21:22:15","slug":"mohamed-diawara-prend-officiellement-les-renes-de-lagrasc","status":"publish","type":"post","link":"https:\/\/ledenonciateur224.com\/index.php\/mohamed-diawara-prend-officiellement-les-renes-de-lagrasc\/","title":{"rendered":"Mohamed Diawara prend officiellement les r\u00eanes de l\u2019AGRASC"},"content":{"rendered":"<p>Le magistrat\u00a0<strong>Mohamed Diawara<\/strong>, r\u00e9cemment nomm\u00e9\u00a0<strong>Directeur G\u00e9n\u00e9ral de l\u2019Agence de Gestion et de Recouvrement des Avoirs Saisis de l\u2019\u00c9tat (AGRASC)<\/strong>, a officiellement pris fonction ce\u00a0<strong>jeudi 23 octobre 2025<\/strong>. La c\u00e9r\u00e9monie d\u2019installation s\u2019est tenue au si\u00e8ge de l\u2019institution, sous la pr\u00e9sidence de\u00a0<strong>l\u2019Inspecteur g\u00e9n\u00e9ral du minist\u00e8re de la Justice et des Droits de l\u2019Homme<\/strong>.<br \/>\nIl succ\u00e8de \u00e0\u00a0<strong>M. Alpha Seny Camara<\/strong>, d\u00e9sormais appel\u00e9 \u00e0 d\u2019autres fonctions.<\/p>\n<p>Avant cette nomination, Mohamed Diawara occupait le poste de\u00a0<strong>pr\u00e9sident du Tribunal du Travail<\/strong>, o\u00f9 il s\u2019\u00e9tait illustr\u00e9 par son sens de la rigueur et son attachement aux principes d\u2019\u00e9quit\u00e9 et de transparence. Sa promotion \u00e0 la t\u00eate de l\u2019AGRASC vient consacrer un parcours marqu\u00e9 par la comp\u00e9tence et le service \u00e0 la justice.<\/p>\n<h3>Un discours empreint de reconnaissance<\/h3>\n<p>Dans son allocution, le nouveau Directeur G\u00e9n\u00e9ral a d\u2019abord tenu \u00e0 exprimer sa\u00a0<strong>profonde gratitude<\/strong>\u00a0aux plus hautes autorit\u00e9s du pays pour la confiance plac\u00e9e en lui.<\/p>\n<p>\u00ab Je tiens \u00e0 exprimer ma reconnaissance \u00e0 Son Excellence le G\u00e9n\u00e9ral Mamadi Doumbouya, Pr\u00e9sident de la R\u00e9publique et Pr\u00e9sident du Conseil sup\u00e9rieur de la magistrature, pour la confiance renouvel\u00e9e en ma modeste personne. J\u2019adresse \u00e9galement mes sinc\u00e8res remerciements \u00e0 Monsieur Yaya Ka\u00efraba Kaba, Garde des Sceaux, Ministre de la Justice et des Droits de l\u2019Homme, pour son accompagnement constant, sa clairvoyance et son engagement en faveur d\u2019une justice ind\u00e9pendante, cr\u00e9dible et au service du peuple \u00bb, a d\u00e9clar\u00e9 M. Diawara.<\/p>\n<h3>Continuit\u00e9 et r\u00e9formes annonc\u00e9es<\/h3>\n<p>Poursuivant son intervention, le magistrat a promis de\u00a0<strong>poursuivre le travail accompli par son pr\u00e9d\u00e9cesseur<\/strong>, tout en y apportant des am\u00e9liorations structurelles.<\/p>\n<p>\u00ab Je m\u2019engage \u00e0 poursuivre l\u2019\u0153uvre d\u00e9j\u00e0 accomplie au sein de l\u2019AGRASC, dans un esprit de continuit\u00e9, de loyaut\u00e9 et de collaboration, tout en apportant ma contribution au d\u00e9veloppement et \u00e0 l\u2019efficacit\u00e9 de notre institution. \u00bb<\/p>\n<p>M. Diawara a rappel\u00e9 le\u00a0<strong>r\u00f4le strat\u00e9gique<\/strong>\u00a0de l\u2019AGRASC dans le dispositif judiciaire, financier et \u00e9conomique du pays. Institu\u00e9e par les articles 964 et suivants du Code de proc\u00e9dure p\u00e9nale, l\u2019agence est charg\u00e9e notamment de\u00a0<strong>g\u00e9rer les biens saisis ou confisqu\u00e9s<\/strong>, de\u00a0<strong>centraliser les fonds saisis sur tout le territoire<\/strong>, et d\u2019assurer la\u00a0<strong>tra\u00e7abilit\u00e9<\/strong>\u00a0ainsi que la\u00a0<strong>transparence<\/strong>\u00a0dans la gestion des avoirs issus des proc\u00e9dures judiciaires.<\/p>\n<h3>Gouvernance et modernisation au c\u0153ur de sa vision<\/h3>\n<p>Le nouveau Directeur G\u00e9n\u00e9ral a \u00e9galement expos\u00e9 les\u00a0<strong>axes prioritaires de sa feuille de route<\/strong>, articul\u00e9s autour de la bonne gouvernance, de la modernisation et du renforcement des capacit\u00e9s du personnel.<\/p>\n<p>Parmi les priorit\u00e9s \u00e9voqu\u00e9es :<\/p>\n<ul>\n<li>la\u00a0<strong>consolidation de la gouvernance interne<\/strong>\u00a0de l\u2019agence ;<\/li>\n<li>la\u00a0<strong>modernisation de la formation continue<\/strong>\u00a0des cadres et agents ;<\/li>\n<li>la\u00a0<strong>valorisation et la gestion efficiente<\/strong>\u00a0des avoirs saisis ;<\/li>\n<li>le\u00a0<strong>d\u00e9veloppement de partenariats dynamiques<\/strong>, tant au niveau national qu\u2019international, pour renforcer la cr\u00e9dibilit\u00e9 et l\u2019efficacit\u00e9 de l\u2019institution.<\/li>\n<li>\u00ab Sur le plan strat\u00e9gique, je m\u2019emploierai \u00e0 am\u00e9liorer le fonctionnement de la direction ex\u00e9cutive et \u00e0 renforcer la s\u00e9curisation de la gestion par le Conseil d\u2019administration. Il s\u2019agira aussi de d\u00e9velopper des formations sp\u00e9cifiques, de s\u00e9curiser la conservation des avoirs, de diversifier les sources de financement et d\u2019impliquer davantage les magistrats et les services de gestion des juridictions \u00bb, a-t-il soulign\u00e9.<\/li>\n<\/ul>\n<h3><\/h3>\n<p>En conclusion, M. Diawara a lanc\u00e9 un\u00a0<strong>appel \u00e0 l\u2019unit\u00e9 et \u00e0 la concertation<\/strong>, conditions essentielles selon lui pour mener \u00e0 bien la mission de l\u2019AGRASC.<\/p>\n<p>\u00ab Je suis convaincu qu\u2019aucune r\u00e9ussite n\u2019est possible sans \u00e9coute, sans concertation et sans collaboration, dans un double \u00e9lan de solidarit\u00e9 et de responsabilit\u00e9. Je demeure ouvert \u00e0 toutes les critiques constructives, observations et suggestions de mes collaborateurs, des institutions partenaires et de tous les acteurs partageant la m\u00eame vision. \u00bb<\/p>\n<p>Avec cette prise de fonction,\u00a0<strong>Mohamed Diawara<\/strong>\u00a0entend insuffler une nouvelle dynamique \u00e0 l\u2019AGRASC, afin d\u2019en faire un instrument plus moderne, transparent et performant au service de la justice et de la bonne gouvernance en Guin\u00e9e.<\/p>\n","protected":false},"excerpt":{"rendered":"<p>Le magistrat\u00a0Mohamed Diawara, r\u00e9cemment nomm\u00e9\u00a0Directeur G\u00e9n\u00e9ral de l\u2019Agence de Gestion et de Recouvrement des Avoirs Saisis de l\u2019\u00c9tat (AGRASC), a officiellement pris fonction ce\u00a0jeudi 23 octobre 2025. La c\u00e9r\u00e9monie d\u2019installation s\u2019est tenue au si\u00e8ge de l\u2019institution, sous la pr\u00e9sidence de\u00a0l\u2019Inspecteur g\u00e9n\u00e9ral du minist\u00e8re de la Justice et des Droits de l\u2019Homme. Il succ\u00e8de \u00e0\u00a0M. Alpha [&hellip;]<\/p>\n","protected":false},"author":2,"featured_media":5663,"comment_status":"closed","ping_status":"closed","sticky":false,"template":"","format":"standard","meta":{"_jetpack_memberships_contains_paid_content":false,"footnotes":"","jetpack_publicize_message":"","jetpack_publicize_feature_enabled":true,"jetpack_social_post_already_shared":true,"jetpack_social_options":{"image_generator_settings":{"template":"highway","default_image_id":0,"font":"","enabled":false},"version":2}},"categories":[29,24],"tags":[943,859],"class_list":{"0":"post-5660","1":"post","2":"type-post","3":"status-publish","4":"format-standard","5":"has-post-thumbnail","7":"category-economie","8":"category-news","9":"tag-agrasc-guinee","10":"tag-mohamed-diawara"},"jetpack_publicize_connections":[],"jetpack_featured_media_url":"https:\/\/ledenonciateur224.com\/wp-content\/uploads\/2025\/10\/img-20251023-wa0058.jpg","jetpack_sharing_enabled":true,"_links":{"self":[{"href":"https:\/\/ledenonciateur224.com\/index.php\/wp-json\/wp\/v2\/posts\/5660","targetHints":{"allow":["GET"]}}],"collection":[{"href":"https:\/\/ledenonciateur224.com\/index.php\/wp-json\/wp\/v2\/posts"}],"about":[{"href":"https:\/\/ledenonciateur224.com\/index.php\/wp-json\/wp\/v2\/types\/post"}],"author":[{"embeddable":true,"href":"https:\/\/ledenonciateur224.com\/index.php\/wp-json\/wp\/v2\/users\/2"}],"replies":[{"embeddable":true,"href":"https:\/\/ledenonciateur224.com\/index.php\/wp-json\/wp\/v2\/comments?post=5660"}],"version-history":[{"count":0,"href":"https:\/\/ledenonciateur224.com\/index.php\/wp-json\/wp\/v2\/posts\/5660\/revisions"}],"wp:featuredmedia":[{"embeddable":true,"href":"https:\/\/ledenonciateur224.com\/index.php\/wp-json\/wp\/v2\/media\/5663"}],"wp:attachment":[{"href":"https:\/\/ledenonciateur224.com\/index.php\/wp-json\/wp\/v2\/media?parent=5660"}],"wp:term":[{"taxonomy":"category","embeddable":true,"href":"https:\/\/ledenonciateur224.com\/index.php\/wp-json\/wp\/v2\/categories?post=5660"},{"taxonomy":"post_tag","embeddable":true,"href":"https:\/\/ledenonciateur224.com\/index.php\/wp-json\/wp\/v2\/tags?post=5660"}],"curies":[{"name":"wp","href":"https:\/\/api.w.org\/{rel}","templated":true}]}}