{"id":5672,"date":"2025-10-24T13:00:05","date_gmt":"2025-10-24T13:00:05","guid":{"rendered":"https:\/\/ledenonciateur224.com\/?p=5672"},"modified":"2025-10-24T13:00:05","modified_gmt":"2025-10-24T13:00:05","slug":"industrie-pme-dre-diaka-sidibe-celebre-la-jeunesse-guineenne-au-modele-international-des-nations-unies-guimun","status":"publish","type":"post","link":"https:\/\/ledenonciateur224.com\/index.php\/industrie-pme-dre-diaka-sidibe-celebre-la-jeunesse-guineenne-au-modele-international-des-nations-unies-guimun\/","title":{"rendered":"Industrie- PME : Dre Diaka Sidib\u00e9 c\u00e9l\u00e8bre la jeunesse guin\u00e9enne au mod\u00e8le international des Nations unies GUIMUN"},"content":{"rendered":"<p>Madame la Ministre de l\u2019Industrie et des PME a honor\u00e9, ce vendredi 24 octobre 2025, de sa pr\u00e9sence la c\u00e9r\u00e9monie d\u2019ouverture du Model International des Nations Unies en Guin\u00e9e (GUIMUN), en sa qualit\u00e9 de marraine de cette \u00e9dition, aux c\u00f4t\u00e9s de son homologue du Minist\u00e8re de la Jeunesse et de Madame la Coordinatrice du Syst\u00e8me des Nations Unies en Guin\u00e9e.<\/p>\n<p><img loading=\"lazy\" decoding=\"async\" class=\"alignnone size-full wp-image-5673\" src=\"https:\/\/ledenonciateur224.com\/wp-content\/uploads\/2025\/10\/fb-img-1761310369373.jpg\" alt=\"\" width=\"1080\" height=\"720\" srcset=\"https:\/\/ledenonciateur224.com\/wp-content\/uploads\/2025\/10\/fb-img-1761310369373.jpg 1080w, https:\/\/ledenonciateur224.com\/wp-content\/uploads\/2025\/10\/fb-img-1761310369373-300x200.jpg 300w, https:\/\/ledenonciateur224.com\/wp-content\/uploads\/2025\/10\/fb-img-1761310369373-1024x683.jpg 1024w, https:\/\/ledenonciateur224.com\/wp-content\/uploads\/2025\/10\/fb-img-1761310369373-768x512.jpg 768w, https:\/\/ledenonciateur224.com\/wp-content\/uploads\/2025\/10\/fb-img-1761310369373-150x100.jpg 150w, https:\/\/ledenonciateur224.com\/wp-content\/uploads\/2025\/10\/fb-img-1761310369373-696x464.jpg 696w, https:\/\/ledenonciateur224.com\/wp-content\/uploads\/2025\/10\/fb-img-1761310369373-1068x712.jpg 1068w, https:\/\/ledenonciateur224.com\/wp-content\/uploads\/2025\/10\/fb-img-1761310369373-630x420.jpg 630w\" sizes=\"auto, (max-width: 1080px) 100vw, 1080px\" \/><\/p>\n<p>Dans son allocution, elle a salu\u00e9 l\u2019engagement et la vitalit\u00e9 de la jeunesse guin\u00e9enne, v\u00e9ritable pilier du renouveau national. Elle a rappel\u00e9 que, sous le leadership du Pr\u00e9sident de la R\u00e9publique, Son Excellence le G\u00e9n\u00e9ral Mamadi DOUMBOUYA , la Guin\u00e9e s\u2019inscrit dans une dynamique de refondation ax\u00e9e sur la souverainet\u00e9, la valorisation des ressources et la formation d\u2019une \u00e9lite nouvelle \u00e0 travers des initiatives structurantes telles que Simandou Academy.<\/p>\n<p><img loading=\"lazy\" decoding=\"async\" class=\"alignnone size-full wp-image-5674\" src=\"https:\/\/ledenonciateur224.com\/wp-content\/uploads\/2025\/10\/fb-img-1761310344913.jpg\" alt=\"\" width=\"720\" height=\"1080\" srcset=\"https:\/\/ledenonciateur224.com\/wp-content\/uploads\/2025\/10\/fb-img-1761310344913.jpg 720w, https:\/\/ledenonciateur224.com\/wp-content\/uploads\/2025\/10\/fb-img-1761310344913-200x300.jpg 200w, https:\/\/ledenonciateur224.com\/wp-content\/uploads\/2025\/10\/fb-img-1761310344913-683x1024.jpg 683w, https:\/\/ledenonciateur224.com\/wp-content\/uploads\/2025\/10\/fb-img-1761310344913-150x225.jpg 150w, https:\/\/ledenonciateur224.com\/wp-content\/uploads\/2025\/10\/fb-img-1761310344913-300x450.jpg 300w, https:\/\/ledenonciateur224.com\/wp-content\/uploads\/2025\/10\/fb-img-1761310344913-696x1044.jpg 696w, https:\/\/ledenonciateur224.com\/wp-content\/uploads\/2025\/10\/fb-img-1761310344913-280x420.jpg 280w\" sizes=\"auto, (max-width: 720px) 100vw, 720px\" \/> <img loading=\"lazy\" decoding=\"async\" class=\"alignnone size-full wp-image-5675\" src=\"https:\/\/ledenonciateur224.com\/wp-content\/uploads\/2025\/10\/fb-img-1761310335242.jpg\" alt=\"\" width=\"720\" height=\"1080\" srcset=\"https:\/\/ledenonciateur224.com\/wp-content\/uploads\/2025\/10\/fb-img-1761310335242.jpg 720w, https:\/\/ledenonciateur224.com\/wp-content\/uploads\/2025\/10\/fb-img-1761310335242-200x300.jpg 200w, https:\/\/ledenonciateur224.com\/wp-content\/uploads\/2025\/10\/fb-img-1761310335242-683x1024.jpg 683w, https:\/\/ledenonciateur224.com\/wp-content\/uploads\/2025\/10\/fb-img-1761310335242-150x225.jpg 150w, https:\/\/ledenonciateur224.com\/wp-content\/uploads\/2025\/10\/fb-img-1761310335242-300x450.jpg 300w, https:\/\/ledenonciateur224.com\/wp-content\/uploads\/2025\/10\/fb-img-1761310335242-696x1044.jpg 696w, https:\/\/ledenonciateur224.com\/wp-content\/uploads\/2025\/10\/fb-img-1761310335242-280x420.jpg 280w\" sizes=\"auto, (max-width: 720px) 100vw, 720px\" \/><\/p>\n<p>Le GUIMUN, a-t-elle soulign\u00e9, repr\u00e9sente bien plus qu\u2019un simple exercice acad\u00e9mique, c\u2019est une \u00e9cole de leadership, de diplomatie et de gouvernance mondiale. Il offre aux jeunes un cadre d\u2019apprentissage concret pour d\u00e9fendre des valeurs de paix, de justice et de dignit\u00e9, tout en pr\u00e9parant les futurs dirigeants \u00e0 porter haut la voix de la Guin\u00e9e sur la sc\u00e8ne internationale.<\/p>\n<p>Le Minist\u00e8re de l\u2019Industrie et des PME r\u00e9affirme son engagement \u00e0 soutenir la jeunesse dans ses initiatives innovantes et citoyennes, afin de b\u00e2tir ensemble une Guin\u00e9e forte, souveraine et prosp\u00e8re.<\/p>\n<p><img loading=\"lazy\" decoding=\"async\" class=\"alignnone size-full wp-image-5675\" src=\"https:\/\/ledenonciateur224.com\/wp-content\/uploads\/2025\/10\/fb-img-1761310335242.jpg\" alt=\"\" width=\"720\" height=\"1080\" srcset=\"https:\/\/ledenonciateur224.com\/wp-content\/uploads\/2025\/10\/fb-img-1761310335242.jpg 720w, https:\/\/ledenonciateur224.com\/wp-content\/uploads\/2025\/10\/fb-img-1761310335242-200x300.jpg 200w, https:\/\/ledenonciateur224.com\/wp-content\/uploads\/2025\/10\/fb-img-1761310335242-683x1024.jpg 683w, https:\/\/ledenonciateur224.com\/wp-content\/uploads\/2025\/10\/fb-img-1761310335242-150x225.jpg 150w, https:\/\/ledenonciateur224.com\/wp-content\/uploads\/2025\/10\/fb-img-1761310335242-300x450.jpg 300w, https:\/\/ledenonciateur224.com\/wp-content\/uploads\/2025\/10\/fb-img-1761310335242-696x1044.jpg 696w, https:\/\/ledenonciateur224.com\/wp-content\/uploads\/2025\/10\/fb-img-1761310335242-280x420.jpg 280w\" sizes=\"auto, (max-width: 720px) 100vw, 720px\" \/><\/p>\n<p>\u00ab La jeunesse guin\u00e9enne n\u2019est pas seulement l\u2019avenir , elle est d\u00e9j\u00e0 l\u2019actrice centrale de la transformation en cours en Guin\u00e9e. \u00bb , a affirm\u00e9 Dre Diaka SIDIB\u00c9.<\/p>\n<p>&nbsp;<\/p>\n<p>Cellule de communication<br \/>\nDr Diaka SIDIBE<\/p>\n","protected":false},"excerpt":{"rendered":"<p>Madame la Ministre de l\u2019Industrie et des PME a honor\u00e9, ce vendredi 24 octobre 2025, de sa pr\u00e9sence la c\u00e9r\u00e9monie d\u2019ouverture du Model International des Nations Unies en Guin\u00e9e (GUIMUN), en sa qualit\u00e9 de marraine de cette \u00e9dition, aux c\u00f4t\u00e9s de son homologue du Minist\u00e8re de la Jeunesse et de Madame la Coordinatrice du Syst\u00e8me [&hellip;]<\/p>\n","protected":false},"author":2,"featured_media":5676,"comment_status":"closed","ping_status":"closed","sticky":false,"template":"","format":"standard","meta":{"_jetpack_memberships_contains_paid_content":false,"footnotes":"","jetpack_publicize_message":"","jetpack_publicize_feature_enabled":true,"jetpack_social_post_already_shared":true,"jetpack_social_options":{"image_generator_settings":{"template":"highway","default_image_id":0,"font":"","enabled":false},"version":2}},"categories":[29,24],"tags":[839,1213],"class_list":{"0":"post-5672","1":"post","2":"type-post","3":"status-publish","4":"format-standard","5":"has-post-thumbnail","7":"category-economie","8":"category-news","9":"tag-industrie-guinee","10":"tag-jeunesse"},"jetpack_publicize_connections":[],"jetpack_featured_media_url":"https:\/\/ledenonciateur224.com\/wp-content\/uploads\/2025\/10\/fb-img-1761310383185.jpg","jetpack_sharing_enabled":true,"_links":{"self":[{"href":"https:\/\/ledenonciateur224.com\/index.php\/wp-json\/wp\/v2\/posts\/5672","targetHints":{"allow":["GET"]}}],"collection":[{"href":"https:\/\/ledenonciateur224.com\/index.php\/wp-json\/wp\/v2\/posts"}],"about":[{"href":"https:\/\/ledenonciateur224.com\/index.php\/wp-json\/wp\/v2\/types\/post"}],"author":[{"embeddable":true,"href":"https:\/\/ledenonciateur224.com\/index.php\/wp-json\/wp\/v2\/users\/2"}],"replies":[{"embeddable":true,"href":"https:\/\/ledenonciateur224.com\/index.php\/wp-json\/wp\/v2\/comments?post=5672"}],"version-history":[{"count":0,"href":"https:\/\/ledenonciateur224.com\/index.php\/wp-json\/wp\/v2\/posts\/5672\/revisions"}],"wp:featuredmedia":[{"embeddable":true,"href":"https:\/\/ledenonciateur224.com\/index.php\/wp-json\/wp\/v2\/media\/5676"}],"wp:attachment":[{"href":"https:\/\/ledenonciateur224.com\/index.php\/wp-json\/wp\/v2\/media?parent=5672"}],"wp:term":[{"taxonomy":"category","embeddable":true,"href":"https:\/\/ledenonciateur224.com\/index.php\/wp-json\/wp\/v2\/categories?post=5672"},{"taxonomy":"post_tag","embeddable":true,"href":"https:\/\/ledenonciateur224.com\/index.php\/wp-json\/wp\/v2\/tags?post=5672"}],"curies":[{"name":"wp","href":"https:\/\/api.w.org\/{rel}","templated":true}]}}