{"id":5750,"date":"2025-10-29T23:09:40","date_gmt":"2025-10-29T23:09:40","guid":{"rendered":"https:\/\/ledenonciateur224.com\/?p=5750"},"modified":"2025-10-29T23:09:40","modified_gmt":"2025-10-29T23:09:40","slug":"hommage-national-a-elhadj-mamoudou-camara-kountigui-de-la-basse-guinee","status":"publish","type":"post","link":"https:\/\/ledenonciateur224.com\/index.php\/hommage-national-a-elhadj-mamoudou-camara-kountigui-de-la-basse-guinee\/","title":{"rendered":"Hommage national \u00e0 Elhadj Mamoudou Camara, Kountigui de la Basse-Guin\u00e9e"},"content":{"rendered":"<p>Ce <strong>mercredi 29 octobre 2025<\/strong>, la ville de <strong>Kindia<\/strong> a vibr\u00e9 au rythme d\u2019un hommage national rendu \u00e0 <strong>Elhadj Mamoudou Camara<\/strong>, inspecteur r\u00e9gional des affaires religieuses et <strong>Kountigui (patriarche)<\/strong> de la Basse-Guin\u00e9e, figure majeure de la paix et du dialogue en Guin\u00e9e.<\/p>\n<h4>\u00a0Une mobilisation nationale<\/h4>\n<p>Des <strong>milliers de citoyens, fid\u00e8les et personnalit\u00e9s<\/strong> \u2014 repr\u00e9sentants du gouvernement, diplomates, leaders religieux et coutumiers \u2014 se sont r\u00e9unis pour honorer sa m\u00e9moire, apr\u00e8s un <strong>symposium national au Palais du Peuple<\/strong> \u00e0 Conakry.<br \/>\nLa <strong>Place des Martyrs de Kindia<\/strong> a accueilli la c\u00e9r\u00e9monie principale, marqu\u00e9e par une grande \u00e9motion et une atmosph\u00e8re de recueillement.<\/p>\n<h4>Un hommage d\u2019\u00c9tat<\/h4>\n<p>Le gouvernement, repr\u00e9sent\u00e9 par le <strong>G\u00e9n\u00e9ral Amara Camara<\/strong>, a transmis le message du <strong>pr\u00e9sident Mamadi Doumbouya<\/strong>, saluant un homme \u00ab guide spirituel inestimable, artisan de la coh\u00e9sion nationale \u00bb.<br \/>\nLe chef de l\u2019\u00c9tat a \u00e9galement apport\u00e9 une <strong>aide symbolique de 220 millions GNF<\/strong>, en signe de solidarit\u00e9 nationale.<\/p>\n<p>Au nom de la famille, <strong>Dr Koza Camara<\/strong> a remerci\u00e9 les autorit\u00e9s et le peuple guin\u00e9en pour leur soutien. Il a soulign\u00e9 les efforts de l\u2019\u00c9tat dans la <strong>prise en charge m\u00e9dicale<\/strong> du d\u00e9funt et a invit\u00e9 les Guin\u00e9ens \u00e0 <strong>pr\u00e9server son h\u00e9ritage de paix, de tol\u00e9rance et d\u2019unit\u00e9<\/strong>.<\/p>\n<h4>\u00a0Une figure spirituelle qui entre dans l\u2019Histoire<\/h4>\n<p>Elhadj Mamoudou Camara a \u00e9t\u00e9 <strong>inhum\u00e9 \u00e0 Tafory<\/strong>, sa terre natale, lors d\u2019une c\u00e9r\u00e9monie empreinte de dignit\u00e9.<br \/>\nLa <strong>mobilisation exceptionnelle<\/strong> de la population a confirm\u00e9 l\u2019importance du patriarche dans la <strong>m\u00e9moire collective guin\u00e9enne<\/strong>, symbole d\u2019un leadership fond\u00e9 sur la <strong>sagesse, la m\u00e9diation et la coh\u00e9sion nationale<\/strong>.<\/p>\n<h3><\/h3>\n<p>Ledenonciateur224.com<\/p>\n","protected":false},"excerpt":{"rendered":"<p>Ce mercredi 29 octobre 2025, la ville de Kindia a vibr\u00e9 au rythme d\u2019un hommage national rendu \u00e0 Elhadj Mamoudou Camara, inspecteur r\u00e9gional des affaires religieuses et Kountigui (patriarche) de la Basse-Guin\u00e9e, figure majeure de la paix et du dialogue en Guin\u00e9e. \u00a0Une mobilisation nationale Des milliers de citoyens, fid\u00e8les et personnalit\u00e9s \u2014 repr\u00e9sentants du [&hellip;]<\/p>\n","protected":false},"author":2,"featured_media":5751,"comment_status":"closed","ping_status":"closed","sticky":false,"template":"","format":"standard","meta":{"_jetpack_memberships_contains_paid_content":false,"footnotes":"","jetpack_publicize_message":"","jetpack_publicize_feature_enabled":true,"jetpack_social_post_already_shared":true,"jetpack_social_options":{"image_generator_settings":{"template":"highway","default_image_id":0,"font":"","enabled":false},"version":2}},"categories":[30,24],"tags":[490],"class_list":{"0":"post-5750","1":"post","2":"type-post","3":"status-publish","4":"format-standard","5":"has-post-thumbnail","7":"category-faits-divers","8":"category-news","9":"tag-basse-guinee"},"jetpack_publicize_connections":[],"jetpack_featured_media_url":"https:\/\/ledenonciateur224.com\/wp-content\/uploads\/2025\/10\/img-20251029-wa0136.jpg","jetpack_sharing_enabled":true,"_links":{"self":[{"href":"https:\/\/ledenonciateur224.com\/index.php\/wp-json\/wp\/v2\/posts\/5750","targetHints":{"allow":["GET"]}}],"collection":[{"href":"https:\/\/ledenonciateur224.com\/index.php\/wp-json\/wp\/v2\/posts"}],"about":[{"href":"https:\/\/ledenonciateur224.com\/index.php\/wp-json\/wp\/v2\/types\/post"}],"author":[{"embeddable":true,"href":"https:\/\/ledenonciateur224.com\/index.php\/wp-json\/wp\/v2\/users\/2"}],"replies":[{"embeddable":true,"href":"https:\/\/ledenonciateur224.com\/index.php\/wp-json\/wp\/v2\/comments?post=5750"}],"version-history":[{"count":0,"href":"https:\/\/ledenonciateur224.com\/index.php\/wp-json\/wp\/v2\/posts\/5750\/revisions"}],"wp:featuredmedia":[{"embeddable":true,"href":"https:\/\/ledenonciateur224.com\/index.php\/wp-json\/wp\/v2\/media\/5751"}],"wp:attachment":[{"href":"https:\/\/ledenonciateur224.com\/index.php\/wp-json\/wp\/v2\/media?parent=5750"}],"wp:term":[{"taxonomy":"category","embeddable":true,"href":"https:\/\/ledenonciateur224.com\/index.php\/wp-json\/wp\/v2\/categories?post=5750"},{"taxonomy":"post_tag","embeddable":true,"href":"https:\/\/ledenonciateur224.com\/index.php\/wp-json\/wp\/v2\/tags?post=5750"}],"curies":[{"name":"wp","href":"https:\/\/api.w.org\/{rel}","templated":true}]}}