{"id":5753,"date":"2025-10-30T08:56:06","date_gmt":"2025-10-30T08:56:06","guid":{"rendered":"https:\/\/ledenonciateur224.com\/?p=5753"},"modified":"2025-10-30T08:56:06","modified_gmt":"2025-10-30T08:56:06","slug":"modernisation-du-secteur-halieutique-le-gouvernement-lance-la-renovation-du-centre-frigorifique-du-marche-a-poisson-de-kenien","status":"publish","type":"post","link":"https:\/\/ledenonciateur224.com\/index.php\/modernisation-du-secteur-halieutique-le-gouvernement-lance-la-renovation-du-centre-frigorifique-du-marche-a-poisson-de-kenien\/","title":{"rendered":"Modernisation du secteur halieutique : le gouvernement lance la r\u00e9novation du centre frigorifique du march\u00e9 \u00e0 poisson de Kenien"},"content":{"rendered":"<p>Ce mercredi 29 octobre 2025, le ministre de la P\u00eache,\u00a0<strong>Fassou Th\u00e9a<\/strong>, a proc\u00e9d\u00e9 \u00e0 la\u00a0<strong>pose de la premi\u00e8re pierre des travaux de r\u00e9novation du centre frigorifique du march\u00e9 \u00e0 poisson de Kenien<\/strong>, \u00e0 Conakry. Il \u00e9tait accompagn\u00e9 d\u2019une importante d\u00e9l\u00e9gation, dont\u00a0<strong>Mme Fatima Camara<\/strong>, ministre du Commerce.<br \/>\nCette initiative s\u2019inscrit dans le cadre de la\u00a0<strong>politique nationale de modernisation et de m\u00e9canisation du secteur halieutique<\/strong>, port\u00e9e par le gouvernement guin\u00e9en.<\/p>\n<p>Les travaux, confi\u00e9s \u00e0 la soci\u00e9t\u00e9\u00a0<strong>Wagu\u00e9 et Fr\u00e8re<\/strong>, s\u2019\u00e9tendront sur une p\u00e9riode de\u00a0<strong>quatre mois<\/strong>. Ils visent \u00e0 redonner vie \u00e0 une infrastructure strat\u00e9gique construite en\u00a0<strong>2003<\/strong>\u00a0gr\u00e2ce \u00e0 l\u2019appui de la\u00a0<strong>coop\u00e9ration japonaise<\/strong>. Ce centre constitue depuis plus de vingt ans un\u00a0<strong>maillon essentiel de la cha\u00eene de distribution des produits halieutiques<\/strong>, tant \u00e0\u00a0<strong>Conakry<\/strong>\u00a0que dans les\u00a0<strong>r\u00e9gions de l\u2019int\u00e9rieur<\/strong>\u00a0du pays.<\/p>\n<p><img loading=\"lazy\" decoding=\"async\" class=\"alignnone size-full wp-image-5754\" src=\"https:\/\/ledenonciateur224.com\/wp-content\/uploads\/2025\/10\/screenshot-20251030-084810-facebook.jpg\" alt=\"\" width=\"677\" height=\"342\" srcset=\"https:\/\/ledenonciateur224.com\/wp-content\/uploads\/2025\/10\/screenshot-20251030-084810-facebook.jpg 677w, https:\/\/ledenonciateur224.com\/wp-content\/uploads\/2025\/10\/screenshot-20251030-084810-facebook-300x152.jpg 300w, https:\/\/ledenonciateur224.com\/wp-content\/uploads\/2025\/10\/screenshot-20251030-084810-facebook-150x76.jpg 150w\" sizes=\"auto, (max-width: 677px) 100vw, 677px\" \/><\/p>\n<p>Le projet pr\u00e9voit notamment :<\/p>\n<ul>\n<li>La\u00a0<strong>modernisation du hall de vente<\/strong>\u00a0pour une meilleure organisation du commerce en gros et au d\u00e9tail ;<\/li>\n<li>La\u00a0<strong>r\u00e9habilitation de deux chambres froides<\/strong>\u00a0de 15 tonnes chacune, pour renforcer la conservation des produits ;<\/li>\n<li>La\u00a0<strong>remise en service de la fabrique de glace<\/strong>\u00a0d\u2019une capacit\u00e9 de 6 tonnes, indispensable au maintien de la cha\u00eene du froid ;<\/li>\n<li>La\u00a0<strong>r\u00e9novation de la salle des machines et du b\u00e2timent administratif<\/strong>\u00a0;<\/li>\n<li>Et la\u00a0<strong>s\u00e9curisation du site<\/strong>, \u00e0 travers la construction d\u2019une cl\u00f4ture et d\u2019un espace de stationnement adapt\u00e9 aux camions frigorifiques.<\/li>\n<\/ul>\n<p>Ces am\u00e9nagements permettront de\u00a0<strong>r\u00e9duire les pertes post-capture<\/strong>, d\u2019<strong>am\u00e9liorer la qualit\u00e9 sanitaire<\/strong>\u00a0des produits halieutiques et de\u00a0<strong>cr\u00e9er de nombreux emplois directs et indirects<\/strong>. \u00c0 terme, la valeur ajout\u00e9e g\u00e9n\u00e9r\u00e9e par l\u2019ensemble de la fili\u00e8re devrait s\u2019en trouver consid\u00e9rablement renforc\u00e9e.<\/p>\n<h4><\/h4>\n<p>L\u2019arriv\u00e9e du ministre et de sa d\u00e9l\u00e9gation a \u00e9t\u00e9 salu\u00e9e par les\u00a0<strong>femmes mareyeuses<\/strong>, principales b\u00e9n\u00e9ficiaires du projet. Par des\u00a0<strong>chants, danses et cris de joie<\/strong>, elles ont exprim\u00e9 leur reconnaissance pour cette initiative qui r\u00e9pond \u00e0 leurs attentes de longue date.<\/p>\n<h4>Un engagement pour un d\u00e9veloppement inclusif et durable<\/h4>\n<p>Prenant la parole, le ministre Fassou Th\u00e9a a salu\u00e9 la mobilisation de tous les acteurs impliqu\u00e9s, avant de souligner la port\u00e9e symbolique et \u00e9conomique de ce projet :<\/p>\n<p><em>\u00ab Ce projet est une r\u00e9ponse concr\u00e8te aux attentes l\u00e9gitimes des p\u00eacheurs, des mareyeuses, des commer\u00e7ants, des consommateurs et des collectivit\u00e9s locales. Il traduit la volont\u00e9 du gouvernement d\u2019agir pour un d\u00e9veloppement inclusif, durable et \u00e9quilibr\u00e9 d\u2019un secteur porteur de croissance \u00e9conomique, tel que celui de la p\u00eache. \u00bb<\/em><\/p>\n<p>Le ministre a tenu \u00e0 exprimer sa\u00a0<strong>profonde gratitude<\/strong>\u00a0au\u00a0<strong>Pr\u00e9sident de la R\u00e9publique, le G\u00e9n\u00e9ral Mamadi Doumbouya<\/strong>, pour sa vision strat\u00e9gique\u00a0<em>Simandou 2040<\/em>, qui place l\u2019\u00e9quit\u00e9 territoriale et la modernisation des infrastructures au c\u0153ur de l\u2019action gouvernementale.<br \/>\nIl a \u00e9galement salu\u00e9 le\u00a0<strong>leadership du Premier ministre, Amadou Oury Bah<\/strong>, pour son accompagnement constant dans la mise en \u0153uvre de cette vision ambitieuse.<\/p>\n<p><em>\u00ab Sous l\u2019impulsion du Chef de l\u2019\u00c9tat, nous posons aujourd\u2019hui un symbole fort d\u2019engagement, de vision et de progr\u00e8s dans le secteur halieutique \u2014 un secteur vital pour l\u2019avenir \u00e9conomique et social de nos communaut\u00e9s \u00bb,<\/em>\u00a0a conclu le ministre Fassou Th\u00e9a.<\/p>\n<p>&nbsp;<\/p>\n<p>Aboubacar Moussa Camara<\/p>\n<p>611 70 39 84<\/p>\n","protected":false},"excerpt":{"rendered":"<p>Ce mercredi 29 octobre 2025, le ministre de la P\u00eache,\u00a0Fassou Th\u00e9a, a proc\u00e9d\u00e9 \u00e0 la\u00a0pose de la premi\u00e8re pierre des travaux de r\u00e9novation du centre frigorifique du march\u00e9 \u00e0 poisson de Kenien, \u00e0 Conakry. Il \u00e9tait accompagn\u00e9 d\u2019une importante d\u00e9l\u00e9gation, dont\u00a0Mme Fatima Camara, ministre du Commerce. Cette initiative s\u2019inscrit dans le cadre de la\u00a0politique nationale [&hellip;]<\/p>\n","protected":false},"author":2,"featured_media":5755,"comment_status":"closed","ping_status":"closed","sticky":false,"template":"","format":"standard","meta":{"_jetpack_memberships_contains_paid_content":false,"footnotes":"","jetpack_publicize_message":"","jetpack_publicize_feature_enabled":true,"jetpack_social_post_already_shared":true,"jetpack_social_options":{"image_generator_settings":{"template":"highway","default_image_id":0,"font":"","enabled":false},"version":2}},"categories":[29,24],"tags":[768,1260],"class_list":{"0":"post-5753","1":"post","2":"type-post","3":"status-publish","4":"format-standard","5":"has-post-thumbnail","7":"category-economie","8":"category-news","9":"tag-peche","10":"tag-poisson"},"jetpack_publicize_connections":[],"jetpack_featured_media_url":"https:\/\/ledenonciateur224.com\/wp-content\/uploads\/2025\/10\/screenshot-20251030-084829-facebook.jpg","jetpack_sharing_enabled":true,"_links":{"self":[{"href":"https:\/\/ledenonciateur224.com\/index.php\/wp-json\/wp\/v2\/posts\/5753","targetHints":{"allow":["GET"]}}],"collection":[{"href":"https:\/\/ledenonciateur224.com\/index.php\/wp-json\/wp\/v2\/posts"}],"about":[{"href":"https:\/\/ledenonciateur224.com\/index.php\/wp-json\/wp\/v2\/types\/post"}],"author":[{"embeddable":true,"href":"https:\/\/ledenonciateur224.com\/index.php\/wp-json\/wp\/v2\/users\/2"}],"replies":[{"embeddable":true,"href":"https:\/\/ledenonciateur224.com\/index.php\/wp-json\/wp\/v2\/comments?post=5753"}],"version-history":[{"count":0,"href":"https:\/\/ledenonciateur224.com\/index.php\/wp-json\/wp\/v2\/posts\/5753\/revisions"}],"wp:featuredmedia":[{"embeddable":true,"href":"https:\/\/ledenonciateur224.com\/index.php\/wp-json\/wp\/v2\/media\/5755"}],"wp:attachment":[{"href":"https:\/\/ledenonciateur224.com\/index.php\/wp-json\/wp\/v2\/media?parent=5753"}],"wp:term":[{"taxonomy":"category","embeddable":true,"href":"https:\/\/ledenonciateur224.com\/index.php\/wp-json\/wp\/v2\/categories?post=5753"},{"taxonomy":"post_tag","embeddable":true,"href":"https:\/\/ledenonciateur224.com\/index.php\/wp-json\/wp\/v2\/tags?post=5753"}],"curies":[{"name":"wp","href":"https:\/\/api.w.org\/{rel}","templated":true}]}}