{"id":5760,"date":"2025-10-31T00:25:46","date_gmt":"2025-10-31T00:25:46","guid":{"rendered":"https:\/\/ledenonciateur224.com\/?p=5760"},"modified":"2025-10-31T00:25:46","modified_gmt":"2025-10-31T00:25:46","slug":"convergence-republicaine-une-nouvelle-force-politique-en-soutien-au-general-doumbouya","status":"publish","type":"post","link":"https:\/\/ledenonciateur224.com\/index.php\/convergence-republicaine-une-nouvelle-force-politique-en-soutien-au-general-doumbouya\/","title":{"rendered":"Convergence R\u00e9publicaine : une nouvelle force politique en soutien au G\u00e9n\u00e9ral Doumbouya"},"content":{"rendered":"<p>Dans la dynamique de soutien \u00e0 la candidature du\u00a0<strong>Pr\u00e9sident de la Transition, le G\u00e9n\u00e9ral Mamadi Doumbouya<\/strong>, \u00e0 l\u2019\u00e9lection pr\u00e9sidentielle pr\u00e9vue le\u00a0<strong>28 d\u00e9cembre 2025<\/strong>, une\u00a0<strong>nouvelle coalition politique et citoyenne<\/strong>\u00a0vient d\u2019\u00eatre officiellement lanc\u00e9e \u00e0\u00a0<strong>Conakry<\/strong>.<\/p>\n<p>Baptis\u00e9e\u00a0<strong>\u201cConvergence R\u00e9publicaine\u201d<\/strong>, cette plateforme regroupe une\u00a0<strong>mosa\u00efque d\u2019acteurs<\/strong>\u00a0issus de la soci\u00e9t\u00e9 civile, de coalitions politiques, de coordinations r\u00e9gionales, de mouvements de soutien, d\u2019associations, de blogueurs et d\u2019artistes.<br \/>\nSon objectif affich\u00e9 :\u00a0<strong>porter la candidature du G\u00e9n\u00e9ral Mamadi Doumbouya<\/strong>\u00a0\u00e0 la magistrature supr\u00eame de la Guin\u00e9e lors du prochain scrutin pr\u00e9sidentiel.<\/p>\n<p><img loading=\"lazy\" decoding=\"async\" class=\"alignnone size-full wp-image-5762\" src=\"https:\/\/ledenonciateur224.com\/wp-content\/uploads\/2025\/10\/img-20251030-wa0026.jpg\" alt=\"\" width=\"768\" height=\"346\" srcset=\"https:\/\/ledenonciateur224.com\/wp-content\/uploads\/2025\/10\/img-20251030-wa0026.jpg 768w, https:\/\/ledenonciateur224.com\/wp-content\/uploads\/2025\/10\/img-20251030-wa0026-300x135.jpg 300w, https:\/\/ledenonciateur224.com\/wp-content\/uploads\/2025\/10\/img-20251030-wa0026-150x68.jpg 150w, https:\/\/ledenonciateur224.com\/wp-content\/uploads\/2025\/10\/img-20251030-wa0026-696x314.jpg 696w\" sizes=\"auto, (max-width: 768px) 100vw, 768px\" \/><\/p>\n<p>R\u00e9unis le\u00a0<strong>jeudi 30 octobre 2025<\/strong>\u00a0au\u00a0<strong>Palais du Peuple de Conakry<\/strong>, les membres fondateurs de cette structure ont adopt\u00e9 une\u00a0<strong>d\u00e9claration conjointe<\/strong>\u00a0lue par\u00a0<strong>Mounir Jonas<\/strong>, dans laquelle ils ont r\u00e9affirm\u00e9 leur\u00a0<strong>soutien total et sans condition<\/strong>\u00a0au Chef de l\u2019\u00c9tat.<\/p>\n<p>Les initiateurs de la Convergence R\u00e9publicaine affirment vouloir inscrire leur action dans une d\u00e9marche\u00a0<strong>unie, disciplin\u00e9e et transparente<\/strong>, tout en respectant\u00a0<strong>les principes r\u00e9publicains<\/strong>\u00a0et\u00a0<strong>la neutralit\u00e9 des institutions<\/strong>.<\/p>\n<p>\u00ab Conscients de l\u2019enjeu historique que repr\u00e9sente l\u2019\u00e9lection pr\u00e9sidentielle du 28 d\u00e9cembre 2025, et reconnaissants des acquis majeurs enregistr\u00e9s sous la Transition conduite par le CNRD, nous avons d\u00e9cid\u00e9 de nous unir autour du G\u00e9n\u00e9ral Doumbouya \u00bb, indique la d\u00e9claration officielle.<\/p>\n<p>Dans son manifeste, la\u00a0<strong>Convergence R\u00e9publicaine<\/strong>\u00a0s\u2019engage \u00e0 mener une\u00a0<strong>campagne inclusive, pacifique et respectueuse des valeurs d\u00e9mocratiques<\/strong>, avec pour ambition de garantir une\u00a0<strong>victoire l\u00e9gitime et incontestable<\/strong>\u00a0lors du scrutin de d\u00e9cembre.<\/p>\n<p>La coalition lance \u00e9galement un\u00a0<strong>appel \u00e0 toutes les forces citoyennes, patriotiques et r\u00e9publicaines<\/strong>\u00a0du pays \u00e0 rejoindre cette dynamique de soutien.<\/p>\n<p>Enfin, la Convergence R\u00e9publicaine invite la\u00a0<strong>communaut\u00e9 nationale et internationale<\/strong>\u00a0\u00e0 accompagner le processus \u00e9lectoral \u201cdans le respect de la souverainet\u00e9 du peuple guin\u00e9en\u201d, soulignant sa volont\u00e9 d\u2019inscrire son action dans le cadre d\u2019un\u00a0<strong>dialogue d\u00e9mocratique apais\u00e9<\/strong>.<\/p>\n<p>&nbsp;<\/p>\n<p>Aboubacar Moussa Camara<\/p>\n","protected":false},"excerpt":{"rendered":"<p>Dans la dynamique de soutien \u00e0 la candidature du\u00a0Pr\u00e9sident de la Transition, le G\u00e9n\u00e9ral Mamadi Doumbouya, \u00e0 l\u2019\u00e9lection pr\u00e9sidentielle pr\u00e9vue le\u00a028 d\u00e9cembre 2025, une\u00a0nouvelle coalition politique et citoyenne\u00a0vient d\u2019\u00eatre officiellement lanc\u00e9e \u00e0\u00a0Conakry. Baptis\u00e9e\u00a0\u201cConvergence R\u00e9publicaine\u201d, cette plateforme regroupe une\u00a0mosa\u00efque d\u2019acteurs\u00a0issus de la soci\u00e9t\u00e9 civile, de coalitions politiques, de coordinations r\u00e9gionales, de mouvements de soutien, d\u2019associations, de [&hellip;]<\/p>\n","protected":false},"author":2,"featured_media":5761,"comment_status":"closed","ping_status":"closed","sticky":false,"template":"","format":"standard","meta":{"_jetpack_memberships_contains_paid_content":false,"footnotes":"","jetpack_publicize_message":"","jetpack_publicize_feature_enabled":true,"jetpack_social_post_already_shared":true,"jetpack_social_options":{"image_generator_settings":{"template":"highway","default_image_id":0,"font":"","enabled":false},"version":2}},"categories":[24,27],"tags":[1237,243],"class_list":{"0":"post-5760","1":"post","2":"type-post","3":"status-publish","4":"format-standard","5":"has-post-thumbnail","7":"category-news","8":"category-politique","9":"tag-candidature","10":"tag-candidature-du-general-mamadi-doumbouya"},"jetpack_publicize_connections":[],"jetpack_featured_media_url":"https:\/\/ledenonciateur224.com\/wp-content\/uploads\/2025\/10\/img-20251030-wa0034.jpg","jetpack_sharing_enabled":true,"_links":{"self":[{"href":"https:\/\/ledenonciateur224.com\/index.php\/wp-json\/wp\/v2\/posts\/5760","targetHints":{"allow":["GET"]}}],"collection":[{"href":"https:\/\/ledenonciateur224.com\/index.php\/wp-json\/wp\/v2\/posts"}],"about":[{"href":"https:\/\/ledenonciateur224.com\/index.php\/wp-json\/wp\/v2\/types\/post"}],"author":[{"embeddable":true,"href":"https:\/\/ledenonciateur224.com\/index.php\/wp-json\/wp\/v2\/users\/2"}],"replies":[{"embeddable":true,"href":"https:\/\/ledenonciateur224.com\/index.php\/wp-json\/wp\/v2\/comments?post=5760"}],"version-history":[{"count":0,"href":"https:\/\/ledenonciateur224.com\/index.php\/wp-json\/wp\/v2\/posts\/5760\/revisions"}],"wp:featuredmedia":[{"embeddable":true,"href":"https:\/\/ledenonciateur224.com\/index.php\/wp-json\/wp\/v2\/media\/5761"}],"wp:attachment":[{"href":"https:\/\/ledenonciateur224.com\/index.php\/wp-json\/wp\/v2\/media?parent=5760"}],"wp:term":[{"taxonomy":"category","embeddable":true,"href":"https:\/\/ledenonciateur224.com\/index.php\/wp-json\/wp\/v2\/categories?post=5760"},{"taxonomy":"post_tag","embeddable":true,"href":"https:\/\/ledenonciateur224.com\/index.php\/wp-json\/wp\/v2\/tags?post=5760"}],"curies":[{"name":"wp","href":"https:\/\/api.w.org\/{rel}","templated":true}]}}