{"id":5764,"date":"2025-10-31T08:12:07","date_gmt":"2025-10-31T08:12:07","guid":{"rendered":"https:\/\/ledenonciateur224.com\/?p=5764"},"modified":"2025-10-31T08:12:07","modified_gmt":"2025-10-31T08:12:07","slug":"convergence-republicaine-une-nouvelle-coalition-citoyenne-voit-le-jour-pour-soutenir-la-transition-en-guinee","status":"publish","type":"post","link":"https:\/\/ledenonciateur224.com\/index.php\/convergence-republicaine-une-nouvelle-coalition-citoyenne-voit-le-jour-pour-soutenir-la-transition-en-guinee\/","title":{"rendered":"\u00ab Convergence R\u00e9publicaine \u00bb : une nouvelle coalition citoyenne voit le jour pour soutenir la transition en Guin\u00e9e"},"content":{"rendered":"<p>Une nouvelle coalition politique et citoyenne vient de na\u00eetre au c\u0153ur de Conakry. Ce jeudi, au Palais du Peuple, plusieurs mouvements et associations de soutien au G\u00e9n\u00e9ral Mamadi Doumbouya ont officiellement lanc\u00e9 une structure commune baptis\u00e9e <strong>\u00ab Convergence R\u00e9publicaine \u00bb<\/strong>.<br \/>\nL\u2019annonce a \u00e9t\u00e9 faite \u00e0 l\u2019issue d\u2019une r\u00e9union de concertation marqu\u00e9e par la <strong>signature d\u2019un engagement commun<\/strong> entre les diff\u00e9rentes organisations participantes.<\/p>\n<p><img loading=\"lazy\" decoding=\"async\" class=\"alignnone size-full wp-image-5766\" src=\"https:\/\/ledenonciateur224.com\/wp-content\/uploads\/2025\/10\/whatsapp-image-2025-10-30-a-141521-2443e64d-2.jpg\" alt=\"\" width=\"912\" height=\"420\" srcset=\"https:\/\/ledenonciateur224.com\/wp-content\/uploads\/2025\/10\/whatsapp-image-2025-10-30-a-141521-2443e64d-2.jpg 912w, https:\/\/ledenonciateur224.com\/wp-content\/uploads\/2025\/10\/whatsapp-image-2025-10-30-a-141521-2443e64d-2-300x138.jpg 300w, https:\/\/ledenonciateur224.com\/wp-content\/uploads\/2025\/10\/whatsapp-image-2025-10-30-a-141521-2443e64d-2-768x354.jpg 768w, https:\/\/ledenonciateur224.com\/wp-content\/uploads\/2025\/10\/whatsapp-image-2025-10-30-a-141521-2443e64d-2-150x69.jpg 150w, https:\/\/ledenonciateur224.com\/wp-content\/uploads\/2025\/10\/whatsapp-image-2025-10-30-a-141521-2443e64d-2-696x321.jpg 696w\" sizes=\"auto, (max-width: 912px) 100vw, 912px\" \/><\/p>\n<p>Selon les initiateurs, la <strong>Convergence R\u00e9publicaine<\/strong> a pour objectif de <strong>f\u00e9d\u00e9rer les efforts<\/strong> des citoyens, associations et partis politiques favorables \u00e0 la transition conduite par le <strong>Comit\u00e9 National du Rassemblement pour le D\u00e9veloppement (CNRD)<\/strong>, sous la direction du G\u00e9n\u00e9ral Mamadi Doumbouya.<br \/>\nCette plateforme se veut un <strong>cadre d\u2019unit\u00e9, de coordination et de concertation<\/strong>, afin de renforcer la coh\u00e9sion entre les diff\u00e9rents soutiens au chef de l\u2019\u00c9tat de la transition.<\/p>\n<h3><strong>\u00ab Un homme qui a redonn\u00e9 espoir \u00e0 la Guin\u00e9e \u00bb<\/strong><\/h3>\n<p>Pour <strong>Joachim Baba Milimono<\/strong>, membre du comit\u00e9 de facilitation, la cr\u00e9ation de cette coalition traduit la volont\u00e9 des Guin\u00e9ens de pr\u00e9server les acquis de la transition.<\/p>\n<p><em>\u00ab Les Guin\u00e9ens ont \u00e9t\u00e9 surpris et \u00e9merveill\u00e9s par un homme \u00e0 la t\u00eate d\u2019un groupe d\u2019hommes et de femmes soucieux de l\u2019avenir de ce pays. Au regard des difficult\u00e9s qu\u2019a connues la Guin\u00e9e, ils ont pris la responsabilit\u00e9 de la conduire vers un avenir meilleur. Depuis cette date, un progr\u00e8s positif et un changement r\u00e9el ont \u00e9t\u00e9 constat\u00e9s \u00bb<\/em>, a-t-il d\u00e9clar\u00e9.<\/p>\n<p>M. Milimono a ajout\u00e9 qu\u2019il \u00e9tait devenu n\u00e9cessaire pour les partisans du G\u00e9n\u00e9ral Doumbouya de <strong>s\u2019unir, harmoniser leurs strat\u00e9gies et mutualiser leurs moyens<\/strong>.<\/p>\n<p><em>\u00ab Nous disons au G\u00e9n\u00e9ral qu\u2019il ne peut pas laisser la Guin\u00e9e aux mains de ceux qui veulent simplement briguer le pouvoir pour leurs int\u00e9r\u00eats personnels. Le pays a assez souffert \u00bb<\/em>, a-t-il affirm\u00e9 avant de lancer un appel direct au chef de l\u2019\u00c9tat :<\/p>\n<p><em>\u00ab Aujourd\u2019hui, le peuple, \u00e0 travers ces mouvements et associations, le d\u00e9lient de ses engagements de ne pas se pr\u00e9senter \u00e0 la fin de la transition. Le peuple \u00e9tant au-dessus du CNRD, nous lui demandons solennellement d\u2019\u00eatre candidat \u00e0 la prochaine \u00e9lection pr\u00e9sidentielle. Et cette candidature, nous la souhaitons de tous nos v\u0153ux. Nous sommes pr\u00eats \u00e0 faire de lui le prochain pr\u00e9sident de la R\u00e9publique de Guin\u00e9e, d\u00e9mocratiquement et valablement \u00e9lu. \u00bb<\/em><\/p>\n<h3><strong>Une dynamique collective pour la stabilit\u00e9 et les r\u00e9formes<\/strong><\/h3>\n<p>Pour <strong>Kader Yomba<\/strong>, \u00e9galement membre fondateur de la Convergence R\u00e9publicaine, cette initiative marque une <strong>\u00e9tape symbolique et d\u00e9cisive<\/strong> dans le paysage politique guin\u00e9en.<\/p>\n<p><em>\u00ab Aujourd\u2019hui, nous avons franchi une \u00e9tape majeure en examinant ensemble la feuille de route, la fiche d\u2019engagement formel et la convention de f\u00e9d\u00e9ration. Nous avons pos\u00e9 les bases d\u2019une plateforme citoyenne forte, inclusive et r\u00e9solument tourn\u00e9e vers l\u2019action. Ce que nous b\u00e2tissons ici d\u00e9passe l\u2019exclusif : c\u2019est une dynamique collective et une volont\u00e9 partag\u00e9e de parler d\u2019une seule voix \u00bb<\/em>, a-t-il d\u00e9clar\u00e9.<\/p>\n<h3><\/h3>\n<p>La <strong>Convergence R\u00e9publicaine<\/strong> ambitionne d\u00e9sormais de devenir une <strong>force citoyenne f\u00e9d\u00e9ratrice<\/strong>, porteuse de stabilit\u00e9 et d\u2019engagement patriotique. Ses initiateurs affirment vouloir <strong>accompagner la poursuite des r\u00e9formes engag\u00e9es depuis le 5 septembre 2021<\/strong>, date du changement de r\u00e9gime, tout en consolidant les bases d\u2019une gouvernance nouvelle et responsable.<\/p>\n<p>&nbsp;<\/p>\n<p>AMC<\/p>\n","protected":false},"excerpt":{"rendered":"<p>Une nouvelle coalition politique et citoyenne vient de na\u00eetre au c\u0153ur de Conakry. Ce jeudi, au Palais du Peuple, plusieurs mouvements et associations de soutien au G\u00e9n\u00e9ral Mamadi Doumbouya ont officiellement lanc\u00e9 une structure commune baptis\u00e9e \u00ab Convergence R\u00e9publicaine \u00bb. L\u2019annonce a \u00e9t\u00e9 faite \u00e0 l\u2019issue d\u2019une r\u00e9union de concertation marqu\u00e9e par la signature d\u2019un [&hellip;]<\/p>\n","protected":false},"author":2,"featured_media":5765,"comment_status":"closed","ping_status":"closed","sticky":false,"template":"","format":"standard","meta":{"_jetpack_memberships_contains_paid_content":false,"footnotes":"","jetpack_publicize_message":"","jetpack_publicize_feature_enabled":true,"jetpack_social_post_already_shared":true,"jetpack_social_options":{"image_generator_settings":{"template":"highway","default_image_id":0,"font":"","enabled":false},"version":2}},"categories":[24,27],"tags":[1261,522],"class_list":{"0":"post-5764","1":"post","2":"type-post","3":"status-publish","4":"format-standard","5":"has-post-thumbnail","7":"category-news","8":"category-politique","9":"tag-coalition","10":"tag-mamadi-doumbouya"},"jetpack_publicize_connections":[],"jetpack_featured_media_url":"https:\/\/ledenonciateur224.com\/wp-content\/uploads\/2025\/10\/whatsapp-image-2025-10-30-a-141520-1ded96dd.jpg","jetpack_sharing_enabled":true,"_links":{"self":[{"href":"https:\/\/ledenonciateur224.com\/index.php\/wp-json\/wp\/v2\/posts\/5764","targetHints":{"allow":["GET"]}}],"collection":[{"href":"https:\/\/ledenonciateur224.com\/index.php\/wp-json\/wp\/v2\/posts"}],"about":[{"href":"https:\/\/ledenonciateur224.com\/index.php\/wp-json\/wp\/v2\/types\/post"}],"author":[{"embeddable":true,"href":"https:\/\/ledenonciateur224.com\/index.php\/wp-json\/wp\/v2\/users\/2"}],"replies":[{"embeddable":true,"href":"https:\/\/ledenonciateur224.com\/index.php\/wp-json\/wp\/v2\/comments?post=5764"}],"version-history":[{"count":0,"href":"https:\/\/ledenonciateur224.com\/index.php\/wp-json\/wp\/v2\/posts\/5764\/revisions"}],"wp:featuredmedia":[{"embeddable":true,"href":"https:\/\/ledenonciateur224.com\/index.php\/wp-json\/wp\/v2\/media\/5765"}],"wp:attachment":[{"href":"https:\/\/ledenonciateur224.com\/index.php\/wp-json\/wp\/v2\/media?parent=5764"}],"wp:term":[{"taxonomy":"category","embeddable":true,"href":"https:\/\/ledenonciateur224.com\/index.php\/wp-json\/wp\/v2\/categories?post=5764"},{"taxonomy":"post_tag","embeddable":true,"href":"https:\/\/ledenonciateur224.com\/index.php\/wp-json\/wp\/v2\/tags?post=5764"}],"curies":[{"name":"wp","href":"https:\/\/api.w.org\/{rel}","templated":true}]}}