{"id":5773,"date":"2025-10-31T12:48:24","date_gmt":"2025-10-31T12:48:24","guid":{"rendered":"https:\/\/ledenonciateur224.com\/?p=5773"},"modified":"2025-10-31T12:48:24","modified_gmt":"2025-10-31T12:48:24","slug":"la-guinee-abrite-la-51e-session-ordinaire-de-lomvg","status":"publish","type":"post","link":"https:\/\/ledenonciateur224.com\/index.php\/la-guinee-abrite-la-51e-session-ordinaire-de-lomvg\/","title":{"rendered":"La Guin\u00e9e abrite la 51e session ordinaire de l\u2019OMVG"},"content":{"rendered":"<p>La R\u00e9publique de Guin\u00e9e a accueilli, du 27 au 31 octobre, la 51e session ordinaire du\u00a0<strong>Conseil des ministres de l\u2019Organisation pour la mise en valeur du fleuve Gambie (OMVG)<\/strong>. Cette rencontre d\u2019envergure r\u00e9gionale a r\u00e9uni les repr\u00e9sentants des quatre \u00c9tats membres de l\u2019organisation :\u00a0<strong>la Gambie, la Guin\u00e9e-Bissau, le S\u00e9n\u00e9gal et la R\u00e9publique de Guin\u00e9e<\/strong>.<br \/>\nObjectif : \u00e9valuer les avanc\u00e9es r\u00e9alis\u00e9es, consolider les acquis et tracer de nouvelles perspectives pour une meilleure gestion int\u00e9gr\u00e9e des ressources du bassin du fleuve Gambie.<\/p>\n<p>Prenant la parole au nom du gouvernement guin\u00e9en,\u00a0<strong>Mourana Soumah<\/strong>, ministre de l\u2019\u00c9conomie et des Finances, a rappel\u00e9 l\u2019importance de cette session pour la coop\u00e9ration sous-r\u00e9gionale. Il a invit\u00e9 les \u00c9tats membres \u00e0 honorer leurs engagements financiers, gage du bon fonctionnement de l\u2019organisation et de la r\u00e9ussite de ses projets.<\/p>\n<p><img loading=\"lazy\" decoding=\"async\" class=\"alignnone size-full wp-image-5770\" src=\"https:\/\/ledenonciateur224.com\/wp-content\/uploads\/2025\/10\/20251031-104152-scaled.jpg\" alt=\"\" width=\"2560\" height=\"1152\" srcset=\"https:\/\/ledenonciateur224.com\/wp-content\/uploads\/2025\/10\/20251031-104152-scaled.jpg 2560w, https:\/\/ledenonciateur224.com\/wp-content\/uploads\/2025\/10\/20251031-104152-300x135.jpg 300w, https:\/\/ledenonciateur224.com\/wp-content\/uploads\/2025\/10\/20251031-104152-1024x461.jpg 1024w, https:\/\/ledenonciateur224.com\/wp-content\/uploads\/2025\/10\/20251031-104152-768x346.jpg 768w, https:\/\/ledenonciateur224.com\/wp-content\/uploads\/2025\/10\/20251031-104152-1536x691.jpg 1536w, https:\/\/ledenonciateur224.com\/wp-content\/uploads\/2025\/10\/20251031-104152-2048x922.jpg 2048w, https:\/\/ledenonciateur224.com\/wp-content\/uploads\/2025\/10\/20251031-104152-150x68.jpg 150w, https:\/\/ledenonciateur224.com\/wp-content\/uploads\/2025\/10\/20251031-104152-696x313.jpg 696w, https:\/\/ledenonciateur224.com\/wp-content\/uploads\/2025\/10\/20251031-104152-1068x481.jpg 1068w, https:\/\/ledenonciateur224.com\/wp-content\/uploads\/2025\/10\/20251031-104152-1920x864.jpg 1920w, https:\/\/ledenonciateur224.com\/wp-content\/uploads\/2025\/10\/20251031-104152-933x420.jpg 933w\" sizes=\"auto, (max-width: 2560px) 100vw, 2560px\" \/><\/p>\n<p>\u00ab C\u2019est pour moi un r\u00e9el plaisir de prendre la parole ce matin \u00e0 l\u2019occasion de la 51e session ordinaire du Conseil des ministres de l\u2019Organisation pour la mise en valeur du fleuve Gambie. Je vous remercie de l\u2019int\u00e9r\u00eat que vous accordez \u00e0 notre organisation, qui \u0153uvre pour le bien-\u00eatre des populations de la sous-r\u00e9gion de l\u2019Afrique de l\u2019Ouest en g\u00e9n\u00e9ral et de nos pays en particulier \u00bb, a-t-il d\u00e9clar\u00e9.<\/p>\n<p>Le ministre Mourana Soumah a soulign\u00e9 que dans un contexte mondial marqu\u00e9 par des d\u00e9fis \u00e9conomiques et environnementaux croissants,\u00a0<strong>le renforcement de la coop\u00e9ration r\u00e9gionale<\/strong>\u00a0demeure une priorit\u00e9 absolue. Selon lui, l\u2019OMVG doit continuer \u00e0 \u00eatre un mod\u00e8le de gestion concert\u00e9e et durable des ressources naturelles, afin de promouvoir le\u00a0<strong>d\u00e9veloppement \u00e9conomique, social et \u00e9cologique<\/strong>\u00a0des pays membres.<\/p>\n<p>\u00ab L\u2019exploitation judicieuse, rationnelle et harmonieuse de nos ressources communes devrait aboutir \u00e0 une autosuffisance alimentaire des populations riveraines, \u00e0 la r\u00e9duction de la vuln\u00e9rabilit\u00e9 de nos \u00e9conomies face aux al\u00e9as climatiques, et \u00e0 la pr\u00e9servation de l\u2019\u00e9quilibre des \u00e9cosyst\u00e8mes \u00bb, a-t-il ajout\u00e9, avant d\u2019exhorter les gouvernements \u00e0 s\u2019acquitter de leurs contributions budg\u00e9taires et \u00e0 soutenir les projets \u00e9nerg\u00e9tiques en cours.<\/p>\n<h3><img loading=\"lazy\" decoding=\"async\" class=\"alignnone size-full wp-image-5769\" src=\"https:\/\/ledenonciateur224.com\/wp-content\/uploads\/2025\/10\/20251031-105059-scaled.jpg\" alt=\"\" width=\"2560\" height=\"1152\" srcset=\"https:\/\/ledenonciateur224.com\/wp-content\/uploads\/2025\/10\/20251031-105059-scaled.jpg 2560w, https:\/\/ledenonciateur224.com\/wp-content\/uploads\/2025\/10\/20251031-105059-300x135.jpg 300w, https:\/\/ledenonciateur224.com\/wp-content\/uploads\/2025\/10\/20251031-105059-1024x461.jpg 1024w, https:\/\/ledenonciateur224.com\/wp-content\/uploads\/2025\/10\/20251031-105059-768x346.jpg 768w, https:\/\/ledenonciateur224.com\/wp-content\/uploads\/2025\/10\/20251031-105059-1536x691.jpg 1536w, https:\/\/ledenonciateur224.com\/wp-content\/uploads\/2025\/10\/20251031-105059-2048x922.jpg 2048w, https:\/\/ledenonciateur224.com\/wp-content\/uploads\/2025\/10\/20251031-105059-150x68.jpg 150w, https:\/\/ledenonciateur224.com\/wp-content\/uploads\/2025\/10\/20251031-105059-696x313.jpg 696w, https:\/\/ledenonciateur224.com\/wp-content\/uploads\/2025\/10\/20251031-105059-1068x481.jpg 1068w, https:\/\/ledenonciateur224.com\/wp-content\/uploads\/2025\/10\/20251031-105059-1920x864.jpg 1920w, https:\/\/ledenonciateur224.com\/wp-content\/uploads\/2025\/10\/20251031-105059-933x420.jpg 933w\" sizes=\"auto, (max-width: 2560px) 100vw, 2560px\" \/><\/h3>\n<p>Pour sa part,\u00a0<strong>Aboubacar Camara<\/strong>, ministre de l\u2019Hydraulique et des Hydrocarbures et pr\u00e9sident du Conseil des ministres de l\u2019OMVG, a salu\u00e9 la parfaite organisation de cette session par les autorit\u00e9s guin\u00e9ennes. Dans un discours empreint de reconnaissance et de vision, il a mis en lumi\u00e8re\u00a0<strong>l\u2019importance strat\u00e9gique de cette rencontre<\/strong>\u00a0pour l\u2019avenir de l\u2019organisation.<\/p>\n<p>\u00ab Je tiens \u00e0 exprimer, au nom de nous tous, notre profonde gratitude aux autorit\u00e9s guin\u00e9ennes pour avoir facilit\u00e9 avec diligence l\u2019organisation de cette rencontre essentielle. L\u2019ann\u00e9e qui s\u2019ach\u00e8ve marque non seulement le premier exercice de mon mandat \u00e0 la pr\u00e9sidence de ce Conseil, mais constitue surtout l\u2019an 1 d\u2019un nouveau cycle strat\u00e9gique pour l\u2019OMVG \u00bb, a-t-il d\u00e9clar\u00e9.<\/p>\n<p>Le pr\u00e9sident du Conseil a insist\u00e9 sur les\u00a0<strong>avanc\u00e9es concr\u00e8tes<\/strong>\u00a0enregistr\u00e9es ces derniers mois, notamment la mise en service compl\u00e8te de la\u00a0<strong>ligne d\u2019interconnexion 225 kV<\/strong>, v\u00e9ritable colonne vert\u00e9brale \u00e9nerg\u00e9tique r\u00e9gionale.<br \/>\nIl a \u00e9galement salu\u00e9 la cr\u00e9ation et l\u2019op\u00e9rationnalisation de la\u00a0<strong>SOGESART<\/strong>, une soci\u00e9t\u00e9 qui symbolise le passage de l\u2019OMVG du r\u00f4le de b\u00e2tisseur d\u2019infrastructures \u00e0 celui de gestionnaire responsable et visionnaire.<\/p>\n<p>\u00ab L\u2019OMVG n\u2019est plus un simple ma\u00eetre d\u2019ouvrage public ; elle devient d\u00e9sormais un\u00a0<strong>catalyseur du d\u00e9veloppement<\/strong>\u00a0dans la sous-r\u00e9gion \u00bb, a affirm\u00e9 M. Camara, avant de rappeler les succ\u00e8s r\u00e9cents tels que\u00a0<strong>le premier forum des investisseurs<\/strong>\u00a0tenu \u00e0 Dakar, qui a permis de mobiliser le secteur priv\u00e9 autour des opportunit\u00e9s offertes par le bassin du fleuve Gambie.<\/p>\n<p><img loading=\"lazy\" decoding=\"async\" class=\"alignnone size-full wp-image-5772\" src=\"https:\/\/ledenonciateur224.com\/wp-content\/uploads\/2025\/10\/20251031-104139-scaled.jpg\" alt=\"\" width=\"2560\" height=\"1152\" srcset=\"https:\/\/ledenonciateur224.com\/wp-content\/uploads\/2025\/10\/20251031-104139-scaled.jpg 2560w, https:\/\/ledenonciateur224.com\/wp-content\/uploads\/2025\/10\/20251031-104139-300x135.jpg 300w, https:\/\/ledenonciateur224.com\/wp-content\/uploads\/2025\/10\/20251031-104139-1024x461.jpg 1024w, https:\/\/ledenonciateur224.com\/wp-content\/uploads\/2025\/10\/20251031-104139-768x346.jpg 768w, https:\/\/ledenonciateur224.com\/wp-content\/uploads\/2025\/10\/20251031-104139-1536x691.jpg 1536w, https:\/\/ledenonciateur224.com\/wp-content\/uploads\/2025\/10\/20251031-104139-2048x922.jpg 2048w, https:\/\/ledenonciateur224.com\/wp-content\/uploads\/2025\/10\/20251031-104139-150x68.jpg 150w, https:\/\/ledenonciateur224.com\/wp-content\/uploads\/2025\/10\/20251031-104139-696x313.jpg 696w, https:\/\/ledenonciateur224.com\/wp-content\/uploads\/2025\/10\/20251031-104139-1068x481.jpg 1068w, https:\/\/ledenonciateur224.com\/wp-content\/uploads\/2025\/10\/20251031-104139-1920x864.jpg 1920w, https:\/\/ledenonciateur224.com\/wp-content\/uploads\/2025\/10\/20251031-104139-933x420.jpg 933w\" sizes=\"auto, (max-width: 2560px) 100vw, 2560px\" \/><\/p>\n<p>Il a enfin soulign\u00e9 la relance du chantier strat\u00e9gique de\u00a0<strong>l\u2019am\u00e9nagement hydro\u00e9lectrique de Sambagalou<\/strong>, symbole d\u2019une vision durable et partag\u00e9e entre les pays membres.<\/p>\n<p>Cette 51e session du Conseil des ministres de l\u2019OMVG marque une\u00a0<strong>\u00e9tape d\u00e9cisive<\/strong>\u00a0dans la consolidation de la coop\u00e9ration entre les quatre pays membres. Les discussions ont port\u00e9 sur la\u00a0<strong>p\u00e9rennisation des acquis<\/strong>, le\u00a0<strong>financement des projets structurants<\/strong>, la\u00a0<strong>gestion durable des ressources en eau<\/strong>\u00a0et la\u00a0<strong>s\u00e9curisation \u00e9nerg\u00e9tique<\/strong>\u00a0de la sous-r\u00e9gion.<\/p>\n<p>\u00c0 travers cette rencontre, la Guin\u00e9e r\u00e9affirme son\u00a0<strong>engagement \u00e0 promouvoir une gouvernance partag\u00e9e<\/strong>\u00a0des ressources naturelles, fond\u00e9e sur la solidarit\u00e9, la durabilit\u00e9 et l\u2019efficacit\u00e9. L\u2019OMVG, quant \u00e0 elle, poursuit sa mission d\u2019int\u00e9gration r\u00e9gionale au service du d\u00e9veloppement et du bien-\u00eatre des populations du bassin du fleuve Gambie.<\/p>\n<p>&nbsp;<\/p>\n<p>Aboubacar Moussa Camara<\/p>\n<p>611 70 39 84<\/p>\n","protected":false},"excerpt":{"rendered":"<p>La R\u00e9publique de Guin\u00e9e a accueilli, du 27 au 31 octobre, la 51e session ordinaire du\u00a0Conseil des ministres de l\u2019Organisation pour la mise en valeur du fleuve Gambie (OMVG). Cette rencontre d\u2019envergure r\u00e9gionale a r\u00e9uni les repr\u00e9sentants des quatre \u00c9tats membres de l\u2019organisation :\u00a0la Gambie, la Guin\u00e9e-Bissau, le S\u00e9n\u00e9gal et la R\u00e9publique de Guin\u00e9e. Objectif [&hellip;]<\/p>\n","protected":false},"author":2,"featured_media":5771,"comment_status":"closed","ping_status":"closed","sticky":false,"template":"","format":"standard","meta":{"_jetpack_memberships_contains_paid_content":false,"footnotes":"","jetpack_publicize_message":"","jetpack_publicize_feature_enabled":true,"jetpack_social_post_already_shared":true,"jetpack_social_options":{"image_generator_settings":{"template":"highway","default_image_id":0,"font":"","enabled":false},"version":2}},"categories":[29,24],"tags":[1264,1263,1262],"class_list":{"0":"post-5773","1":"post","2":"type-post","3":"status-publish","4":"format-standard","5":"has-post-thumbnail","7":"category-economie","8":"category-news","9":"tag-hydrocarbures","10":"tag-hydroelectrique","11":"tag-omvg"},"jetpack_publicize_connections":[],"jetpack_featured_media_url":"https:\/\/ledenonciateur224.com\/wp-content\/uploads\/2025\/10\/20251031-104131-scaled.jpg","jetpack_sharing_enabled":true,"_links":{"self":[{"href":"https:\/\/ledenonciateur224.com\/index.php\/wp-json\/wp\/v2\/posts\/5773","targetHints":{"allow":["GET"]}}],"collection":[{"href":"https:\/\/ledenonciateur224.com\/index.php\/wp-json\/wp\/v2\/posts"}],"about":[{"href":"https:\/\/ledenonciateur224.com\/index.php\/wp-json\/wp\/v2\/types\/post"}],"author":[{"embeddable":true,"href":"https:\/\/ledenonciateur224.com\/index.php\/wp-json\/wp\/v2\/users\/2"}],"replies":[{"embeddable":true,"href":"https:\/\/ledenonciateur224.com\/index.php\/wp-json\/wp\/v2\/comments?post=5773"}],"version-history":[{"count":0,"href":"https:\/\/ledenonciateur224.com\/index.php\/wp-json\/wp\/v2\/posts\/5773\/revisions"}],"wp:featuredmedia":[{"embeddable":true,"href":"https:\/\/ledenonciateur224.com\/index.php\/wp-json\/wp\/v2\/media\/5771"}],"wp:attachment":[{"href":"https:\/\/ledenonciateur224.com\/index.php\/wp-json\/wp\/v2\/media?parent=5773"}],"wp:term":[{"taxonomy":"category","embeddable":true,"href":"https:\/\/ledenonciateur224.com\/index.php\/wp-json\/wp\/v2\/categories?post=5773"},{"taxonomy":"post_tag","embeddable":true,"href":"https:\/\/ledenonciateur224.com\/index.php\/wp-json\/wp\/v2\/tags?post=5773"}],"curies":[{"name":"wp","href":"https:\/\/api.w.org\/{rel}","templated":true}]}}