{"id":578,"date":"2024-12-21T22:44:54","date_gmt":"2024-12-21T22:44:54","guid":{"rendered":"https:\/\/ledenonciateur224.com\/?p=578"},"modified":"2024-12-21T22:44:54","modified_gmt":"2024-12-21T22:44:54","slug":"drame-au-stade-de-nzerekore-le-ministre-de-la-justice-clarifie-le-bilan-et-les-circonstances","status":"publish","type":"post","link":"https:\/\/ledenonciateur224.com\/index.php\/drame-au-stade-de-nzerekore-le-ministre-de-la-justice-clarifie-le-bilan-et-les-circonstances\/","title":{"rendered":"Drame au Stade de Nz\u00e9r\u00e9kor\u00e9 : Le ministre de la Justice clarifie le bilan et les circonstances"},"content":{"rendered":"<p>&nbsp;<\/p>\n<p><span style=\"color: #444444;font-family: open sans, serif\">Lors de son passage \u00e0 l\u2019\u00e9mission \u00ab On fait le point \u00bb le 20 d\u00e9cembre 2024, Yaya Kairaba Kaba, ministre de la Justice et des Droits de l\u2019Homme, a pr\u00e9cis\u00e9 le bilan humain du drame survenu au stade de N\u2019Z\u00e9r\u00e9kor\u00e9, tout en rejetant toute interpr\u00e9tation politique de l&rsquo;incident.<\/span><\/p>\n<p>&nbsp;<\/p>\n<p>&nbsp;<\/p>\n<p><span style=\"color: #444444;font-family: open sans, serif\">Invit\u00e9 de l\u2019\u00e9mission \u00ab On fait le point \u00bb diffus\u00e9e sur la RTG le vendredi 20 d\u00e9cembre 2024, le ministre de la Justice et des Droits de l\u2019Homme, Yaya Kairaba Kaba, a r\u00e9agi sur le tragique incident qui a co\u00fbt\u00e9 la vie \u00e0 56 personnes au stade de N\u2019Z\u00e9r\u00e9kor\u00e9. Il a r\u00e9affirm\u00e9 que le bilan annonc\u00e9 \u00e9tait un chiffre provisoire, communiqu\u00e9 par le gouvernement sur la base des donn\u00e9es fournies par les h\u00f4pitaux et les autorit\u00e9s judiciaires.<\/span><\/p>\n<p>&nbsp;<\/p>\n<p><span style=\"color: #444444;font-family: open sans, serif\">Le ministre a expliqu\u00e9 que cet \u00e9v\u00e9nement tragique ne rev\u00eatait aucune connotation politique et qu\u2019il s\u2019agissait d\u2019un incident malheureux survenu lors d&rsquo;un \u00e9v\u00e9nement sportif. Selon lui, certains ont cherch\u00e9 \u00e0 exploiter cet incident pour attiser les tensions, en diffusant des chiffres parfois impr\u00e9cis et non v\u00e9rifi\u00e9s.<\/span><\/p>\n<p><em><strong><span style=\"color: #444444;font-family: open sans, serif\">Un bilan fond\u00e9 sur des sources fiables<\/span><\/strong><\/em><\/p>\n<p><span style=\"color: #444444;font-family: open sans, serif\">Yaya Kairaba Kaba a insist\u00e9 sur le fait que les chiffres communiqu\u00e9s par le gouvernement \u00e9taient issus de sources hospitali\u00e8res et des enqu\u00eates judiciaires men\u00e9es sur le terrain. \u00ab Les chiffres annon\u00e7ant 56 victimes sont les r\u00e9sultats des comptabilisations effectu\u00e9es \u00e0 l\u2019h\u00f4pital de N\u2019Z\u00e9r\u00e9kor\u00e9, confirm\u00e9es par des enqu\u00eates judiciaires. Depuis la premi\u00e8re annonce, aucun nouveau d\u00e9c\u00e8s n\u2019a \u00e9t\u00e9 enregistr\u00e9 \u00bb, a pr\u00e9cis\u00e9 le ministre.<\/span><\/p>\n<p><span style=\"color: #444444;font-family: open sans, serif\">Il a \u00e9galement soulign\u00e9 que la Guin\u00e9e n\u2019\u00e9tait pas le seul pays \u00e0 avoir connu de tels drames dans le cadre d&rsquo;\u00e9v\u00e9nements sportifs, rappelant que d\u2019autres nations ont d\u00e9j\u00e0 \u00e9t\u00e9 confront\u00e9es \u00e0 des incidents similaires.<\/span><\/p>\n<p><span style=\"color: #444444;font-family: open sans, serif\">En conclusion, le ministre a exprim\u00e9 sa profonde \u00e9motion face \u00e0 cette trag\u00e9die, tout en r\u00e9affirmant que les autorit\u00e9s continueront de faire toute la lumi\u00e8re sur les causes de cet incident, afin de pr\u00e9venir de telles situations \u00e0 l\u2019avenir.<\/span><\/p>\n<p>&nbsp;<\/p>\n<p>&nbsp;<\/p>\n<p>&nbsp;<\/p>\n<p>N&rsquo;sira Sylla<\/p>\n","protected":false},"excerpt":{"rendered":"<p>&nbsp; Lors de son passage \u00e0 l\u2019\u00e9mission \u00ab On fait le point \u00bb le 20 d\u00e9cembre 2024, Yaya Kairaba Kaba, ministre de la Justice et des Droits de l\u2019Homme, a pr\u00e9cis\u00e9 le bilan humain du drame survenu au stade de N\u2019Z\u00e9r\u00e9kor\u00e9, tout en rejetant toute interpr\u00e9tation politique de l&rsquo;incident. &nbsp; &nbsp; Invit\u00e9 de l\u2019\u00e9mission \u00ab [&hellip;]<\/p>\n","protected":false},"author":2,"featured_media":579,"comment_status":"open","ping_status":"open","sticky":false,"template":"","format":"standard","meta":{"_jetpack_memberships_contains_paid_content":false,"footnotes":"","jetpack_publicize_message":"","jetpack_publicize_feature_enabled":true,"jetpack_social_post_already_shared":false,"jetpack_social_options":{"image_generator_settings":{"template":"highway","default_image_id":0,"font":"","enabled":false},"version":2}},"categories":[30,24],"tags":[43,120],"class_list":{"0":"post-578","1":"post","2":"type-post","3":"status-publish","4":"format-standard","5":"has-post-thumbnail","7":"category-faits-divers","8":"category-news","9":"tag-drame-au-stade-de-nzerekore","10":"tag-ministre-de-la-justice"},"jetpack_publicize_connections":[],"jetpack_featured_media_url":"https:\/\/ledenonciateur224.com\/wp-content\/uploads\/2024\/12\/fb-img-1734819458428-800x445-1.jpg","jetpack_sharing_enabled":true,"_links":{"self":[{"href":"https:\/\/ledenonciateur224.com\/index.php\/wp-json\/wp\/v2\/posts\/578","targetHints":{"allow":["GET"]}}],"collection":[{"href":"https:\/\/ledenonciateur224.com\/index.php\/wp-json\/wp\/v2\/posts"}],"about":[{"href":"https:\/\/ledenonciateur224.com\/index.php\/wp-json\/wp\/v2\/types\/post"}],"author":[{"embeddable":true,"href":"https:\/\/ledenonciateur224.com\/index.php\/wp-json\/wp\/v2\/users\/2"}],"replies":[{"embeddable":true,"href":"https:\/\/ledenonciateur224.com\/index.php\/wp-json\/wp\/v2\/comments?post=578"}],"version-history":[{"count":0,"href":"https:\/\/ledenonciateur224.com\/index.php\/wp-json\/wp\/v2\/posts\/578\/revisions"}],"wp:featuredmedia":[{"embeddable":true,"href":"https:\/\/ledenonciateur224.com\/index.php\/wp-json\/wp\/v2\/media\/579"}],"wp:attachment":[{"href":"https:\/\/ledenonciateur224.com\/index.php\/wp-json\/wp\/v2\/media?parent=578"}],"wp:term":[{"taxonomy":"category","embeddable":true,"href":"https:\/\/ledenonciateur224.com\/index.php\/wp-json\/wp\/v2\/categories?post=578"},{"taxonomy":"post_tag","embeddable":true,"href":"https:\/\/ledenonciateur224.com\/index.php\/wp-json\/wp\/v2\/tags?post=578"}],"curies":[{"name":"wp","href":"https:\/\/api.w.org\/{rel}","templated":true}]}}