{"id":5782,"date":"2025-10-31T14:12:44","date_gmt":"2025-10-31T14:12:44","guid":{"rendered":"https:\/\/ledenonciateur224.com\/?p=5782"},"modified":"2025-10-31T15:20:29","modified_gmt":"2025-10-31T15:20:29","slug":"la-ministre-dre-diaka-sidibe-preside-la-2eme-reunion-du-comite-de-pilotage-du-guinea-business-forum","status":"publish","type":"post","link":"https:\/\/ledenonciateur224.com\/index.php\/la-ministre-dre-diaka-sidibe-preside-la-2eme-reunion-du-comite-de-pilotage-du-guinea-business-forum\/","title":{"rendered":"R\u00e9formes, action et vision : Dre Diaka Sidib\u00e9 dynamise la 2\u1d49 r\u00e9union du Guinea Business Forum"},"content":{"rendered":"<p>Le chef du gouvernement Amadou Oury Bah, a pr\u00e9sid\u00e9 ce vendredi 31 octobre 2025 la\u00a0<strong>deuxi\u00e8me r\u00e9union du Comit\u00e9 de Pilotage du Guinea Business Forum (GBF)<\/strong>. Cette rencontre s\u2019inscrit dans la dynamique de renforcement du dialogue public-priv\u00e9, pilier central de la strat\u00e9gie nationale de d\u00e9veloppement \u00e9conomique.<\/p>\n<p><img loading=\"lazy\" decoding=\"async\" class=\"alignnone size-full wp-image-5790\" src=\"https:\/\/ledenonciateur224.com\/wp-content\/uploads\/2025\/10\/fb-img-1761923941306.jpg\" alt=\"\" width=\"1366\" height=\"2048\" srcset=\"https:\/\/ledenonciateur224.com\/wp-content\/uploads\/2025\/10\/fb-img-1761923941306.jpg 1366w, https:\/\/ledenonciateur224.com\/wp-content\/uploads\/2025\/10\/fb-img-1761923941306-200x300.jpg 200w, https:\/\/ledenonciateur224.com\/wp-content\/uploads\/2025\/10\/fb-img-1761923941306-683x1024.jpg 683w, https:\/\/ledenonciateur224.com\/wp-content\/uploads\/2025\/10\/fb-img-1761923941306-768x1151.jpg 768w, https:\/\/ledenonciateur224.com\/wp-content\/uploads\/2025\/10\/fb-img-1761923941306-1025x1536.jpg 1025w, https:\/\/ledenonciateur224.com\/wp-content\/uploads\/2025\/10\/fb-img-1761923941306-150x225.jpg 150w, https:\/\/ledenonciateur224.com\/wp-content\/uploads\/2025\/10\/fb-img-1761923941306-300x450.jpg 300w, https:\/\/ledenonciateur224.com\/wp-content\/uploads\/2025\/10\/fb-img-1761923941306-696x1043.jpg 696w, https:\/\/ledenonciateur224.com\/wp-content\/uploads\/2025\/10\/fb-img-1761923941306-1068x1601.jpg 1068w, https:\/\/ledenonciateur224.com\/wp-content\/uploads\/2025\/10\/fb-img-1761923941306-280x420.jpg 280w\" sizes=\"auto, (max-width: 1366px) 100vw, 1366px\" \/><\/p>\n<p>La rencontre a regroup\u00e9 des membres du gouvernement y compris des cadres des diff\u00e9rents secteurs impliqu\u00e9s.<\/p>\n<p><img loading=\"lazy\" decoding=\"async\" class=\"alignnone size-full wp-image-5777\" src=\"https:\/\/ledenonciateur224.com\/wp-content\/uploads\/2025\/10\/fb-img-1761917550500.jpg\" alt=\"\" width=\"960\" height=\"640\" srcset=\"https:\/\/ledenonciateur224.com\/wp-content\/uploads\/2025\/10\/fb-img-1761917550500.jpg 960w, https:\/\/ledenonciateur224.com\/wp-content\/uploads\/2025\/10\/fb-img-1761917550500-300x200.jpg 300w, https:\/\/ledenonciateur224.com\/wp-content\/uploads\/2025\/10\/fb-img-1761917550500-768x512.jpg 768w, https:\/\/ledenonciateur224.com\/wp-content\/uploads\/2025\/10\/fb-img-1761917550500-150x100.jpg 150w, https:\/\/ledenonciateur224.com\/wp-content\/uploads\/2025\/10\/fb-img-1761917550500-696x464.jpg 696w, https:\/\/ledenonciateur224.com\/wp-content\/uploads\/2025\/10\/fb-img-1761917550500-630x420.jpg 630w\" sizes=\"auto, (max-width: 960px) 100vw, 960px\" \/><\/p>\n<p>Dans son discours, la ministre de l&rsquo;industrie des petites et moyennes entreprises Dre Diaka Sidib\u00e9 \u00e9galement <strong>premi\u00e8re vice-pr\u00e9sidente du GBF<\/strong>, a exprim\u00e9 son honneur de participer \u00e0 cette session de travail, soulignant la vocation du Forum \u00e0 devenir un <strong>cadre institutionnel de concertation, d\u2019innovation et d\u2019action conjointe<\/strong>\u00a0entre l\u2019\u00c9tat, le secteur priv\u00e9 et les partenaires techniques et financiers.<\/p>\n<p>\u00ab C\u2019est pour moi un immense honneur et un r\u00e9el plaisir de prendre la parole en ma qualit\u00e9 de tutelle technique et premi\u00e8re vice-pr\u00e9sidente du GBF, \u00e0 l\u2019occasion de cette deuxi\u00e8me r\u00e9union du Comit\u00e9 de Pilotage du Guinea Business Forum, cadre institutionnel du dialogue public-priv\u00e9, n\u00e9 de la volont\u00e9 du Gouvernement de b\u00e2tir un partenariat dynamique, transparent et orient\u00e9 vers les r\u00e9sultats avec le secteur priv\u00e9 \u00bb, a-t-elle d\u00e9clar\u00e9.<\/p>\n<p>Dre Diaka Sidib\u00e9 a salu\u00e9 la\u00a0<strong>vision audacieuse du Pr\u00e9sident de la R\u00e9publique, le G\u00e9n\u00e9ral Mamadi Doumbouya<\/strong>, dont l\u2019ambition est de construire\u00a0<em>\u00ab une Guin\u00e9e forte, souveraine, prosp\u00e8re et inclusive \u00bb<\/em>, port\u00e9e par un d\u00e9veloppement \u00e9conomique durable et responsable. Elle a \u00e9galement rendu hommage au\u00a0<strong>Premier ministre, Chef du Gouvernement<\/strong>, pour son leadership et son engagement constant dans la mise en \u0153uvre du GBF, d\u00e9sormais \u00e9rig\u00e9 en\u00a0<strong>levier central du d\u00e9veloppement national<\/strong>.<\/p>\n<p>La ministre a rappel\u00e9 que le\u00a0<strong>Guinea Business Forum<\/strong>\u00a0va bien au-del\u00e0 d\u2019un simple espace de concertation. Il constitue d\u00e9sormais une\u00a0<strong>plateforme strat\u00e9gique de co-construction<\/strong>, o\u00f9 se rencontrent les \u00e9nergies, les expertises et les visions de tous les acteurs du d\u00e9veloppement national.<\/p>\n<p>\u00ab Le GBF incarne notre volont\u00e9 commune de b\u00e2tir un climat d\u2019affaires comp\u00e9titif, attractif et transparent, condition essentielle pour acc\u00e9l\u00e9rer la diversification de notre \u00e9conomie et stimuler l\u2019investissement productif \u00bb, a-t-elle affirm\u00e9.<\/p>\n<p>Elle a soulign\u00e9 la parfaite coh\u00e9rence entre le GBF et les objectifs du\u00a0<strong>Programme de D\u00e9veloppement Socio-\u00e9conomique Durable et Responsable \u2013 Simandou 2040<\/strong>, r\u00e9cemment remis au Chef de l\u2019\u00c9tat. Sur les\u00a0<strong>65 milliards de dollars d\u2019investissements pr\u00e9vus<\/strong>, pr\u00e8s de\u00a0<strong>45 milliards devraient provenir du secteur priv\u00e9<\/strong>, preuve du r\u00f4le moteur que celui-ci est appel\u00e9 \u00e0 jouer dans la transformation \u00e9conomique du pays.<\/p>\n<p>Depuis la premi\u00e8re r\u00e9union du Comit\u00e9 de Pilotage en mai 2024, des\u00a0<strong>avanc\u00e9es significatives<\/strong>\u00a0ont \u00e9t\u00e9 enregistr\u00e9es :<\/p>\n<ul>\n<li>La r\u00e9actualisation de l\u2019arr\u00eat\u00e9 portant cr\u00e9ation du GBF ;<\/li>\n<li>La mise \u00e0 jour de l\u2019arr\u00eat\u00e9 de nomination des membres du Comit\u00e9 de Pilotage ;<\/li>\n<li>La signature de l\u2019arr\u00eat\u00e9 instituant le\u00a0<strong>Comit\u00e9 Technique des R\u00e9formes du GBF<\/strong>\u00a0;<\/li>\n<li>Et la tenue, du 20 au 25 ao\u00fbt 2025, des\u00a0<strong>travaux du Comit\u00e9 Technique des R\u00e9formes<\/strong>, articul\u00e9s autour de six r\u00e9formes prioritaires.<\/li>\n<\/ul>\n<p>Ces\u00a0<strong>six r\u00e9formes structurantes<\/strong>\u00a0traduisent la d\u00e9termination du gouvernement \u00e0 faire du GBF un\u00a0<strong>instrument concret de transformation<\/strong>\u00a0:<\/p>\n<ol>\n<li><strong>R\u00e9vision du Code des investissements<\/strong>, pour renforcer l\u2019attractivit\u00e9 de la Guin\u00e9e et offrir un cadre fiscal comp\u00e9titif et s\u00e9curis\u00e9.<\/li>\n<li><strong>Mise en place du Statut de l\u2019Entreprenant<\/strong>, facilitant la formalisation des tr\u00e8s petites entreprises et entrepreneurs individuels.<\/li>\n<li><strong>Cr\u00e9ation d\u2019une \u00c9cole d\u2019Excellence de Commerce, Banque et Assurances<\/strong>\u00a0\u00e0 travers l\u2019ISCAEG, destin\u00e9e \u00e0 former des cadres qualifi\u00e9s r\u00e9pondant aux standards internationaux.<\/li>\n<li><strong>Mise en place du Guichet Unique du Foncier<\/strong>, pour plus de transparence et de rapidit\u00e9 dans les proc\u00e9dures d\u2019acquisition.<\/li>\n<li><strong>\u00c9laboration du Livret du Contribuable-Entrepreneur<\/strong>, un outil p\u00e9dagogique pour am\u00e9liorer la relation entre administration fiscale et entreprises.<\/li>\n<li><strong>Promotion de la Responsabilit\u00e9 Soci\u00e9tale des Entreprises (RSE)<\/strong>, pour ancrer les principes d\u2019\u00e9thique, de durabilit\u00e9 et de bonne gouvernance dans le tissu \u00e9conomique guin\u00e9en.<\/li>\n<\/ol>\n<h3><img loading=\"lazy\" decoding=\"async\" class=\"alignnone size-full wp-image-5778\" src=\"https:\/\/ledenonciateur224.com\/wp-content\/uploads\/2025\/10\/fb-img-1761917542281.jpg\" alt=\"\" width=\"640\" height=\"960\" srcset=\"https:\/\/ledenonciateur224.com\/wp-content\/uploads\/2025\/10\/fb-img-1761917542281.jpg 640w, https:\/\/ledenonciateur224.com\/wp-content\/uploads\/2025\/10\/fb-img-1761917542281-200x300.jpg 200w, https:\/\/ledenonciateur224.com\/wp-content\/uploads\/2025\/10\/fb-img-1761917542281-150x225.jpg 150w, https:\/\/ledenonciateur224.com\/wp-content\/uploads\/2025\/10\/fb-img-1761917542281-300x450.jpg 300w, https:\/\/ledenonciateur224.com\/wp-content\/uploads\/2025\/10\/fb-img-1761917542281-280x420.jpg 280w\" sizes=\"auto, (max-width: 640px) 100vw, 640px\" \/><\/h3>\n<p>Cette deuxi\u00e8me r\u00e9union du Comit\u00e9 de Pilotage vise \u00e0\u00a0<strong>\u00e9valuer l\u2019\u00e9tat d\u2019avancement de ces r\u00e9formes<\/strong>\u00a0et \u00e0 consolider les acquis. La ministre a insist\u00e9 sur la n\u00e9cessit\u00e9 de\u00a0<strong>traduire les engagements en actions concr\u00e8tes<\/strong>, afin de moderniser les m\u00e9canismes d\u2019appui au secteur priv\u00e9 et d\u2019accro\u00eetre la comp\u00e9titivit\u00e9 de l\u2019\u00e9conomie nationale.<\/p>\n<p>\u00ab Ces r\u00e9formes ne sont pas de simples intentions. Elles traduisent l\u2019engagement ferme du Gouvernement \u00e0 agir concr\u00e8tement, \u00e0 simplifier, moderniser et rendre plus performants les m\u00e9canismes d\u2019appui au secteur priv\u00e9 \u00bb, a pr\u00e9cis\u00e9 Dre Sidib\u00e9.<\/p>\n<p>Elle a appel\u00e9 \u00e0 une\u00a0<strong>synergie d\u2019actions entre les institutions publiques et priv\u00e9es<\/strong>, afin d\u2019assurer un suivi rigoureux et mesurable des progr\u00e8s accomplis, dans une logique de\u00a0<strong>redevabilit\u00e9 et d\u2019efficacit\u00e9<\/strong>.<\/p>\n<p>En s\u2019adressant aux membres du Comit\u00e9 de Pilotage et du Comit\u00e9 Technique des R\u00e9formes, la ministre a salu\u00e9 leur engagement et les a exhort\u00e9s \u00e0 poursuivre les efforts pour faire du GBF un\u00a0<strong>mod\u00e8le r\u00e9gional de dialogue public-priv\u00e9 r\u00e9ussi<\/strong>.<\/p>\n<p>\u00ab Notre objectif ultime reste le m\u00eame : am\u00e9liorer le quotidien de nos concitoyens, cr\u00e9er des emplois d\u00e9cents, stimuler la croissance et construire une Guin\u00e9e r\u00e9solument tourn\u00e9e vers l\u2019avenir \u00bb, a-t-elle conclu.<\/p>\n<p>Enfin, elle a adress\u00e9 ses f\u00e9licitations \u00e0 son\u00a0<strong>\u00e9quipe technique<\/strong>, conduite par\u00a0<strong>Dre Karine Tad\u00e9 Diallo<\/strong>, directrice nationale de la promotion du secteur priv\u00e9, pour la qualit\u00e9 de l\u2019organisation et leur d\u00e9vouement malgr\u00e9 un contexte marqu\u00e9 par des d\u00e9fis structurels.<\/p>\n<p>\u00ab Puissent nos \u00e9changes de ce jour \u00eatre riches, constructifs et porteurs de d\u00e9cisions fortes au service du d\u00e9veloppement \u00e9conomique et social de notre pays \u00bb, a-t-elle souhait\u00e9.<\/p>\n<p>&nbsp;<\/p>\n<p>&nbsp;<\/p>\n<p>Ledenonciateur224.com<\/p>\n","protected":false},"excerpt":{"rendered":"<p>Le chef du gouvernement Amadou Oury Bah, a pr\u00e9sid\u00e9 ce vendredi 31 octobre 2025 la\u00a0deuxi\u00e8me r\u00e9union du Comit\u00e9 de Pilotage du Guinea Business Forum (GBF). Cette rencontre s\u2019inscrit dans la dynamique de renforcement du dialogue public-priv\u00e9, pilier central de la strat\u00e9gie nationale de d\u00e9veloppement \u00e9conomique. La rencontre a regroup\u00e9 des membres du gouvernement y compris [&hellip;]<\/p>\n","protected":false},"author":2,"featured_media":5778,"comment_status":"closed","ping_status":"closed","sticky":false,"template":"","format":"standard","meta":{"_jetpack_memberships_contains_paid_content":false,"footnotes":"","jetpack_publicize_message":"","jetpack_publicize_feature_enabled":true,"jetpack_social_post_already_shared":true,"jetpack_social_options":{"image_generator_settings":{"template":"highway","default_image_id":0,"font":"","enabled":false},"version":2}},"categories":[29,24],"tags":[839],"class_list":{"0":"post-5782","1":"post","2":"type-post","3":"status-publish","4":"format-standard","5":"has-post-thumbnail","7":"category-economie","8":"category-news","9":"tag-industrie-guinee"},"jetpack_publicize_connections":[],"jetpack_featured_media_url":"https:\/\/ledenonciateur224.com\/wp-content\/uploads\/2025\/10\/fb-img-1761917542281.jpg","jetpack_sharing_enabled":true,"_links":{"self":[{"href":"https:\/\/ledenonciateur224.com\/index.php\/wp-json\/wp\/v2\/posts\/5782","targetHints":{"allow":["GET"]}}],"collection":[{"href":"https:\/\/ledenonciateur224.com\/index.php\/wp-json\/wp\/v2\/posts"}],"about":[{"href":"https:\/\/ledenonciateur224.com\/index.php\/wp-json\/wp\/v2\/types\/post"}],"author":[{"embeddable":true,"href":"https:\/\/ledenonciateur224.com\/index.php\/wp-json\/wp\/v2\/users\/2"}],"replies":[{"embeddable":true,"href":"https:\/\/ledenonciateur224.com\/index.php\/wp-json\/wp\/v2\/comments?post=5782"}],"version-history":[{"count":0,"href":"https:\/\/ledenonciateur224.com\/index.php\/wp-json\/wp\/v2\/posts\/5782\/revisions"}],"wp:featuredmedia":[{"embeddable":true,"href":"https:\/\/ledenonciateur224.com\/index.php\/wp-json\/wp\/v2\/media\/5778"}],"wp:attachment":[{"href":"https:\/\/ledenonciateur224.com\/index.php\/wp-json\/wp\/v2\/media?parent=5782"}],"wp:term":[{"taxonomy":"category","embeddable":true,"href":"https:\/\/ledenonciateur224.com\/index.php\/wp-json\/wp\/v2\/categories?post=5782"},{"taxonomy":"post_tag","embeddable":true,"href":"https:\/\/ledenonciateur224.com\/index.php\/wp-json\/wp\/v2\/tags?post=5782"}],"curies":[{"name":"wp","href":"https:\/\/api.w.org\/{rel}","templated":true}]}}