{"id":5787,"date":"2025-10-31T15:14:25","date_gmt":"2025-10-31T15:14:25","guid":{"rendered":"https:\/\/ledenonciateur224.com\/?p=5787"},"modified":"2025-10-31T15:14:25","modified_gmt":"2025-10-31T15:14:25","slug":"la-paillote-se-reconstruit-quand-la-guinee-rebatit-son-histoire-a-travers-la-culture","status":"publish","type":"post","link":"https:\/\/ledenonciateur224.com\/index.php\/la-paillote-se-reconstruit-quand-la-guinee-rebatit-son-histoire-a-travers-la-culture\/","title":{"rendered":"La Paillote se reconstruit : quand la Guin\u00e9e reb\u00e2tit son histoire \u00e0 travers la culture\u00a0"},"content":{"rendered":"<p>Ce vendredi 31 octobre, les autorit\u00e9s ont proc\u00e9d\u00e9 \u00e0 la <strong>pose de la premi\u00e8re pierre<\/strong>\u00a0de la reconstruction de la paillote, un geste hautement symbolique, porteur de m\u00e9moire, de reconnaissance et d\u2019avenir.<\/p>\n<p>L\u2019\u00e9v\u00e9nement s\u2019est d\u00e9roul\u00e9 dans une atmosph\u00e8re de solennit\u00e9 et d\u2019\u00e9motion, marquant un tournant pour la culture nationale.<\/p>\n<p>Deux membres du gouvernement et deux ministres de la pr\u00e9sidence ont honor\u00e9 de leur pr\u00e9sence cette c\u00e9r\u00e9monie qui relie le pass\u00e9 au pr\u00e9sent :<\/p>\n<ul>\n<li><strong>Mory Cond\u00e9<\/strong>, ministre de l\u2019Urbanisme, de l\u2019Habitat et de l\u2019Am\u00e9nagement du territoire ;<\/li>\n<li><strong>Moussa Mo\u00efse Sylla<\/strong>, ministre de la Culture et de l\u2019Artisanat ;<\/li>\n<li><strong>Djiba Diakit\u00e9<\/strong>, ministre directeur de cabinet \u00e0 la Pr\u00e9sidence et pr\u00e9sident du Comit\u00e9 strat\u00e9gique du Projet Simandou. Et G\u00e9n\u00e9ral Amara Camara ministre secr\u00e9taire g\u00e9n\u00e9ral \u00e0 la pr\u00e9sidence<\/li>\n<\/ul>\n<h3><\/h3>\n<p>Premier \u00e0 s\u2019exprimer, le ministre\u00a0<strong>Mory Cond\u00e9<\/strong>\u00a0a rappel\u00e9 que la reconstruction de La Paillote s\u2019inscrit dans la\u00a0<strong>vision du Pr\u00e9sident Mamadi Doumbouya<\/strong>, notamment \u00e0 travers le\u00a0<strong>Programme de D\u00e9veloppement Socio-\u00c9conomique et Responsable Simandou 2040<\/strong>.<br \/>\nIl a salu\u00e9 un projet qui illustre\u00a0<em>\u00ab la coh\u00e9rence de l\u2019action publique et le nouveau souffle donn\u00e9 \u00e0 la construction d\u2019infrastructures et d\u2019\u00e9quipements urbains \u00bb<\/em>.<br \/>\nRevenant sur l\u2019historique du lieu, il a pr\u00e9cis\u00e9 qu\u2019avant le 5 septembre 2021,\u00a0<em>\u00ab ce site avait \u00e9t\u00e9 octroy\u00e9 pour autre chose \u00bb<\/em>, mais que le chef de l\u2019\u00c9tat a tenu \u00e0 ce qu\u2019il conserve sa vocation historique :<\/p>\n<p><em>\u00ab Ce site a toujours \u00e9t\u00e9 La Paillote, et il devait le rester. \u00bb<\/em><\/p>\n<h3>La Paillote, c\u0153ur battant de la culture guin\u00e9enne<\/h3>\n<p>Le ministre de la Culture,\u00a0<strong>Moussa Mo\u00efse Sylla<\/strong>, a livr\u00e9 une intervention empreinte d\u2019\u00e9motion et de fiert\u00e9. Il a replac\u00e9 La Paillote dans le patrimoine culturel national, rappelant que ce lieu n\u2019a jamais \u00e9t\u00e9 un simple espace sc\u00e9nique :<\/p>\n<p><em>\u00ab La Paillote raconte une nation. Elle a \u00e9t\u00e9 le c\u0153ur battant de la vie culturelle guin\u00e9enne, le temple de la cr\u00e9ation artistique, le t\u00e9moin vivant du g\u00e9nie de notre peuple. \u00bb<\/em><\/p>\n<p>Selon lui, ce lieu symbolise l\u2019unit\u00e9 \u00e0 travers la diversit\u00e9 : un carrefour o\u00f9 se m\u00ealaient rythmes\u00a0<strong>maninka, peul, soussou, forestier<\/strong>, incarnant ainsi l\u2019harmonie nationale.<br \/>\nSa reconstruction repr\u00e9sente\u00a0<em>\u00ab un acte de renaissance symbolique \u00bb<\/em>, une fa\u00e7on de\u00a0<strong>r\u00e9affirmer l\u2019identit\u00e9 culturelle et la fiert\u00e9 artistique<\/strong>\u00a0du pays.<\/p>\n<p>Le ministre a \u00e9galement d\u00e9voil\u00e9 les grandes lignes du futur complexe :<\/p>\n<ul>\n<li>un\u00a0<strong>espace culturel de plus de 1.000 places<\/strong>,<\/li>\n<li>des\u00a0<strong>r\u00e9sidences d\u2019artistes<\/strong>,<\/li>\n<li>des\u00a0<strong>studios d\u2019enregistrement<\/strong>,<\/li>\n<li>un\u00a0<strong>mus\u00e9e du patrimoine<\/strong>,<\/li>\n<li>un\u00a0<strong>espace d\u2019exposition<\/strong>\u00a0et une\u00a0<strong>sc\u00e8ne modulable<\/strong>\u00a0adapt\u00e9e aussi bien aux arts traditionnels qu\u2019aux cr\u00e9ations contemporaines.<\/li>\n<\/ul>\n<p>Il a promis un\u00a0<strong>suivi rigoureux<\/strong>, rappelant la volont\u00e9 du chef de l\u2019\u00c9tat de\u00a0<strong>mettre fin aux \u201cposes de premi\u00e8re pierre sans lendemain.\u201d<\/strong><\/p>\n<p>Cl\u00f4turant les interventions,\u00a0<strong>Djiba Diakit\u00e9<\/strong>, ministre directeur de cabinet \u00e0 la Pr\u00e9sidence et pr\u00e9sident du Comit\u00e9 strat\u00e9gique du Projet Simandou, a replac\u00e9 l\u2019\u00e9v\u00e9nement dans la\u00a0<strong>vision globale du Pr\u00e9sident Mamadi Doumbouya<\/strong>.<br \/>\nSelon lui, la culture est au c\u0153ur du projet de transformation nationale :<\/p>\n<p><em>\u00ab La culture n\u2019est pas un ornement de la R\u00e9publique. Elle est son souffle, sa colonne vert\u00e9brale, son \u00e2me. \u00bb<\/em><\/p>\n<p>Il a insist\u00e9 sur le fait que la reconstruction de La Paillote symbolise\u00a0<strong>la r\u00e9conciliation entre m\u00e9moire et futur<\/strong>\u00a0:<\/p>\n<p><em>\u00ab En la reconstruisant, nous reconstruisons aussi le fil de notre r\u00e9cit national. \u00bb<\/em><\/p>\n<p>Enfin, il a rendu hommage aux\u00a0<strong>artistes, techniciens et acteurs culturels<\/strong>, v\u00e9ritables b\u00e2tisseurs de m\u00e9moire et artisans de fiert\u00e9, tout en soulignant que la\u00a0<strong>culture devient d\u00e9sormais un levier central de l\u2019\u00e9conomie guin\u00e9enne<\/strong>\u00a0et un pilier de son attractivit\u00e9 internationale.<\/p>\n<p>La reconstruction de\u00a0<strong>La Paillote<\/strong>\u00a0marque plus qu\u2019un chantier : elle repr\u00e9sente un\u00a0<strong>engagement national<\/strong>\u00a0pour pr\u00e9server la m\u00e9moire collective, c\u00e9l\u00e9brer le g\u00e9nie cr\u00e9atif guin\u00e9en et projeter la culture comme vecteur de d\u00e9veloppement durable.<br \/>\nUn acte fondateur pour une Guin\u00e9e qui b\u00e2tit son avenir en s\u2019appuyant sur les pierres de son histoire.<\/p>\n<p>&nbsp;<\/p>\n<p>&nbsp;<\/p>\n<p>AMC<\/p>\n","protected":false},"excerpt":{"rendered":"<p>Ce vendredi 31 octobre, les autorit\u00e9s ont proc\u00e9d\u00e9 \u00e0 la pose de la premi\u00e8re pierre\u00a0de la reconstruction de la paillote, un geste hautement symbolique, porteur de m\u00e9moire, de reconnaissance et d\u2019avenir. L\u2019\u00e9v\u00e9nement s\u2019est d\u00e9roul\u00e9 dans une atmosph\u00e8re de solennit\u00e9 et d\u2019\u00e9motion, marquant un tournant pour la culture nationale. Deux membres du gouvernement et deux ministres [&hellip;]<\/p>\n","protected":false},"author":2,"featured_media":5788,"comment_status":"closed","ping_status":"closed","sticky":false,"template":"","format":"standard","meta":{"_jetpack_memberships_contains_paid_content":false,"footnotes":"","jetpack_publicize_message":"","jetpack_publicize_feature_enabled":true,"jetpack_social_post_already_shared":true,"jetpack_social_options":{"image_generator_settings":{"template":"highway","default_image_id":0,"font":"","enabled":false},"version":2}},"categories":[28,24],"tags":[1265,481],"class_list":{"0":"post-5787","1":"post","2":"type-post","3":"status-publish","4":"format-standard","5":"has-post-thumbnail","7":"category-culture","8":"category-news","9":"tag-paillote","10":"tag-musique"},"jetpack_publicize_connections":[],"jetpack_featured_media_url":"https:\/\/ledenonciateur224.com\/wp-content\/uploads\/2025\/10\/img-20251031-wa0006.jpg","jetpack_sharing_enabled":true,"_links":{"self":[{"href":"https:\/\/ledenonciateur224.com\/index.php\/wp-json\/wp\/v2\/posts\/5787","targetHints":{"allow":["GET"]}}],"collection":[{"href":"https:\/\/ledenonciateur224.com\/index.php\/wp-json\/wp\/v2\/posts"}],"about":[{"href":"https:\/\/ledenonciateur224.com\/index.php\/wp-json\/wp\/v2\/types\/post"}],"author":[{"embeddable":true,"href":"https:\/\/ledenonciateur224.com\/index.php\/wp-json\/wp\/v2\/users\/2"}],"replies":[{"embeddable":true,"href":"https:\/\/ledenonciateur224.com\/index.php\/wp-json\/wp\/v2\/comments?post=5787"}],"version-history":[{"count":0,"href":"https:\/\/ledenonciateur224.com\/index.php\/wp-json\/wp\/v2\/posts\/5787\/revisions"}],"wp:featuredmedia":[{"embeddable":true,"href":"https:\/\/ledenonciateur224.com\/index.php\/wp-json\/wp\/v2\/media\/5788"}],"wp:attachment":[{"href":"https:\/\/ledenonciateur224.com\/index.php\/wp-json\/wp\/v2\/media?parent=5787"}],"wp:term":[{"taxonomy":"category","embeddable":true,"href":"https:\/\/ledenonciateur224.com\/index.php\/wp-json\/wp\/v2\/categories?post=5787"},{"taxonomy":"post_tag","embeddable":true,"href":"https:\/\/ledenonciateur224.com\/index.php\/wp-json\/wp\/v2\/tags?post=5787"}],"curies":[{"name":"wp","href":"https:\/\/api.w.org\/{rel}","templated":true}]}}