{"id":5796,"date":"2025-11-01T11:48:41","date_gmt":"2025-11-01T11:48:41","guid":{"rendered":"https:\/\/ledenonciateur224.com\/?p=5796"},"modified":"2025-11-01T11:48:41","modified_gmt":"2025-11-01T11:48:41","slug":"conakry-saidou-mbaye-promet-de-poursuivre-badra-kone-pour-incitation-au-blocage-de-la-circulation","status":"publish","type":"post","link":"https:\/\/ledenonciateur224.com\/index.php\/conakry-saidou-mbaye-promet-de-poursuivre-badra-kone-pour-incitation-au-blocage-de-la-circulation\/","title":{"rendered":"Conakry : Saidou M\u2019Baye promet de poursuivre Badra Kon\u00e9 pour incitation au blocage de la circulation"},"content":{"rendered":"<p>Depuis pr\u00e8s d\u2019un mois, plusieurs citoyens guin\u00e9ens multiplient les appels \u00e0 la candidature du G\u00e9n\u00e9ral Mamadi Doumbouya aux prochaines \u00e9lections pr\u00e9sidentielles. Ce mouvement, qui prend de l\u2019ampleur dans plusieurs quartiers de Conakry, divise profond\u00e9ment l\u2019opinion nationale.<\/p>\n<p>\u00c0 Matam, le pr\u00e9sident de la d\u00e9l\u00e9gation sp\u00e9ciale,\u00a0<strong>Badra Kon\u00e9<\/strong>, s\u2019est particuli\u00e8rement illustr\u00e9 en invitant publiquement des citoyens \u00e0\u00a0<strong>bloquer l\u2019autoroute<\/strong>\u00a0afin d\u2019exprimer leur soutien au G\u00e9n\u00e9ral Mamadi. Une initiative per\u00e7ue par une partie de la population comme une\u00a0<strong>entrave \u00e0 la d\u00e9mocratie<\/strong>\u00a0et une atteinte \u00e0 la libert\u00e9 de circulation.<\/p>\n<p>Lors d\u2019une\u00a0<strong>conf\u00e9rence de presse tenue ce samedi 1er novembre<\/strong>, le candidat ind\u00e9pendant\u00a0<strong>Saidou M\u2019Baye<\/strong>\u00a0a fermement condamn\u00e9 ces propos, allant jusqu\u2019\u00e0\u00a0<strong>menacer de poursuites judiciaires<\/strong>\u00a0contre Badra Kon\u00e9.<\/p>\n<p><img loading=\"lazy\" decoding=\"async\" class=\"alignnone size-full wp-image-5798\" src=\"https:\/\/ledenonciateur224.com\/wp-content\/uploads\/2025\/11\/20251101-105038-scaled.jpg\" alt=\"\" width=\"2560\" height=\"1152\" srcset=\"https:\/\/ledenonciateur224.com\/wp-content\/uploads\/2025\/11\/20251101-105038-scaled.jpg 2560w, https:\/\/ledenonciateur224.com\/wp-content\/uploads\/2025\/11\/20251101-105038-300x135.jpg 300w, https:\/\/ledenonciateur224.com\/wp-content\/uploads\/2025\/11\/20251101-105038-1024x461.jpg 1024w, https:\/\/ledenonciateur224.com\/wp-content\/uploads\/2025\/11\/20251101-105038-768x346.jpg 768w, https:\/\/ledenonciateur224.com\/wp-content\/uploads\/2025\/11\/20251101-105038-1536x691.jpg 1536w, https:\/\/ledenonciateur224.com\/wp-content\/uploads\/2025\/11\/20251101-105038-2048x922.jpg 2048w, https:\/\/ledenonciateur224.com\/wp-content\/uploads\/2025\/11\/20251101-105038-150x68.jpg 150w, https:\/\/ledenonciateur224.com\/wp-content\/uploads\/2025\/11\/20251101-105038-696x313.jpg 696w, https:\/\/ledenonciateur224.com\/wp-content\/uploads\/2025\/11\/20251101-105038-1068x481.jpg 1068w, https:\/\/ledenonciateur224.com\/wp-content\/uploads\/2025\/11\/20251101-105038-1920x864.jpg 1920w, https:\/\/ledenonciateur224.com\/wp-content\/uploads\/2025\/11\/20251101-105038-933x420.jpg 933w\" sizes=\"auto, (max-width: 2560px) 100vw, 2560px\" \/><\/p>\n<p>\u00ab Quand je serai pr\u00e9sident de la R\u00e9publique, j\u2019engagerai une poursuite judiciaire contre le pr\u00e9sident de la d\u00e9l\u00e9gation sp\u00e9ciale de Matam, Badra Kon\u00e9. Il a pos\u00e9 des actes qu\u2019on appelle flagrant d\u00e9lit. Le jour o\u00f9 il a d\u00e9clar\u00e9 que, si le G\u00e9n\u00e9ral ne se pr\u00e9sente pas, il bloquerait la route pour emp\u00eacher les citoyens de rejoindre Kaloum, c\u2019\u00e9tait un d\u00e9lit manifeste. Avec des procureurs dignes de ce nom, il aurait d\u00fb \u00eatre interpell\u00e9 sur-le-champ \u00bb, a d\u00e9clar\u00e9 Saidou M\u2019Baye devant la presse.<\/p>\n<p>Cette d\u00e9claration intervient dans un contexte politique d\u00e9j\u00e0 tendu, o\u00f9 les appels \u00e0 la candidature du G\u00e9n\u00e9ral Mamadi Doumbouya suscitent de\u00a0<strong>vives r\u00e9actions<\/strong>\u00a0entre partisans et d\u00e9fenseurs du retour \u00e0 un\u00a0<strong>processus \u00e9lectoral apais\u00e9 et inclusif<\/strong>.<\/p>\n<p>&nbsp;<\/p>\n<p>Aboubacar Moussa Camara<\/p>\n<p>622 42 41 87<\/p>\n","protected":false},"excerpt":{"rendered":"<p>Depuis pr\u00e8s d\u2019un mois, plusieurs citoyens guin\u00e9ens multiplient les appels \u00e0 la candidature du G\u00e9n\u00e9ral Mamadi Doumbouya aux prochaines \u00e9lections pr\u00e9sidentielles. Ce mouvement, qui prend de l\u2019ampleur dans plusieurs quartiers de Conakry, divise profond\u00e9ment l\u2019opinion nationale. \u00c0 Matam, le pr\u00e9sident de la d\u00e9l\u00e9gation sp\u00e9ciale,\u00a0Badra Kon\u00e9, s\u2019est particuli\u00e8rement illustr\u00e9 en invitant publiquement des citoyens \u00e0\u00a0bloquer l\u2019autoroute\u00a0afin [&hellip;]<\/p>\n","protected":false},"author":2,"featured_media":5797,"comment_status":"closed","ping_status":"closed","sticky":false,"template":"","format":"standard","meta":{"_jetpack_memberships_contains_paid_content":false,"footnotes":"","jetpack_publicize_message":"","jetpack_publicize_feature_enabled":true,"jetpack_social_post_already_shared":true,"jetpack_social_options":{"image_generator_settings":{"template":"highway","default_image_id":0,"font":"","enabled":false},"version":2}},"categories":[24,27],"tags":[1266,1235],"class_list":{"0":"post-5796","1":"post","2":"type-post","3":"status-publish","4":"format-standard","5":"has-post-thumbnail","7":"category-news","8":"category-politique","9":"tag-badra-kone","10":"tag-candidats-independants"},"jetpack_publicize_connections":[],"jetpack_featured_media_url":"https:\/\/ledenonciateur224.com\/wp-content\/uploads\/2025\/11\/badra.jpg","jetpack_sharing_enabled":true,"_links":{"self":[{"href":"https:\/\/ledenonciateur224.com\/index.php\/wp-json\/wp\/v2\/posts\/5796","targetHints":{"allow":["GET"]}}],"collection":[{"href":"https:\/\/ledenonciateur224.com\/index.php\/wp-json\/wp\/v2\/posts"}],"about":[{"href":"https:\/\/ledenonciateur224.com\/index.php\/wp-json\/wp\/v2\/types\/post"}],"author":[{"embeddable":true,"href":"https:\/\/ledenonciateur224.com\/index.php\/wp-json\/wp\/v2\/users\/2"}],"replies":[{"embeddable":true,"href":"https:\/\/ledenonciateur224.com\/index.php\/wp-json\/wp\/v2\/comments?post=5796"}],"version-history":[{"count":0,"href":"https:\/\/ledenonciateur224.com\/index.php\/wp-json\/wp\/v2\/posts\/5796\/revisions"}],"wp:featuredmedia":[{"embeddable":true,"href":"https:\/\/ledenonciateur224.com\/index.php\/wp-json\/wp\/v2\/media\/5797"}],"wp:attachment":[{"href":"https:\/\/ledenonciateur224.com\/index.php\/wp-json\/wp\/v2\/media?parent=5796"}],"wp:term":[{"taxonomy":"category","embeddable":true,"href":"https:\/\/ledenonciateur224.com\/index.php\/wp-json\/wp\/v2\/categories?post=5796"},{"taxonomy":"post_tag","embeddable":true,"href":"https:\/\/ledenonciateur224.com\/index.php\/wp-json\/wp\/v2\/tags?post=5796"}],"curies":[{"name":"wp","href":"https:\/\/api.w.org\/{rel}","templated":true}]}}